{"id":28930,"date":"2026-01-21T19:12:46","date_gmt":"2026-01-22T00:12:46","guid":{"rendered":"https:\/\/www.elamazonico.com\/portal\/?p=28930"},"modified":"2026-01-21T19:12:46","modified_gmt":"2026-01-22T00:12:46","slug":"colombia-responde-al-arancel-de-30-de-ecuador-cerrando-mecanismo-para-facilitar-venta-de-energia","status":"publish","type":"post","link":"https:\/\/www.elamazonico.com\/portal\/colombia-responde-al-arancel-de-30-de-ecuador-cerrando-mecanismo-para-facilitar-venta-de-energia\/","title":{"rendered":"Colombia responde al arancel de 30% de Ecuador cerrando mecanismo para facilitar venta de energ\u00eda"},"content":{"rendered":"<div class=\"paragraph texto\">\n<p class=\"p_0\"><b>El ministro de Minas y Energ\u00eda de Colombia, Edwin Palma, tach\u00f3 este mi\u00e9rcoles de \u00abagresi\u00f3n econ\u00f3mica\u00bb la \u00abtasa de seguridad\u00bb del 30% que impuso el presidente de Ecuador,\u00a0<a href=\"https:\/\/www.vistazo.com\/cronologia\/-\/meta\/daniel-noboa\">Daniel Noboa<\/a>, a las importaciones provenientes de Colombia.<\/b><\/p>\n<\/div>\n<div class=\"Citavistazo\">\u00abRechazamos la medida arancelaria impuesta por Ecuador, una agresi\u00f3n econ\u00f3mica que rompe el principio de integraci\u00f3n regional\u00bb, expres\u00f3 Palma en la red social X.<\/div>\n<div class=\"paragraph texto\">\n<p class=\"p_1\">Noboa explic\u00f3 que tom\u00f3 esa decisi\u00f3n por\u00a0<b>\u00abla falta de reciprocidad y acciones firmes\u00bb<\/b> por parte de Colombia en la lucha contra el narcotr\u00e1fico.<\/p>\n<p class=\"p_3\">En su comunicado, Noboa asegur\u00f3 que su Gobierno ha hecho\u00a0<b>\u00abesfuerzos reales de cooperaci\u00f3n con Colombia\u00bb<\/b>, pese a un d\u00e9ficit comercial que supera los 1.000 millones de d\u00f3lares anuales.<\/p>\n<div class=\"Center2Display\"><\/div>\n<\/div>\n<div class=\"Citavistazo\">\u00abMientras hemos insistido en el di\u00e1logo, nuestros militares siguen enfrentando a grupos criminales atados al narcotr\u00e1fico en la frontera sin cooperaci\u00f3n alguna\u00bb, se\u00f1al\u00f3 en su cuenta de la red social X.<\/div>\n<div class=\"paragraph texto\">\n<p class=\"p_4\">El presidente indic\u00f3 que la medida se mantendr\u00e1<b>\u00a0\u00abhasta que exista un compromiso real\u00bb por parte de Colombia<\/b>\u00a0\u00abpara enfrentar juntos el narcotr\u00e1fico y la miner\u00eda ilegal en la frontera, con la misma seriedad y decisi\u00f3n que hoy el Ecuador asume\u00bb.<\/p>\n<\/div>\n<h2 class=\"h2vistazo\">Crisis energ\u00e9tica de Ecuador<\/h2>\n<div class=\"paragraph texto\">\n<p class=\"p_5\">El ministro colombiano de Minas record\u00f3 este mi\u00e9rcoles que su pa\u00eds\u00a0<b>mantuvo \u00abla venta de energ\u00eda a Ecuador cuando su sistema m\u00e1s lo necesit\u00f3<\/b>, exportando incluso en muchas ocasiones m\u00e1s de 450 MW de manera sostenida (90% de capacidad que posee la infraestructura de exportaci\u00f3n)\u00bb.<\/p>\n<p class=\"p_6\">\u00abAdicionalmente, y\u00a0<b>previendo que los embalses de Mazar y Coca Codo de Ecuador pudieran estar con niveles bajos<\/b>, publicamos recientemente una resoluci\u00f3n para habilitar que las iniciativas privadas pudieran participar de las ventas de energ\u00eda entre pa\u00edses, ampliando la cooperaci\u00f3n energ\u00e9tica binacional ante posibles d\u00e9ficits.\u00a0<b>He ordenado desmontarla<\/b>\u00ab, advirti\u00f3 Palma.<\/p>\n<\/div>\n<h2 class=\"h2vistazo\">Droga decomisada en Ecuador<\/h2>\n<div class=\"paragraph texto\">\n<p class=\"p_7\">Las<b>\u00a0fuerzas de seguridad ecuatorianas\u00a0<\/b>decomisan con frecuencia cargamentos de droga provenientes de Colombia o en zonas fronterizas con ese pa\u00eds.<\/p>\n<p class=\"p_8\">Una de las<b>\u00a0\u00faltimas incautaciones\u00a0<\/b>se produjo el pasado 6 de enero, cuando el Ej\u00e9rcito encontr\u00f3 2,2 toneladas en la provincia amaz\u00f3nica de Sucumb\u00edos, que limita con los departamentos de\u00a0<b>Nari\u00f1o<\/b>\u00a0y\u00a0<b>Putumayo<\/b>.<\/p>\n<p class=\"p_9\">Los soldados sospechan que la droga pertenec\u00eda a los Comandos de la Frontera, grupo disidente de la extinta guerrilla de las\u00a0<b>Fuerzas Armadas Revolucionarias de Colombia (FARC).<\/b><\/p>\n<p class=\"p_10\">A este grupo armado el Gobierno ecuatoriano tambi\u00e9n atribuye el\u00a0<b>asesinato de once militares<\/b>\u00a0el 9 de mayo pasado en una emboscada mientras realizaban un operativo contra la miner\u00eda ilegal en la Amazon\u00eda ecuatoriana.<\/p>\n<p class=\"p_12\">Tras ese ataque,\u00a0<b>Noboa los catalog\u00f3 como \u00abgrupos armados organizados\u00bb\u00a0<\/b>junto al Frente Oliver Sinisterra, a las Disidencias Comuneros del Sur, y los incorpor\u00f3 como enemigos dentro del\u00a0<b>\u00abconflicto armado interno\u00bb\u00a0<\/b>que desde enero de 2024 declar\u00f3 en Ecuador a causa del auge de las bandas criminales en el pa\u00eds.<\/p>\n<p class=\"p_13\">Adem\u00e1s, el pasado 24 de diciembre el Gobierno ecuatoriano anunci\u00f3 que<b>\u00a0mantendr\u00eda abierto solo un paso fronterizo con Colombia y tambi\u00e9n con Per\u00fa<\/b>, debido a \u00abcriterios de seguridad nacional orientados a combatir al crimen organizado\u00bb.<\/p>\n<p class=\"p_14\">Rodeado por estos pa\u00edses, que son los dos mayores productores mundiales de coca\u00edna, y con varios puertos en sus costas y una econom\u00eda dolarizada,\u00a0<b>Ecuador se ha convertido en los \u00faltimos a\u00f1os en un paso importante para el tr\u00e1fico de esa droga\u00a0<\/b>que se dirige mayormente a Europa y Norteam\u00e9rica.<\/p>\n<p class=\"p_15\">En 2025,\u00a0<b>Ecuador decomis\u00f3 214,53 toneladas de droga<\/b>, 80 menos de las que se reportaron en 2024, cuando se contabiliz\u00f3 una cifra r\u00e9cord de 294,61 toneladas, de acuerdo a datos oficiales. <strong>Fuente: Vistazo<\/strong><\/p>\n<\/div>\n","protected":false},"excerpt":{"rendered":"<p>El ministro de Minas y Energ\u00eda de Colombia, Edwin Palma, tach\u00f3 este mi\u00e9rcoles de \u00abagresi\u00f3n econ\u00f3mica\u00bb la \u00abtasa de seguridad\u00bb del 30% que impuso el presidente de Ecuador,\u00a0Daniel Noboa, a las importaciones provenientes de Colombia. \u00abRechazamos la medida arancelaria impuesta por Ecuador, una agresi\u00f3n econ\u00f3mica que rompe el principio de integraci\u00f3n regional\u00bb, expres\u00f3 Palma en la red social X. Noboa explic\u00f3 que tom\u00f3 esa decisi\u00f3n por\u00a0\u00abla falta de reciprocidad y acciones firmes\u00bb por parte de Colombia en la lucha contra el narcotr\u00e1fico. En su comunicado, Noboa asegur\u00f3 que su Gobierno ha hecho\u00a0\u00abesfuerzos reales de cooperaci\u00f3n con Colombia\u00bb, pese a un d\u00e9ficit comercial que supera los 1.000 millones de d\u00f3lares anuales. \u00abMientras hemos insistido en el di\u00e1logo, nuestros militares siguen enfrentando a grupos criminales atados al narcotr\u00e1fico en la frontera sin cooperaci\u00f3n alguna\u00bb, se\u00f1al\u00f3 en su cuenta de la red social X. El presidente indic\u00f3 que la medida se mantendr\u00e1\u00a0\u00abhasta que exista un compromiso real\u00bb por parte de Colombia\u00a0\u00abpara enfrentar juntos el narcotr\u00e1fico y la miner\u00eda ilegal en la frontera, con la misma seriedad y decisi\u00f3n que hoy el Ecuador asume\u00bb. Crisis energ\u00e9tica de Ecuador El ministro colombiano de Minas record\u00f3 este mi\u00e9rcoles que su pa\u00eds\u00a0mantuvo \u00abla venta de energ\u00eda a Ecuador cuando su sistema m\u00e1s lo necesit\u00f3, exportando incluso en muchas ocasiones m\u00e1s de 450 MW de manera sostenida (90% de capacidad que posee la infraestructura de exportaci\u00f3n)\u00bb. \u00abAdicionalmente, y\u00a0previendo que los embalses de Mazar y Coca Codo de Ecuador pudieran estar con niveles bajos, publicamos recientemente una resoluci\u00f3n para habilitar que las iniciativas privadas pudieran participar de las ventas de energ\u00eda entre pa\u00edses, ampliando la cooperaci\u00f3n energ\u00e9tica binacional ante posibles d\u00e9ficits.\u00a0He ordenado desmontarla\u00ab, advirti\u00f3 Palma. Droga decomisada en Ecuador Las\u00a0fuerzas de seguridad ecuatorianas\u00a0decomisan con frecuencia cargamentos de droga provenientes de Colombia o en zonas fronterizas con ese pa\u00eds. Una de las\u00a0\u00faltimas incautaciones\u00a0se produjo el pasado 6 de enero, cuando el Ej\u00e9rcito encontr\u00f3 2,2 toneladas en la provincia amaz\u00f3nica de Sucumb\u00edos, que limita con los departamentos de\u00a0Nari\u00f1o\u00a0y\u00a0Putumayo. Los soldados sospechan que la droga pertenec\u00eda a los Comandos de la Frontera, grupo disidente de la extinta guerrilla de las\u00a0Fuerzas Armadas Revolucionarias de Colombia (FARC). A este grupo armado el Gobierno ecuatoriano tambi\u00e9n atribuye el\u00a0asesinato de once militares\u00a0el 9 de mayo pasado en una emboscada mientras realizaban un operativo contra la miner\u00eda ilegal en la Amazon\u00eda ecuatoriana. Tras ese ataque,\u00a0Noboa los catalog\u00f3 como \u00abgrupos armados organizados\u00bb\u00a0junto al Frente Oliver Sinisterra, a las Disidencias Comuneros del Sur, y los incorpor\u00f3 como enemigos dentro del\u00a0\u00abconflicto armado interno\u00bb\u00a0que desde enero de 2024 declar\u00f3 en Ecuador a causa del auge de las bandas criminales en el pa\u00eds. Adem\u00e1s, el pasado 24 de diciembre el Gobierno ecuatoriano anunci\u00f3 que\u00a0mantendr\u00eda abierto solo un paso fronterizo con Colombia y tambi\u00e9n con Per\u00fa, debido a \u00abcriterios de seguridad nacional orientados a combatir al crimen organizado\u00bb. Rodeado por estos pa\u00edses, que son los dos mayores productores mundiales de coca\u00edna, y con varios puertos en sus costas y una econom\u00eda dolarizada,\u00a0Ecuador se ha convertido en los \u00faltimos a\u00f1os en un paso importante para el tr\u00e1fico de esa droga\u00a0que se dirige mayormente a Europa y Norteam\u00e9rica. En 2025,\u00a0Ecuador decomis\u00f3 214,53 toneladas de droga, 80 menos de las que se reportaron en 2024, cuando se contabiliz\u00f3 una cifra r\u00e9cord de 294,61 toneladas, de acuerdo a datos oficiales. Fuente: Vistazo<\/p>\n","protected":false},"author":1,"featured_media":28931,"comment_status":"closed","ping_status":"closed","sticky":false,"template":"","format":"standard","meta":{"footnotes":""},"categories":[268],"tags":[],"class_list":["post-28930","post","type-post","status-publish","format-standard","has-post-thumbnail","hentry","category-nacionales"],"_links":{"self":[{"href":"https:\/\/www.elamazonico.com\/portal\/wp-json\/wp\/v2\/posts\/28930","targetHints":{"allow":["GET"]}}],"collection":[{"href":"https:\/\/www.elamazonico.com\/portal\/wp-json\/wp\/v2\/posts"}],"about":[{"href":"https:\/\/www.elamazonico.com\/portal\/wp-json\/wp\/v2\/types\/post"}],"author":[{"embeddable":true,"href":"https:\/\/www.elamazonico.com\/portal\/wp-json\/wp\/v2\/users\/1"}],"replies":[{"embeddable":true,"href":"https:\/\/www.elamazonico.com\/portal\/wp-json\/wp\/v2\/comments?post=28930"}],"version-history":[{"count":1,"href":"https:\/\/www.elamazonico.com\/portal\/wp-json\/wp\/v2\/posts\/28930\/revisions"}],"predecessor-version":[{"id":28932,"href":"https:\/\/www.elamazonico.com\/portal\/wp-json\/wp\/v2\/posts\/28930\/revisions\/28932"}],"wp:featuredmedia":[{"embeddable":true,"href":"https:\/\/www.elamazonico.com\/portal\/wp-json\/wp\/v2\/media\/28931"}],"wp:attachment":[{"href":"https:\/\/www.elamazonico.com\/portal\/wp-json\/wp\/v2\/media?parent=28930"}],"wp:term":[{"taxonomy":"category","embeddable":true,"href":"https:\/\/www.elamazonico.com\/portal\/wp-json\/wp\/v2\/categories?post=28930"},{"taxonomy":"post_tag","embeddable":true,"href":"https:\/\/www.elamazonico.com\/portal\/wp-json\/wp\/v2\/tags?post=28930"}],"curies":[{"name":"wp","href":"https:\/\/api.w.org\/{rel}","templated":true}]}}