{"id":28921,"date":"2026-01-22T04:10:18","date_gmt":"2026-01-22T09:10:18","guid":{"rendered":"https:\/\/www.elamazonico.com\/portal\/?p=28921"},"modified":"2026-01-21T16:34:48","modified_gmt":"2026-01-21T21:34:48","slug":"vicealcaldesa-de-zamora-cuestiona-falta-de-mantenimiento-vial-y-abandono-de-espacios-publicos-en-el-casco-urbano","status":"publish","type":"post","link":"https:\/\/www.elamazonico.com\/portal\/vicealcaldesa-de-zamora-cuestiona-falta-de-mantenimiento-vial-y-abandono-de-espacios-publicos-en-el-casco-urbano\/","title":{"rendered":"Vicealcaldesa de Zamora cuestiona falta de mantenimiento vial y abandono de espacios p\u00fablicos en el casco urbano"},"content":{"rendered":"<p>La vicealcaldesa del cant\u00f3n Zamora, Blanca Carri\u00f3n, en entrevista concedida a Diario El Amaz\u00f3nico, expuso una serie de observaciones t\u00e9cnicas y administrativas respecto al estado de la vialidad urbana, el deterioro de los espacios p\u00fablicos y la falta de respuestas del Ejecutivo municipal ante reiterados pedidos de fiscalizaci\u00f3n realizados desde el Concejo Cantonal.<\/p>\n<p>Durante su intervenci\u00f3n, la autoridad reconoci\u00f3 que existe una creciente preocupaci\u00f3n ciudadana, reflejada especialmente en redes sociales, sobre la presencia de baches en las calles del casco urbano, as\u00ed como el evidente abandono de centros recreacionales y espacios p\u00fablicos que no han recibido el mantenimiento correspondiente. En este contexto, Carri\u00f3n precis\u00f3 que, en su calidad de vicealcaldesa, concejala y fiscalizadora del gobierno municipal, ha realizado m\u00faltiples solicitudes formales de informaci\u00f3n y requerimientos de mantenimiento dirigidos tanto al Ejecutivo municipal como a la Direcci\u00f3n de Obras P\u00fablicas.<\/p>\n<p>Seg\u00fan detall\u00f3, estos pedidos se han presentado de manera continua desde diciembre de 2023, reiter\u00e1ndose en diciembre de 2024 y diciembre de 2025, sin que hasta la fecha se haya obtenido una respuesta concreta o acciones sostenidas que permitan la recuperaci\u00f3n integral de la infraestructura p\u00fablica. La vicealcaldesa enfatiz\u00f3 que esta situaci\u00f3n representa una p\u00e9rdida significativa de recursos econ\u00f3micos y patrimoniales, al tratarse de espacios que fueron construidos con inversi\u00f3n p\u00fablica y que actualmente se encuentran en estado de abandono.<\/p>\n<p>Entre los casos espec\u00edficos, Carri\u00f3n mencion\u00f3 el centro recreacional de Santa Elena, el cual recibi\u00f3 mantenimiento en ocasiones puntuales; sin embargo, aclar\u00f3 que dichas intervenciones no han sido continuas ni sistem\u00e1ticas. De igual manera, se refiri\u00f3 al centro recreacional de Santa Elena, donde se efectuaron trabajos de mantenimiento en febrero, posteriormente en julio, y nuevamente de forma reciente debido a la proximidad de las festividades de Carnaval. En este sentido, cuestion\u00f3 que las acciones municipales se activen \u00fanicamente en fechas festivas, dejando luego estos espacios en el olvido.<\/p>\n<p>Otro de los puntos cr\u00edticos abordados fue el estado del centro recreacional Los Toboganes. La vicealcaldesa record\u00f3 que, durante la aprobaci\u00f3n del presupuesto municipal 2024, se asign\u00f3 un rubro aproximado de 40.000 d\u00f3lares para el mantenimiento de este espacio, reduciendo incluso partidas destinadas a eventos festivos. No obstante, indic\u00f3 que dicho presupuesto no fue ejecutado. Para el a\u00f1o 2026, la Comisi\u00f3n de Planificaci\u00f3n y Presupuesto volvi\u00f3 a incluir esta partida, lo que significar\u00eda un monto acumulado cercano a 80.000 d\u00f3lares destinados al arreglo y mantenimiento del lugar. Pese a ello, Carri\u00f3n expres\u00f3 su preocupaci\u00f3n respecto a que estas asignaciones queden \u00fanicamente en documentos, sin respaldo efectivo en recursos disponibles para su ejecuci\u00f3n.<\/p>\n<p>En relaci\u00f3n con los pedidos ciudadanos, la vicealcaldesa se\u00f1al\u00f3 que diversos barrios y comunidades del cant\u00f3n han solicitado mantenimiento vial, considerando que el municipio dispone actualmente de maquinaria suficiente para atender estas necesidades. Entre los sectores mencionados constan El Mirador, Ciudadela El Chofer, La Chacra, La Colina, P\u00edo Jaramillo, Santa Elena, Condominios Aves y Cascadas, as\u00ed como barrios de la parroquia Timbara, como Santa Rosa, y zonas que tambi\u00e9n requieren intervenci\u00f3n urgente.<\/p>\n<p>No obstante, Carri\u00f3n recalc\u00f3 que estas acciones deben ejecutarse bajo una planificaci\u00f3n t\u00e9cnica y cronograma definido, que permita a las autoridades informar oportunamente a la ciudadan\u00eda sobre las fechas y sectores en los que se realizar\u00e1n los trabajos, garantizando transparencia y eficiencia en la gesti\u00f3n p\u00fablica.<\/p>\n<p>Finalmente, la vicealcaldesa se refiri\u00f3 al reciente mantenimiento del puente de Las Ballenas, se\u00f1alando que, pese a los anuncios institucionales sobre su intervenci\u00f3n y entrega prevista para el 19 de enero, los trabajos realizados no cumplen con los est\u00e1ndares t\u00e9cnicos necesarios, ya que no se habr\u00eda intervenido adecuadamente la estructura met\u00e1lica desde sus bases. Asimismo, cuestion\u00f3 el tratamiento dado a las calles frente a la Gobernaci\u00f3n, donde se sustituy\u00f3 el material original por cemento, afectando el ornato urbano.<\/p>\n<p>En este contexto, Blanca Carri\u00f3n hizo un llamado al Ejecutivo municipal y a la Direcci\u00f3n de Obras P\u00fablicas para que se priorice el cuidado del ornato, la planificaci\u00f3n responsable y el mantenimiento integral de la ciudad, se\u00f1alando que embellecer Zamora no debe ser una acci\u00f3n reactiva ante denuncias, sino una pol\u00edtica permanente basada en el compromiso, el respeto al espacio p\u00fablico y el amor por la ciudad.<\/p>\n","protected":false},"excerpt":{"rendered":"<p>La vicealcaldesa del cant\u00f3n Zamora, Blanca Carri\u00f3n, en entrevista concedida a Diario El Amaz\u00f3nico, expuso una serie de observaciones t\u00e9cnicas y administrativas respecto al estado de la vialidad urbana, el deterioro de los espacios p\u00fablicos y la falta de respuestas del Ejecutivo municipal ante reiterados pedidos de fiscalizaci\u00f3n realizados desde el Concejo Cantonal. Durante su intervenci\u00f3n, la autoridad reconoci\u00f3 que existe una creciente preocupaci\u00f3n ciudadana, reflejada especialmente en redes sociales, sobre la presencia de baches en las calles del casco urbano, as\u00ed como el evidente abandono de centros recreacionales y espacios p\u00fablicos que no han recibido el mantenimiento correspondiente. En este contexto, Carri\u00f3n precis\u00f3 que, en su calidad de vicealcaldesa, concejala y fiscalizadora del gobierno municipal, ha realizado m\u00faltiples solicitudes formales de informaci\u00f3n y requerimientos de mantenimiento dirigidos tanto al Ejecutivo municipal como a la Direcci\u00f3n de Obras P\u00fablicas. Seg\u00fan detall\u00f3, estos pedidos se han presentado de manera continua desde diciembre de 2023, reiter\u00e1ndose en diciembre de 2024 y diciembre de 2025, sin que hasta la fecha se haya obtenido una respuesta concreta o acciones sostenidas que permitan la recuperaci\u00f3n integral de la infraestructura p\u00fablica. La vicealcaldesa enfatiz\u00f3 que esta situaci\u00f3n representa una p\u00e9rdida significativa de recursos econ\u00f3micos y patrimoniales, al tratarse de espacios que fueron construidos con inversi\u00f3n p\u00fablica y que actualmente se encuentran en estado de abandono. Entre los casos espec\u00edficos, Carri\u00f3n mencion\u00f3 el centro recreacional de Santa Elena, el cual recibi\u00f3 mantenimiento en ocasiones puntuales; sin embargo, aclar\u00f3 que dichas intervenciones no han sido continuas ni sistem\u00e1ticas. De igual manera, se refiri\u00f3 al centro recreacional de Santa Elena, donde se efectuaron trabajos de mantenimiento en febrero, posteriormente en julio, y nuevamente de forma reciente debido a la proximidad de las festividades de Carnaval. En este sentido, cuestion\u00f3 que las acciones municipales se activen \u00fanicamente en fechas festivas, dejando luego estos espacios en el olvido. Otro de los puntos cr\u00edticos abordados fue el estado del centro recreacional Los Toboganes. La vicealcaldesa record\u00f3 que, durante la aprobaci\u00f3n del presupuesto municipal 2024, se asign\u00f3 un rubro aproximado de 40.000 d\u00f3lares para el mantenimiento de este espacio, reduciendo incluso partidas destinadas a eventos festivos. No obstante, indic\u00f3 que dicho presupuesto no fue ejecutado. Para el a\u00f1o 2026, la Comisi\u00f3n de Planificaci\u00f3n y Presupuesto volvi\u00f3 a incluir esta partida, lo que significar\u00eda un monto acumulado cercano a 80.000 d\u00f3lares destinados al arreglo y mantenimiento del lugar. Pese a ello, Carri\u00f3n expres\u00f3 su preocupaci\u00f3n respecto a que estas asignaciones queden \u00fanicamente en documentos, sin respaldo efectivo en recursos disponibles para su ejecuci\u00f3n. En relaci\u00f3n con los pedidos ciudadanos, la vicealcaldesa se\u00f1al\u00f3 que diversos barrios y comunidades del cant\u00f3n han solicitado mantenimiento vial, considerando que el municipio dispone actualmente de maquinaria suficiente para atender estas necesidades. Entre los sectores mencionados constan El Mirador, Ciudadela El Chofer, La Chacra, La Colina, P\u00edo Jaramillo, Santa Elena, Condominios Aves y Cascadas, as\u00ed como barrios de la parroquia Timbara, como Santa Rosa, y zonas que tambi\u00e9n requieren intervenci\u00f3n urgente. No obstante, Carri\u00f3n recalc\u00f3 que estas acciones deben ejecutarse bajo una planificaci\u00f3n t\u00e9cnica y cronograma definido, que permita a las autoridades informar oportunamente a la ciudadan\u00eda sobre las fechas y sectores en los que se realizar\u00e1n los trabajos, garantizando transparencia y eficiencia en la gesti\u00f3n p\u00fablica. Finalmente, la vicealcaldesa se refiri\u00f3 al reciente mantenimiento del puente de Las Ballenas, se\u00f1alando que, pese a los anuncios institucionales sobre su intervenci\u00f3n y entrega prevista para el 19 de enero, los trabajos realizados no cumplen con los est\u00e1ndares t\u00e9cnicos necesarios, ya que no se habr\u00eda intervenido adecuadamente la estructura met\u00e1lica desde sus bases. Asimismo, cuestion\u00f3 el tratamiento dado a las calles frente a la Gobernaci\u00f3n, donde se sustituy\u00f3 el material original por cemento, afectando el ornato urbano. En este contexto, Blanca Carri\u00f3n hizo un llamado al Ejecutivo municipal y a la Direcci\u00f3n de Obras P\u00fablicas para que se priorice el cuidado del ornato, la planificaci\u00f3n responsable y el mantenimiento integral de la ciudad, se\u00f1alando que embellecer Zamora no debe ser una acci\u00f3n reactiva ante denuncias, sino una pol\u00edtica permanente basada en el compromiso, el respeto al espacio p\u00fablico y el amor por la ciudad.<\/p>\n","protected":false},"author":1,"featured_media":28922,"comment_status":"closed","ping_status":"closed","sticky":false,"template":"","format":"standard","meta":{"footnotes":""},"categories":[243],"tags":[],"class_list":["post-28921","post","type-post","status-publish","format-standard","has-post-thumbnail","hentry","category-noticias-zamora"],"_links":{"self":[{"href":"https:\/\/www.elamazonico.com\/portal\/wp-json\/wp\/v2\/posts\/28921","targetHints":{"allow":["GET"]}}],"collection":[{"href":"https:\/\/www.elamazonico.com\/portal\/wp-json\/wp\/v2\/posts"}],"about":[{"href":"https:\/\/www.elamazonico.com\/portal\/wp-json\/wp\/v2\/types\/post"}],"author":[{"embeddable":true,"href":"https:\/\/www.elamazonico.com\/portal\/wp-json\/wp\/v2\/users\/1"}],"replies":[{"embeddable":true,"href":"https:\/\/www.elamazonico.com\/portal\/wp-json\/wp\/v2\/comments?post=28921"}],"version-history":[{"count":1,"href":"https:\/\/www.elamazonico.com\/portal\/wp-json\/wp\/v2\/posts\/28921\/revisions"}],"predecessor-version":[{"id":28923,"href":"https:\/\/www.elamazonico.com\/portal\/wp-json\/wp\/v2\/posts\/28921\/revisions\/28923"}],"wp:featuredmedia":[{"embeddable":true,"href":"https:\/\/www.elamazonico.com\/portal\/wp-json\/wp\/v2\/media\/28922"}],"wp:attachment":[{"href":"https:\/\/www.elamazonico.com\/portal\/wp-json\/wp\/v2\/media?parent=28921"}],"wp:term":[{"taxonomy":"category","embeddable":true,"href":"https:\/\/www.elamazonico.com\/portal\/wp-json\/wp\/v2\/categories?post=28921"},{"taxonomy":"post_tag","embeddable":true,"href":"https:\/\/www.elamazonico.com\/portal\/wp-json\/wp\/v2\/tags?post=28921"}],"curies":[{"name":"wp","href":"https:\/\/api.w.org\/{rel}","templated":true}]}}