{"id":28913,"date":"2026-01-21T12:28:36","date_gmt":"2026-01-21T17:28:36","guid":{"rendered":"https:\/\/www.elamazonico.com\/portal\/?p=28913"},"modified":"2026-01-21T12:28:36","modified_gmt":"2026-01-21T17:28:36","slug":"me-siento-preparado-para-concursar-y-ser-el-fiscal-general-titular-asegura-leonardo-alarcon","status":"publish","type":"post","link":"https:\/\/www.elamazonico.com\/portal\/me-siento-preparado-para-concursar-y-ser-el-fiscal-general-titular-asegura-leonardo-alarcon\/","title":{"rendered":"\u00abMe siento preparado para concursar y ser el Fiscal General titular\u00bb, asegura Leonardo Alarc\u00f3n"},"content":{"rendered":"<p>En medio de una tormenta pol\u00edtica y legal alrededor de la Funci\u00f3n Judicial, Leonardo Alarc\u00f3n ocupa uno de los despachos clave del pa\u00eds: la Fiscal\u00eda General del Estado.<\/p>\n<p>Lleg\u00f3 como encargado tras una consulta jur\u00eddica, pero no oculta su deseo de quedarse. Mientras investiga casos que tocan las fibras del Gobierno de Daniel Noboa -como el caso Progen y las denuncias en la Judicatura- y enfrenta un d\u00e9ficit presupuestario para 2026.<\/p>\n<p>En entrevista con PRIMICIAS, el funcionario confirm\u00f3 de forma t\u00e1cita su intenci\u00f3n de participar en el concurso para ser el titular del Ministerio P\u00fablico hasta 2032 y defiende la imparcialidad de sus investigaciones frente a las acusaciones de persecuci\u00f3n pol\u00edtica.<\/p>\n<p>El nombramiento en la Fiscal\u00eda<br \/>\nUsted fue nombrado fiscal General encargado por un cuestionado Consejo de la Judicatura. \u00bfC\u00f3mo lleg\u00f3 a ese cargo? \u00bfLe correspond\u00eda por experiencia o puntaje?<br \/>\nHe sido funcionario de carrera aproximadamente 18 a\u00f1os en la Fiscal\u00eda General del Estado. El Fiscal General que me antecedi\u00f3 (Wilson Toainga) realiz\u00f3 una consulta a la Procuradur\u00eda para establecer un mecanismo de reemplazo cuando el titular no se encuentre en funciones, ya sea por enfermedad, viaje o vacaciones.<\/p>\n<p>La Procuradur\u00eda emiti\u00f3 un informe al Consejo de la Judicatura indicando la manera de elegir al encargado. En ese contexto, el cuerpo colegiado se activ\u00f3 con tres perfiles: el m\u00edo, como coordinador de la Unidad Nacional de Transparencia y Lucha contra la Corrupci\u00f3n -cargo que ejerc\u00ed por seis a\u00f1os- y el de otros dos compa\u00f1eros con perfiles similares.<\/p>\n<p>La designaci\u00f3n se realiz\u00f3 con el voto de todos los vocales del Consejo de la Judicatura en funciones. Por lo tanto, mi designaci\u00f3n es absolutamente leg\u00edtima, avalada por la Procuradur\u00eda y la Judicatura.<\/p>\n<p><strong>Las cr\u00edticas a su nombramiento se\u00f1alan una supuesta cercan\u00eda con el presidente Daniel Noboa, pues usted manej\u00f3 los casos Nene, Triple <\/strong><\/p>\n<p><strong>A y Petroecuador. \u00bfFue una coincidencia que esos casos llegaran a su despacho?\u00a0\u00a0<\/strong><br \/>\nCuando ingresa un expediente existen sorteos y asignaciones reguladas por reglamentos internos. En esa fecha, \u00e9ramos cinco fiscales en la Unidad de Transparencia. Los expedientes se nos asignan por sorteo o resoluci\u00f3n interna.<\/p>\n<p>Es decir, el expediente no me llega porque yo lo pida. Absolutamente no. El proceso es transparente y, efectivamente, llegaron a mi conocimiento esos tres casos. Aunque usted dice que \u00abson del se\u00f1or Presidente\u00bb, yo no lo veo de esa manera; yo investigo delitos, no persigo personas.<\/p>\n<p><strong>Sin embargo, se habla de persecuci\u00f3n pol\u00edtica. En el caso Triple A, por ejemplo, se investiga al alcalde Aquiles \u00c1lvarez, cr\u00edtico de la gesti\u00f3n del Ejecutivo.<\/strong><br \/>\nEn el caso Triple A no existe ninguna persecuci\u00f3n. Se inici\u00f3 una investigaci\u00f3n previa, se pas\u00f3 a instrucci\u00f3n fiscal y luego a la etapa intermedia, que es crucial: la audiencia evaluatoria y preparatoria de juicio. All\u00ed se analizan vicios de nulidad que puedan afectar el debido proceso.<\/p>\n<p>Es importante aclarar a la ciudadan\u00eda, para que no se mediatice la idea de una persecuci\u00f3n, que solo una de las defensas aleg\u00f3 vicios. \u00bfQu\u00e9 significa esto? Que la Fiscal\u00eda actu\u00f3 con absoluta objetividad y garantiz\u00f3 el derecho a la defensa. Una vez superado ese filtro, el caso est\u00e1 a la espera de d\u00eda y hora para la etapa de juicio ante un Tribunal Penal. Con todo el acervo probatorio que presentaremos, sostenemos que es un caso completamente s\u00f3lido.<\/p>\n<p><strong>Los casos a su cargo\u00a0\u00a0<\/strong><br \/>\nVolviendo a la Judicatura, hay una crisis por supuestas presiones a un juez en un caso de lavado de activos. \u00bfLa Fiscal\u00eda abri\u00f3 una investigaci\u00f3n previa? \u00bfApunta a autoridades con fuero nacional como Mario Godoy?<br \/>\nHay dos investigaciones abiertas. Una se encuentra en la Unidad de Transparencia desde diciembre de 2025. Existe otra denuncia que involucra, como es p\u00fablico, al doctor Mario Godoy, al Consejo de Participaci\u00f3n Ciudadana y a otras personas.<\/p>\n<p>Esa investigaci\u00f3n la conozco yo directamente porque gozan de fuero de Corte Nacional. No puedo dar m\u00e1s detalles porque el caso es reservado, seg\u00fan el art\u00edculo 584 del C\u00f3digo Org\u00e1nico Integral Penal (COIP).<\/p>\n<p><strong>\u00bfQu\u00e9 ocurre con el caso Progen? \u00bfInvolucra a funcionarios con rango de ministros y est\u00e1 a su cargo?\u00a0\u00a0<\/strong><br \/>\nEl caso Progen tambi\u00e9n tiene fuero de Corte Nacional\u00a0 (involucra a funcionarios con rango de ministros del Gobierno de Daniel Noboa). Lo estoy investigando yo y, como es de conocimiento p\u00fablico, la semana anterior se realizaron allanamientos en Guayaquil.<\/p>\n<p>Esto evidencia que la Fiscal\u00eda est\u00e1 actuando, contrario a lo que se dice sobre que no investigamos expedientes que interesan al Estado. Se est\u00e1n adelantando diligencias y el caso avanza.<\/p>\n<p><strong>La Fiscal\u00eda titular\u00a0\u00a0<\/strong><br \/>\nEst\u00e1 en marcha un proceso para designar al nuevo Fiscal General Titular, que deber\u00e1 estar en el cargo hasta 2032. \u00bfUsted se postular\u00e1?<br \/>\nAl momento me encuentro en calidad de Fiscal General del Estado encargado y estoy centrado en esta actividad. Por lo tanto, no tengo yo a\u00fan ninguna aspiraci\u00f3n a aquello.\u00a0Primero lo primero, luego ser\u00e1 lo que usted me consulta.<\/p>\n<p><strong>\u00bfPero no lo descarta?<\/strong><br \/>\nYo este momento le puedo decir que s\u00ed, que estoy con la intenci\u00f3n de concursar, pero podr\u00eda ser que de aqu\u00ed a la otra semana sucedan muchas cosas y no pueda concursar.<\/p>\n<p>Pero s\u00ed puedo decir que me siento preparado y me siento tambi\u00e9n una persona que s\u00ed, como lo estoy haciendo ahora, pueda asumir las funciones de la Fiscal\u00eda General del Estado.<\/p>\n<p><strong>La operatividad de la Fiscal\u00eda<\/strong><\/p>\n<p><strong>La instituci\u00f3n tiene un d\u00e9ficit de m\u00e1s de 600 fiscales. \u00bfC\u00f3mo afecta esto a la operatividad?\u00a0\u00a0<\/strong><br \/>\nEfectivamente, la falta de agentes fiscales nos resta la productividad y contundencia que deber\u00edamos tener. A pesar de ello, estamos cubriendo las necesidades para que la ciudadan\u00eda no quede desprotegida.<\/p>\n<p><strong>\u00bfDesde cu\u00e1ndo operan con este d\u00e9ficit?\u00a0\u00a0<\/strong><br \/>\nEs un antecedente hist\u00f3rico. Faltan agentes fiscales y sus equipos de asistentes y secretarios. Necesitar\u00edamos aproximadamente 631 fiscales m\u00e1s sus grupos de trabajo para dar la respuesta que la ciudadan\u00eda necesita frente a la delincuencia organizada y la corrupci\u00f3n.<\/p>\n<p><strong>\u00bfQui\u00e9n debe nombrar a estos funcionarios?\u00a0\u00a0<\/strong><br \/>\nEl nombramiento se realiza mediante concurso dirigido por el Consejo de la Judicatura. Se necesita el presupuesto para que dicha instituci\u00f3n realice el concurso y puedan ingresar m\u00e1s agentes y sus equipos de trabajo.<\/p>\n<p><strong>\u00bfCu\u00e1l fue la carga laboral en 2025?\u00a0\u00a0<\/strong><br \/>\nEn 2025, la Fiscal\u00eda recept\u00f3 341.784 noticias del delito a nivel nacional. De esta cifra, es necesario realizar una precisi\u00f3n que es t\u00e9cnica. No se trata de causas que se encuentran represadas, son noticias del delito, es decir, que ya iniciaron una investigaci\u00f3n previa. Al 31 de diciembre estas ascendieron a 1.461.325 expedientes fiscales a escala nacional.<\/p>\n<p><strong>Podr\u00eda precisar el dato, \u00bflos 1.461.325 expedientes son los que est\u00e1n acumulados hasta el a\u00f1o pasado?<\/strong><br \/>\nS\u00ed, que quede eso claro. Esas\u00a01.461.325\u00a0son otras que ya se encontraban abiertas y se sumaron a estas. Es decir, existe toda esta carga procesal a nivel nacional.<\/p>\n<p><strong>\u00bfC\u00f3mo est\u00e1 el presupuesto para 2026?\u00a0\u00a0<\/strong><br \/>\nPara 2026, el presupuesto es de USD 138,3 millones. El 92% se destina a n\u00f3mina, lo que deja apenas un 8% para cubrir las necesidades b\u00e1sicas de operatividad.<\/p>\n<p>Frente a este escenario, hemos priorizado lo esencial. Estamos gestionando con el Ministerio de Econom\u00eda la asignaci\u00f3n de partidas, pero la falta de recursos no nos detiene. Seguimos trabajando para que los delitos no queden en la impunidad. <strong>Fuente: Primicias<\/strong><\/p>\n","protected":false},"excerpt":{"rendered":"<p>En medio de una tormenta pol\u00edtica y legal alrededor de la Funci\u00f3n Judicial, Leonardo Alarc\u00f3n ocupa uno de los despachos clave del pa\u00eds: la Fiscal\u00eda General del Estado. Lleg\u00f3 como encargado tras una consulta jur\u00eddica, pero no oculta su deseo de quedarse. Mientras investiga casos que tocan las fibras del Gobierno de Daniel Noboa -como el caso Progen y las denuncias en la Judicatura- y enfrenta un d\u00e9ficit presupuestario para 2026. En entrevista con PRIMICIAS, el funcionario confirm\u00f3 de forma t\u00e1cita su intenci\u00f3n de participar en el concurso para ser el titular del Ministerio P\u00fablico hasta 2032 y defiende la imparcialidad de sus investigaciones frente a las acusaciones de persecuci\u00f3n pol\u00edtica. El nombramiento en la Fiscal\u00eda Usted fue nombrado fiscal General encargado por un cuestionado Consejo de la Judicatura. \u00bfC\u00f3mo lleg\u00f3 a ese cargo? \u00bfLe correspond\u00eda por experiencia o puntaje? He sido funcionario de carrera aproximadamente 18 a\u00f1os en la Fiscal\u00eda General del Estado. El Fiscal General que me antecedi\u00f3 (Wilson Toainga) realiz\u00f3 una consulta a la Procuradur\u00eda para establecer un mecanismo de reemplazo cuando el titular no se encuentre en funciones, ya sea por enfermedad, viaje o vacaciones. La Procuradur\u00eda emiti\u00f3 un informe al Consejo de la Judicatura indicando la manera de elegir al encargado. En ese contexto, el cuerpo colegiado se activ\u00f3 con tres perfiles: el m\u00edo, como coordinador de la Unidad Nacional de Transparencia y Lucha contra la Corrupci\u00f3n -cargo que ejerc\u00ed por seis a\u00f1os- y el de otros dos compa\u00f1eros con perfiles similares. La designaci\u00f3n se realiz\u00f3 con el voto de todos los vocales del Consejo de la Judicatura en funciones. Por lo tanto, mi designaci\u00f3n es absolutamente leg\u00edtima, avalada por la Procuradur\u00eda y la Judicatura. Las cr\u00edticas a su nombramiento se\u00f1alan una supuesta cercan\u00eda con el presidente Daniel Noboa, pues usted manej\u00f3 los casos Nene, Triple A y Petroecuador. \u00bfFue una coincidencia que esos casos llegaran a su despacho?\u00a0\u00a0 Cuando ingresa un expediente existen sorteos y asignaciones reguladas por reglamentos internos. En esa fecha, \u00e9ramos cinco fiscales en la Unidad de Transparencia. Los expedientes se nos asignan por sorteo o resoluci\u00f3n interna. Es decir, el expediente no me llega porque yo lo pida. Absolutamente no. El proceso es transparente y, efectivamente, llegaron a mi conocimiento esos tres casos. Aunque usted dice que \u00abson del se\u00f1or Presidente\u00bb, yo no lo veo de esa manera; yo investigo delitos, no persigo personas. Sin embargo, se habla de persecuci\u00f3n pol\u00edtica. En el caso Triple A, por ejemplo, se investiga al alcalde Aquiles \u00c1lvarez, cr\u00edtico de la gesti\u00f3n del Ejecutivo. En el caso Triple A no existe ninguna persecuci\u00f3n. Se inici\u00f3 una investigaci\u00f3n previa, se pas\u00f3 a instrucci\u00f3n fiscal y luego a la etapa intermedia, que es crucial: la audiencia evaluatoria y preparatoria de juicio. All\u00ed se analizan vicios de nulidad que puedan afectar el debido proceso. Es importante aclarar a la ciudadan\u00eda, para que no se mediatice la idea de una persecuci\u00f3n, que solo una de las defensas aleg\u00f3 vicios. \u00bfQu\u00e9 significa esto? Que la Fiscal\u00eda actu\u00f3 con absoluta objetividad y garantiz\u00f3 el derecho a la defensa. Una vez superado ese filtro, el caso est\u00e1 a la espera de d\u00eda y hora para la etapa de juicio ante un Tribunal Penal. Con todo el acervo probatorio que presentaremos, sostenemos que es un caso completamente s\u00f3lido. Los casos a su cargo\u00a0\u00a0 Volviendo a la Judicatura, hay una crisis por supuestas presiones a un juez en un caso de lavado de activos. \u00bfLa Fiscal\u00eda abri\u00f3 una investigaci\u00f3n previa? \u00bfApunta a autoridades con fuero nacional como Mario Godoy? Hay dos investigaciones abiertas. Una se encuentra en la Unidad de Transparencia desde diciembre de 2025. Existe otra denuncia que involucra, como es p\u00fablico, al doctor Mario Godoy, al Consejo de Participaci\u00f3n Ciudadana y a otras personas. Esa investigaci\u00f3n la conozco yo directamente porque gozan de fuero de Corte Nacional. No puedo dar m\u00e1s detalles porque el caso es reservado, seg\u00fan el art\u00edculo 584 del C\u00f3digo Org\u00e1nico Integral Penal (COIP). \u00bfQu\u00e9 ocurre con el caso Progen? \u00bfInvolucra a funcionarios con rango de ministros y est\u00e1 a su cargo?\u00a0\u00a0 El caso Progen tambi\u00e9n tiene fuero de Corte Nacional\u00a0 (involucra a funcionarios con rango de ministros del Gobierno de Daniel Noboa). Lo estoy investigando yo y, como es de conocimiento p\u00fablico, la semana anterior se realizaron allanamientos en Guayaquil. Esto evidencia que la Fiscal\u00eda est\u00e1 actuando, contrario a lo que se dice sobre que no investigamos expedientes que interesan al Estado. Se est\u00e1n adelantando diligencias y el caso avanza. La Fiscal\u00eda titular\u00a0\u00a0 Est\u00e1 en marcha un proceso para designar al nuevo Fiscal General Titular, que deber\u00e1 estar en el cargo hasta 2032. \u00bfUsted se postular\u00e1? Al momento me encuentro en calidad de Fiscal General del Estado encargado y estoy centrado en esta actividad. Por lo tanto, no tengo yo a\u00fan ninguna aspiraci\u00f3n a aquello.\u00a0Primero lo primero, luego ser\u00e1 lo que usted me consulta. \u00bfPero no lo descarta? Yo este momento le puedo decir que s\u00ed, que estoy con la intenci\u00f3n de concursar, pero podr\u00eda ser que de aqu\u00ed a la otra semana sucedan muchas cosas y no pueda concursar. Pero s\u00ed puedo decir que me siento preparado y me siento tambi\u00e9n una persona que s\u00ed, como lo estoy haciendo ahora, pueda asumir las funciones de la Fiscal\u00eda General del Estado. La operatividad de la Fiscal\u00eda La instituci\u00f3n tiene un d\u00e9ficit de m\u00e1s de 600 fiscales. \u00bfC\u00f3mo afecta esto a la operatividad?\u00a0\u00a0 Efectivamente, la falta de agentes fiscales nos resta la productividad y contundencia que deber\u00edamos tener. A pesar de ello, estamos cubriendo las necesidades para que la ciudadan\u00eda no quede desprotegida. \u00bfDesde cu\u00e1ndo operan con este d\u00e9ficit?\u00a0\u00a0 Es un antecedente hist\u00f3rico. Faltan agentes fiscales y sus equipos de asistentes y secretarios. Necesitar\u00edamos aproximadamente 631 fiscales m\u00e1s sus grupos de trabajo para dar la respuesta que la ciudadan\u00eda necesita frente a la delincuencia organizada y la corrupci\u00f3n. \u00bfQui\u00e9n debe nombrar a estos funcionarios?\u00a0\u00a0 El nombramiento se realiza mediante concurso dirigido por el Consejo de la Judicatura. Se necesita el presupuesto para que dicha instituci\u00f3n realice el<\/p>\n","protected":false},"author":1,"featured_media":28914,"comment_status":"closed","ping_status":"closed","sticky":false,"template":"","format":"standard","meta":{"footnotes":""},"categories":[268],"tags":[],"class_list":["post-28913","post","type-post","status-publish","format-standard","has-post-thumbnail","hentry","category-nacionales"],"_links":{"self":[{"href":"https:\/\/www.elamazonico.com\/portal\/wp-json\/wp\/v2\/posts\/28913","targetHints":{"allow":["GET"]}}],"collection":[{"href":"https:\/\/www.elamazonico.com\/portal\/wp-json\/wp\/v2\/posts"}],"about":[{"href":"https:\/\/www.elamazonico.com\/portal\/wp-json\/wp\/v2\/types\/post"}],"author":[{"embeddable":true,"href":"https:\/\/www.elamazonico.com\/portal\/wp-json\/wp\/v2\/users\/1"}],"replies":[{"embeddable":true,"href":"https:\/\/www.elamazonico.com\/portal\/wp-json\/wp\/v2\/comments?post=28913"}],"version-history":[{"count":1,"href":"https:\/\/www.elamazonico.com\/portal\/wp-json\/wp\/v2\/posts\/28913\/revisions"}],"predecessor-version":[{"id":28915,"href":"https:\/\/www.elamazonico.com\/portal\/wp-json\/wp\/v2\/posts\/28913\/revisions\/28915"}],"wp:featuredmedia":[{"embeddable":true,"href":"https:\/\/www.elamazonico.com\/portal\/wp-json\/wp\/v2\/media\/28914"}],"wp:attachment":[{"href":"https:\/\/www.elamazonico.com\/portal\/wp-json\/wp\/v2\/media?parent=28913"}],"wp:term":[{"taxonomy":"category","embeddable":true,"href":"https:\/\/www.elamazonico.com\/portal\/wp-json\/wp\/v2\/categories?post=28913"},{"taxonomy":"post_tag","embeddable":true,"href":"https:\/\/www.elamazonico.com\/portal\/wp-json\/wp\/v2\/tags?post=28913"}],"curies":[{"name":"wp","href":"https:\/\/api.w.org\/{rel}","templated":true}]}}