{"id":28910,"date":"2026-01-21T12:21:56","date_gmt":"2026-01-21T17:21:56","guid":{"rendered":"https:\/\/www.elamazonico.com\/portal\/?p=28910"},"modified":"2026-01-21T12:21:56","modified_gmt":"2026-01-21T17:21:56","slug":"pugna-entre-comite-olimpico-ecuatoriano-y-viceministerio-del-deporte-que-dice-cada-parte-y-cual-seria-la-solucion","status":"publish","type":"post","link":"https:\/\/www.elamazonico.com\/portal\/pugna-entre-comite-olimpico-ecuatoriano-y-viceministerio-del-deporte-que-dice-cada-parte-y-cual-seria-la-solucion\/","title":{"rendered":"Pugna entre Comit\u00e9 Ol\u00edmpico Ecuatoriano y Viceministerio del Deporte: \u00bfQu\u00e9 dice cada parte y cu\u00e1l ser\u00eda la soluci\u00f3n?"},"content":{"rendered":"<p>El deporte ecuatoriano se encuentra en un momento vulnerable, a partir de una pugna entre sus dos m\u00e1ximos organismos: el Comit\u00e9 Ol\u00edmpico Ecuatoriano (COE) y el Viceministerio del Deporte.<\/p>\n<p>El origen de esta pelea administrativa se da a partir de la legitimidad, o no, de la actual dirigencia del COE, presidida por Jorge Delgado.<\/p>\n<p>Esta confrontaci\u00f3n ha dejado varias secuelas para el deporte ecuatoriano, en temas de financiamiento, instalaciones y preparaci\u00f3n para competencias.<\/p>\n<p>\u00bfQu\u00e9 dice cada una de las partes involucradas, cu\u00e1les ser\u00edan las posibles soluciones y c\u00f3mo ha afectado, hasta el momento, a los deportistas de nuestro pa\u00eds?<\/p>\n<p><strong>\u00bfPor qu\u00e9 el Viceministerio no ha registrado al directorio del COE?<\/strong><br \/>\nEl 5 de mayo de 2025, el capit\u00e1n Jorge Delgado fue reelecto como presidente del Comit\u00e9 Ol\u00edmpico Ecuatoriano, junto a Jefferson P\u00e9rez, como vicepresidente. El exnadador cumplir\u00eda su segundo mandato a cargo de la instituci\u00f3n deportiva, de 2025 a 2029.<\/p>\n<p>En dicha elecci\u00f3n, Delgado acumul\u00f3 37 votos a favor y derrot\u00f3 a Roberto Ib\u00e1\u00f1ez (en ese entonces, presidente de Fedeguayas), quien obtuvo 33 votos.<\/p>\n<p><img decoding=\"async\" src=\"https:\/\/imagenes.primicias.ec\/files\/image_original\/files\/fp\/uploads\/2025\/05\/05\/6819114ab8dcb.r_d.576-972.jpeg\" alt=\"thumb\" \/><\/p>\n<p>Este proceso fue avalado por un miembro del Comit\u00e9 Ol\u00edmpico Internacional y un asesor jur\u00eddico de la Organizaci\u00f3n Deportiva Suramericana.<\/p>\n<p>Sin embargo, este directorio nunca fue registrado por el Viceministerio (antes Ministerio) del Deporte, debido a inconsistencias durante el proceso electoral.<\/p>\n<p>El 4 de diciembre de 2025, culmin\u00f3 el primer mandato de Delgado y, desde ese momento, seg\u00fan el Viceministerio, el COE se encuentra en acefal\u00eda.<\/p>\n<p>Roberto Ib\u00e1\u00f1ez, quien actualmente funge como viceministro del Deporte, explica que Jorge Delgado no debi\u00f3 ser reelegido debido a que form\u00f3 parte de anteriores directorios del COE y, por lo tanto, estar\u00eda en contravenci\u00f3n del Art\u00edculo 151 de la Ley del Deporte:<\/p>\n<blockquote><p><strong>Art. 151.-<\/strong> Per\u00edodos de los Directorios.- Los per\u00edodos, para los cuales los directivos fueren electos para dirigir sus organizaciones deportivas, ser\u00e1n entre uno y hasta cuatro a\u00f1os de acuerdo a sus Estatutos y podr\u00e1n optar por la reelecci\u00f3n inmediata por una sola vez. Para una nueva postulaci\u00f3n al mismo cargo, deber\u00e1 transcurrir m\u00ednimo un per\u00edodo, y bajo ninguna figura podr\u00e1 integrar ning\u00fan cargo directivo en el Organismo sin que haya transcurrido al menos un per\u00edodo desde la finalizaci\u00f3n de su cargo. Ley del Deporte, Educaci\u00f3n F\u00edsica y Recreaci\u00f3n.<\/p><\/blockquote>\n<p>Adem\u00e1s de esto, Ib\u00e1\u00f1ez cita a una consulta que el Ministerio del Deporte hizo a la Procuradur\u00eda en octubre de 2023, la cual fue respondida con el siguiente pronunciamiento:<\/p>\n<p>\u00abUn miembro del directorio que ya haya ejercido como tal en dos per\u00edodos consecutivos, bajo ninguna figura, podr\u00e1 integrar ning\u00fan cargo directivo en el organismo sin que haya transcurrido al menos un per\u00edodo desde la finalizaci\u00f3n de su cargo\u00bb.<\/p>\n<p><img decoding=\"async\" src=\"https:\/\/imagenes.primicias.ec\/files\/image_original\/uploads\/2025\/11\/22\/6921efb79495c.jpeg\" alt=\"thumb\" \/><\/p>\n<p><strong>\u00bfCu\u00e1l es el argumento del Comit\u00e9 Ol\u00edmpico Ecuatoriano?<\/strong><br \/>\nDesde el COE, en cambio, argumentan que la elecci\u00f3n del directorio de Jorge Delgado cumpli\u00f3 con la Ley del Deporte y recibi\u00f3 el aval del Comit\u00e9 Ol\u00edmpico Internacional. Adem\u00e1s, se basan en el Art\u00edculo 71 del Reglamento a la Ley del Deporte, que est\u00e1 vigente desde 2020.<\/p>\n<p>Dicho art\u00edculo se\u00f1ala que \u00absolo al presidente del organismo o al dirigente que pretenda optar por reelecci\u00f3n a la misma dignidad aplica el Art\u00edculo 151 de la Ley del Deporte (&#8230;) As\u00ed, un vicepresidente, aunque haya sido reelecto en este cargo, puede candidatizarse a presidente de la entidad y lo mismo aplica para las dem\u00e1s dignidades\u00bb.<\/p>\n<p>Francisco Moreno, abogado del COE, explic\u00f3 en rueda de prensa qu\u00e9 significa este art\u00edculo: \u00abSi yo fui elegido vicepresidente y despu\u00e9s me candidatizo a presidente, puedo optar por la reelecci\u00f3n a presidente, s\u00ed lo puedo hacer\u00bb.<\/p>\n<p><strong>\u00bfQu\u00e9 efectos ha tenido esta pugna en el deporte ecuatoriano?<\/strong><br \/>\nAl no ser reconocido por el Viceministerio del Deporte, el Comit\u00e9 Ol\u00edmpico Ecuatoriano no ha recibido fondos p\u00fablicos, y esto ha afectado gravemente su presupuesto y el de las federaciones nacionales por deporte.<\/p>\n<p>Adem\u00e1s, el 6 de enero de 2026, el COE anunci\u00f3 el cierre de sus departamentos m\u00e9dico y metodol\u00f3gico por la falta de pagos correspondientes a los meses de noviembre y diciembre por parte del Gobierno nacional.<\/p>\n<p>En respuesta, el Viceministerio inform\u00f3 que hab\u00eda coordinado con las federaciones provinciales y el centro m\u00e9dico deportol\u00f3gico de Quito para brindar los servicios respectivos a los deportistas.<\/p>\n<p>Por otra parte, el 15 de enero, la Federaci\u00f3n Deportiva del Guayas (Fedeguayas) anunci\u00f3 la \u00abterminaci\u00f3n parcial y anticipada\u00bb del comodato suscrito con el COE respecto a los predios ubicados en el sector del estadio Modelo Alberto Spencer.<\/p>\n<p>Esta decisi\u00f3n se tom\u00f3 luego de que \u00abel propio COE haya reconocido su incapacidad financiera para garantizar mantenimiento, servicios b\u00e1sicos y atenci\u00f3n m\u00e9dica, obligaciones establecidas en el contrato de comodato\u00bb.<\/p>\n<p>El COE respondi\u00f3 que \u00aben el caso de pretender alegarse la terminaci\u00f3n anticipada, por un supuesto incumplimiento contractual, este incumplimiento debiere ser declarado de forma judicial y no por un simple comunicado\u00bb.<\/p>\n<p><strong>\u00bfCu\u00e1les ser\u00edan las soluciones a este conflicto?<\/strong><br \/>\nPor un lado, el viceministro Roberto Ib\u00e1\u00f1ez cree que el \u00fanico organismo que puede solucionar este problema ser\u00eda el Comit\u00e9 Ol\u00edmpico Internacional (COI).<\/p>\n<p>\u00abHoy, el Comit\u00e9 Ol\u00edmpico Ecuatoriano est\u00e1 en acefal\u00eda, porque su per\u00edodo termin\u00f3 el 4 de diciembre. \u00bfEso qu\u00e9 significa? Que ellos no pueden convocar (a elecciones), no pueden hacer nada (&#8230;) Lo que yo he pedido es que venga el Comit\u00e9 Ol\u00edmpico Internacional y solucione el problema\u00bb, dijo el dirigente en una entrevista con Diario La Hora.<\/p>\n<p>Ib\u00e1\u00f1ez, adem\u00e1s, explica que el Viceministerio no va a intervenir al COE, ya que esto significar\u00eda una injerencia del Gobierno y, seg\u00fan lo establecido en la Carta Ol\u00edmpica, podr\u00eda acarrear una sanci\u00f3n al deporte ecuatoriano.<\/p>\n<p>\u00abLa soluci\u00f3n es que hagan elecciones, esc\u00f3janse democr\u00e1ticamente, sin que ning\u00fan dirigente incumpla con las normas, con la Ley del Deporte, y se solucione el problema\u00bb.<\/p>\n<p>Mientras que John Zambrano, secretario del COE, cree que la soluci\u00f3n ser\u00eda presentar el conflicto al Tribunal de Arbitraje Deportivo (TAS) y, mientras tanto, registrar una directiva temporal.<\/p>\n<p>\u00ab\u00bfNo est\u00e1n seguros si la elecci\u00f3n fue legal? Est\u00e1 bien, nos quedamos en lo estrictamente deportivo y vamos al TAS. Yo accedo, como COE\u00bb, expres\u00f3 en una entrevista con radio Forever.<\/p>\n<p>Sin embargo, con el paso de los d\u00edas, esta pugna parece solo seguir agrav\u00e1ndose, y esto continuar\u00e1 afectando al financiamiento y la preparaci\u00f3n competitiva de los deportistas, en medio del ciclo ol\u00edmpico hacia Los \u00c1ngeles 2028. <strong>Fuente: Primicias<\/strong><\/p>\n","protected":false},"excerpt":{"rendered":"<p>El deporte ecuatoriano se encuentra en un momento vulnerable, a partir de una pugna entre sus dos m\u00e1ximos organismos: el Comit\u00e9 Ol\u00edmpico Ecuatoriano (COE) y el Viceministerio del Deporte. El origen de esta pelea administrativa se da a partir de la legitimidad, o no, de la actual dirigencia del COE, presidida por Jorge Delgado. Esta confrontaci\u00f3n ha dejado varias secuelas para el deporte ecuatoriano, en temas de financiamiento, instalaciones y preparaci\u00f3n para competencias. \u00bfQu\u00e9 dice cada una de las partes involucradas, cu\u00e1les ser\u00edan las posibles soluciones y c\u00f3mo ha afectado, hasta el momento, a los deportistas de nuestro pa\u00eds? \u00bfPor qu\u00e9 el Viceministerio no ha registrado al directorio del COE? El 5 de mayo de 2025, el capit\u00e1n Jorge Delgado fue reelecto como presidente del Comit\u00e9 Ol\u00edmpico Ecuatoriano, junto a Jefferson P\u00e9rez, como vicepresidente. El exnadador cumplir\u00eda su segundo mandato a cargo de la instituci\u00f3n deportiva, de 2025 a 2029. En dicha elecci\u00f3n, Delgado acumul\u00f3 37 votos a favor y derrot\u00f3 a Roberto Ib\u00e1\u00f1ez (en ese entonces, presidente de Fedeguayas), quien obtuvo 33 votos. Este proceso fue avalado por un miembro del Comit\u00e9 Ol\u00edmpico Internacional y un asesor jur\u00eddico de la Organizaci\u00f3n Deportiva Suramericana. Sin embargo, este directorio nunca fue registrado por el Viceministerio (antes Ministerio) del Deporte, debido a inconsistencias durante el proceso electoral. El 4 de diciembre de 2025, culmin\u00f3 el primer mandato de Delgado y, desde ese momento, seg\u00fan el Viceministerio, el COE se encuentra en acefal\u00eda. Roberto Ib\u00e1\u00f1ez, quien actualmente funge como viceministro del Deporte, explica que Jorge Delgado no debi\u00f3 ser reelegido debido a que form\u00f3 parte de anteriores directorios del COE y, por lo tanto, estar\u00eda en contravenci\u00f3n del Art\u00edculo 151 de la Ley del Deporte: Art. 151.- Per\u00edodos de los Directorios.- Los per\u00edodos, para los cuales los directivos fueren electos para dirigir sus organizaciones deportivas, ser\u00e1n entre uno y hasta cuatro a\u00f1os de acuerdo a sus Estatutos y podr\u00e1n optar por la reelecci\u00f3n inmediata por una sola vez. Para una nueva postulaci\u00f3n al mismo cargo, deber\u00e1 transcurrir m\u00ednimo un per\u00edodo, y bajo ninguna figura podr\u00e1 integrar ning\u00fan cargo directivo en el Organismo sin que haya transcurrido al menos un per\u00edodo desde la finalizaci\u00f3n de su cargo. Ley del Deporte, Educaci\u00f3n F\u00edsica y Recreaci\u00f3n. Adem\u00e1s de esto, Ib\u00e1\u00f1ez cita a una consulta que el Ministerio del Deporte hizo a la Procuradur\u00eda en octubre de 2023, la cual fue respondida con el siguiente pronunciamiento: \u00abUn miembro del directorio que ya haya ejercido como tal en dos per\u00edodos consecutivos, bajo ninguna figura, podr\u00e1 integrar ning\u00fan cargo directivo en el organismo sin que haya transcurrido al menos un per\u00edodo desde la finalizaci\u00f3n de su cargo\u00bb. \u00bfCu\u00e1l es el argumento del Comit\u00e9 Ol\u00edmpico Ecuatoriano? Desde el COE, en cambio, argumentan que la elecci\u00f3n del directorio de Jorge Delgado cumpli\u00f3 con la Ley del Deporte y recibi\u00f3 el aval del Comit\u00e9 Ol\u00edmpico Internacional. Adem\u00e1s, se basan en el Art\u00edculo 71 del Reglamento a la Ley del Deporte, que est\u00e1 vigente desde 2020. Dicho art\u00edculo se\u00f1ala que \u00absolo al presidente del organismo o al dirigente que pretenda optar por reelecci\u00f3n a la misma dignidad aplica el Art\u00edculo 151 de la Ley del Deporte (&#8230;) As\u00ed, un vicepresidente, aunque haya sido reelecto en este cargo, puede candidatizarse a presidente de la entidad y lo mismo aplica para las dem\u00e1s dignidades\u00bb. Francisco Moreno, abogado del COE, explic\u00f3 en rueda de prensa qu\u00e9 significa este art\u00edculo: \u00abSi yo fui elegido vicepresidente y despu\u00e9s me candidatizo a presidente, puedo optar por la reelecci\u00f3n a presidente, s\u00ed lo puedo hacer\u00bb. \u00bfQu\u00e9 efectos ha tenido esta pugna en el deporte ecuatoriano? Al no ser reconocido por el Viceministerio del Deporte, el Comit\u00e9 Ol\u00edmpico Ecuatoriano no ha recibido fondos p\u00fablicos, y esto ha afectado gravemente su presupuesto y el de las federaciones nacionales por deporte. Adem\u00e1s, el 6 de enero de 2026, el COE anunci\u00f3 el cierre de sus departamentos m\u00e9dico y metodol\u00f3gico por la falta de pagos correspondientes a los meses de noviembre y diciembre por parte del Gobierno nacional. En respuesta, el Viceministerio inform\u00f3 que hab\u00eda coordinado con las federaciones provinciales y el centro m\u00e9dico deportol\u00f3gico de Quito para brindar los servicios respectivos a los deportistas. Por otra parte, el 15 de enero, la Federaci\u00f3n Deportiva del Guayas (Fedeguayas) anunci\u00f3 la \u00abterminaci\u00f3n parcial y anticipada\u00bb del comodato suscrito con el COE respecto a los predios ubicados en el sector del estadio Modelo Alberto Spencer. Esta decisi\u00f3n se tom\u00f3 luego de que \u00abel propio COE haya reconocido su incapacidad financiera para garantizar mantenimiento, servicios b\u00e1sicos y atenci\u00f3n m\u00e9dica, obligaciones establecidas en el contrato de comodato\u00bb. El COE respondi\u00f3 que \u00aben el caso de pretender alegarse la terminaci\u00f3n anticipada, por un supuesto incumplimiento contractual, este incumplimiento debiere ser declarado de forma judicial y no por un simple comunicado\u00bb. \u00bfCu\u00e1les ser\u00edan las soluciones a este conflicto? Por un lado, el viceministro Roberto Ib\u00e1\u00f1ez cree que el \u00fanico organismo que puede solucionar este problema ser\u00eda el Comit\u00e9 Ol\u00edmpico Internacional (COI). \u00abHoy, el Comit\u00e9 Ol\u00edmpico Ecuatoriano est\u00e1 en acefal\u00eda, porque su per\u00edodo termin\u00f3 el 4 de diciembre. \u00bfEso qu\u00e9 significa? Que ellos no pueden convocar (a elecciones), no pueden hacer nada (&#8230;) Lo que yo he pedido es que venga el Comit\u00e9 Ol\u00edmpico Internacional y solucione el problema\u00bb, dijo el dirigente en una entrevista con Diario La Hora. Ib\u00e1\u00f1ez, adem\u00e1s, explica que el Viceministerio no va a intervenir al COE, ya que esto significar\u00eda una injerencia del Gobierno y, seg\u00fan lo establecido en la Carta Ol\u00edmpica, podr\u00eda acarrear una sanci\u00f3n al deporte ecuatoriano. \u00abLa soluci\u00f3n es que hagan elecciones, esc\u00f3janse democr\u00e1ticamente, sin que ning\u00fan dirigente incumpla con las normas, con la Ley del Deporte, y se solucione el problema\u00bb. Mientras que John Zambrano, secretario del COE, cree que la soluci\u00f3n ser\u00eda presentar el conflicto al Tribunal de Arbitraje Deportivo (TAS) y, mientras tanto, registrar una directiva temporal. \u00ab\u00bfNo est\u00e1n seguros si la elecci\u00f3n fue legal? Est\u00e1 bien, nos quedamos en lo estrictamente deportivo y vamos al TAS. Yo accedo, como COE\u00bb, expres\u00f3 en una entrevista con radio Forever. Sin<\/p>\n","protected":false},"author":1,"featured_media":28911,"comment_status":"closed","ping_status":"closed","sticky":false,"template":"","format":"standard","meta":{"footnotes":""},"categories":[268],"tags":[],"class_list":["post-28910","post","type-post","status-publish","format-standard","has-post-thumbnail","hentry","category-nacionales"],"_links":{"self":[{"href":"https:\/\/www.elamazonico.com\/portal\/wp-json\/wp\/v2\/posts\/28910","targetHints":{"allow":["GET"]}}],"collection":[{"href":"https:\/\/www.elamazonico.com\/portal\/wp-json\/wp\/v2\/posts"}],"about":[{"href":"https:\/\/www.elamazonico.com\/portal\/wp-json\/wp\/v2\/types\/post"}],"author":[{"embeddable":true,"href":"https:\/\/www.elamazonico.com\/portal\/wp-json\/wp\/v2\/users\/1"}],"replies":[{"embeddable":true,"href":"https:\/\/www.elamazonico.com\/portal\/wp-json\/wp\/v2\/comments?post=28910"}],"version-history":[{"count":1,"href":"https:\/\/www.elamazonico.com\/portal\/wp-json\/wp\/v2\/posts\/28910\/revisions"}],"predecessor-version":[{"id":28912,"href":"https:\/\/www.elamazonico.com\/portal\/wp-json\/wp\/v2\/posts\/28910\/revisions\/28912"}],"wp:featuredmedia":[{"embeddable":true,"href":"https:\/\/www.elamazonico.com\/portal\/wp-json\/wp\/v2\/media\/28911"}],"wp:attachment":[{"href":"https:\/\/www.elamazonico.com\/portal\/wp-json\/wp\/v2\/media?parent=28910"}],"wp:term":[{"taxonomy":"category","embeddable":true,"href":"https:\/\/www.elamazonico.com\/portal\/wp-json\/wp\/v2\/categories?post=28910"},{"taxonomy":"post_tag","embeddable":true,"href":"https:\/\/www.elamazonico.com\/portal\/wp-json\/wp\/v2\/tags?post=28910"}],"curies":[{"name":"wp","href":"https:\/\/api.w.org\/{rel}","templated":true}]}}