{"id":28899,"date":"2026-01-21T12:00:48","date_gmt":"2026-01-21T17:00:48","guid":{"rendered":"https:\/\/www.elamazonico.com\/portal\/?p=28899"},"modified":"2026-01-21T12:00:48","modified_gmt":"2026-01-21T17:00:48","slug":"daniel-noboa-impone-una-tasa-de-seguridad-del-30-a-las-importaciones-provenientes-de-colombia","status":"publish","type":"post","link":"https:\/\/www.elamazonico.com\/portal\/daniel-noboa-impone-una-tasa-de-seguridad-del-30-a-las-importaciones-provenientes-de-colombia\/","title":{"rendered":"Daniel Noboa impone una tasa de seguridad del 30% a las importaciones provenientes de Colombia"},"content":{"rendered":"<div class=\"paragraph texto\">\n<p class=\"p_0\">El presidente de la Rep\u00fablica,\u00a0<b><a href=\"https:\/\/www.vistazo.com\/politica\/nacional\/2026-01-21-daniel-noboa-davos-canciller-sommerfeld-viaje-inversiones-GD10647441\">Daniel Noboa<\/a><\/b>, anunci\u00f3 que impondr\u00e1 un\u00a0<u><b>arancel del 30%<\/b><\/u>, denominado tasa de seguridad,\u00a0<u><b>a las importaciones provenientes de Colombia\u00a0<\/b><\/u>debido a la falta de cooperaci\u00f3n con el Gobierno de Gustavo Petro en el combate contra el crimen organizado.<\/p>\n<p class=\"p_1\">En un comunicado, emitido en la plataforma X, el mandatario recuerda que ha hecho \u201cesfuerzos reales de cooperaci\u00f3n con Colombia, incluso con un<i><b>\u00a0<\/b><\/i><u><b>d\u00e9ficit comercial que supera los 1.000 millones de d\u00f3lares anuales<\/b><\/u>\u201d.<\/p>\n<p class=\"p_3\">Noboa subraya que ha insistido en el di\u00e1logo, pero los militares ecuatorianos\u00a0<u>\u201csiguen enfrentando a grupos criminales atados al narcotr\u00e1fico en la frontera sin cooperaci\u00f3n alguna\u201d<\/u><\/p>\n<div class=\"Center2Display\"><\/div>\n<\/div>\n<div class=\"Citavistazo\">\u201cPor eso, ante la falta de reciprocidad y acciones firmes, el Ecuador aplicar\u00e1 una tasa de seguridad del 30% a las importaciones provenientes de Colombia desde el primero de febrero\u201d.<\/div>\n<div class=\"paragraph texto\">\n<p class=\"p_4\">Seg\u00fan el presidente, \u201cesta medida se mantendr\u00e1\u00a0<u><b>hasta que exista un compromiso real para enfrentar juntos el narcotr\u00e1fico y la miner\u00eda ilegal en la frontera<\/b><\/u>, con la misma seriedad y decisi\u00f3n que hoy el Ecuador asume\u201d.<\/p>\n<\/div>\n<div class=\"multimediaMacroWrapper img lateral\">\n<figure class=\"contentMedia art-img\">\n<div><img fetchpriority=\"high\" decoding=\"async\" class=\" lazyloaded\" title=\"Daniel Noboa critica al Gobierno colombiano por falta de cooperaci\u00f3n.\" src=\"https:\/\/www.vistazo.com\/placeholder\/svg\/viewbox\/768x220\" sizes=\"100vw\" srcset=\"\/\/www.vistazo.com\/binrepository\/769x440\/0c220\/768d439\/none\/12727\/EKXV\/captura-de-pantalla-2026-01-21-a-las_2609409_20260121115845.png 768w,\/\/www.vistazo.com\/binrepository\/641x367\/0c183\/640d366\/none\/12727\/EKDT\/captura-de-pantalla-2026-01-21-a-las_2609409_20260121115845.png 640w,\/\/www.vistazo.com\/binrepository\/513x293\/0c147\/512d293\/none\/12727\/EKQO\/captura-de-pantalla-2026-01-21-a-las_2609409_20260121115845.png 512w,\/\/www.vistazo.com\/binrepository\/385x220\/0c110\/384d220\/none\/12727\/EKTT\/captura-de-pantalla-2026-01-21-a-las_2609409_20260121115845.png 384w,\/\/www.vistazo.com\/binrepository\/300x172\/0c86\/300d171\/none\/12727\/EKDJ\/captura-de-pantalla-2026-01-21-a-las_2609409_20260121115845.png 300w\" alt=\"$!Daniel Noboa critica al Gobierno colombiano por falta de cooperaci\u00f3n.\" width=\"768\" height=\"220\" data-srcset=\"\/\/www.vistazo.com\/binrepository\/769x440\/0c220\/768d439\/none\/12727\/EKXV\/captura-de-pantalla-2026-01-21-a-las_2609409_20260121115845.png 768w,\/\/www.vistazo.com\/binrepository\/641x367\/0c183\/640d366\/none\/12727\/EKDT\/captura-de-pantalla-2026-01-21-a-las_2609409_20260121115845.png 640w,\/\/www.vistazo.com\/binrepository\/513x293\/0c147\/512d293\/none\/12727\/EKQO\/captura-de-pantalla-2026-01-21-a-las_2609409_20260121115845.png 512w,\/\/www.vistazo.com\/binrepository\/385x220\/0c110\/384d220\/none\/12727\/EKTT\/captura-de-pantalla-2026-01-21-a-las_2609409_20260121115845.png 384w,\/\/www.vistazo.com\/binrepository\/300x172\/0c86\/300d171\/none\/12727\/EKDJ\/captura-de-pantalla-2026-01-21-a-las_2609409_20260121115845.png 300w\" \/><\/div>\n<div class=\"cutline-byline\"><span class=\"cutline-text\">Daniel Noboa critica al Gobierno colombiano por falta de cooperaci\u00f3n.<\/span>\u00a0<span class=\"byline-image\">(Foto: EFE)<\/span><\/div>\n<\/figure>\n<\/div>\n<h2 class=\"h2vistazo\">TENSI\u00d3N ENTRE ECUADOR Y COLOMBIA<\/h2>\n<div class=\"paragraph texto\">\n<p class=\"p_6\">El anuncio del presidente Noboa se da luego de que el mandatario colombiano, Gustavo Petro,\u00a0<u><b>pidi\u00f3 nuevamente en la red social X que liberen al exvicepresidente Jorge Glas<\/b><\/u>, quien permanece recluido en la c\u00e1rcel del Encuentro en Santa Elena.<\/p>\n<\/div>\n<div class=\"Citavistazo\">\u201cIgual que exig\u00ed la libertad de los presos pol\u00edticos en Venezuela y Nicaragua, pienso que Jorge Glas debe liberado\u201d, escribi\u00f3 Petro.<\/div>\n<div class=\"paragraph texto\">\n<p class=\"p_7\">Agreg\u00f3 que el estado f\u00edsico de Glas\u00a0<u><b>\u201cdemuestra que sufre de tortura sicol\u00f3gica\u201d.<\/b><\/u><\/p>\n<p class=\"p_9\">Por otro lado, una de las causas de la ola de violencia que vive Ecuador en los \u00faltimos a\u00f1os es la falta de controles y cooperaci\u00f3n en la frontera con Colombia, donde\u00a0<u><b>operan m\u00faltiples grupos criminales<\/b><\/u>.<\/p>\n<p class=\"p_10\">En mayo del 2025, por ejemplo,\u00a0<u><b>11 soldados ecuatorianos fueron asesinados durante un operativo contra la miner\u00eda ilegal en Alto Punino<\/b><\/u>, ubicado en la cuenca alta del r\u00edo Punino, en la frontera norte.<\/p>\n<p class=\"p_11\">Seg\u00fan el Ej\u00e9rcito, los responsables ser\u00edan los\u00a0<u><b>Comandos de la Frontera<\/b><\/u>, un grupo armado disidente de las FARC. Sin embargo, este grupo neg\u00f3 su implicaci\u00f3n en el ataque, sugiriendo que bandas criminales ecuatorianas como Los Choneros, Los Lobos o Los Tiguerones podr\u00edan estar involucradas. <strong>Fuente: Vistazo<\/strong><\/p>\n<\/div>\n","protected":false},"excerpt":{"rendered":"<p>El presidente de la Rep\u00fablica,\u00a0Daniel Noboa, anunci\u00f3 que impondr\u00e1 un\u00a0arancel del 30%, denominado tasa de seguridad,\u00a0a las importaciones provenientes de Colombia\u00a0debido a la falta de cooperaci\u00f3n con el Gobierno de Gustavo Petro en el combate contra el crimen organizado. En un comunicado, emitido en la plataforma X, el mandatario recuerda que ha hecho \u201cesfuerzos reales de cooperaci\u00f3n con Colombia, incluso con un\u00a0d\u00e9ficit comercial que supera los 1.000 millones de d\u00f3lares anuales\u201d. Noboa subraya que ha insistido en el di\u00e1logo, pero los militares ecuatorianos\u00a0\u201csiguen enfrentando a grupos criminales atados al narcotr\u00e1fico en la frontera sin cooperaci\u00f3n alguna\u201d \u201cPor eso, ante la falta de reciprocidad y acciones firmes, el Ecuador aplicar\u00e1 una tasa de seguridad del 30% a las importaciones provenientes de Colombia desde el primero de febrero\u201d. Seg\u00fan el presidente, \u201cesta medida se mantendr\u00e1\u00a0hasta que exista un compromiso real para enfrentar juntos el narcotr\u00e1fico y la miner\u00eda ilegal en la frontera, con la misma seriedad y decisi\u00f3n que hoy el Ecuador asume\u201d. Daniel Noboa critica al Gobierno colombiano por falta de cooperaci\u00f3n.\u00a0(Foto: EFE) TENSI\u00d3N ENTRE ECUADOR Y COLOMBIA El anuncio del presidente Noboa se da luego de que el mandatario colombiano, Gustavo Petro,\u00a0pidi\u00f3 nuevamente en la red social X que liberen al exvicepresidente Jorge Glas, quien permanece recluido en la c\u00e1rcel del Encuentro en Santa Elena. \u201cIgual que exig\u00ed la libertad de los presos pol\u00edticos en Venezuela y Nicaragua, pienso que Jorge Glas debe liberado\u201d, escribi\u00f3 Petro. Agreg\u00f3 que el estado f\u00edsico de Glas\u00a0\u201cdemuestra que sufre de tortura sicol\u00f3gica\u201d. Por otro lado, una de las causas de la ola de violencia que vive Ecuador en los \u00faltimos a\u00f1os es la falta de controles y cooperaci\u00f3n en la frontera con Colombia, donde\u00a0operan m\u00faltiples grupos criminales. En mayo del 2025, por ejemplo,\u00a011 soldados ecuatorianos fueron asesinados durante un operativo contra la miner\u00eda ilegal en Alto Punino, ubicado en la cuenca alta del r\u00edo Punino, en la frontera norte. Seg\u00fan el Ej\u00e9rcito, los responsables ser\u00edan los\u00a0Comandos de la Frontera, un grupo armado disidente de las FARC. Sin embargo, este grupo neg\u00f3 su implicaci\u00f3n en el ataque, sugiriendo que bandas criminales ecuatorianas como Los Choneros, Los Lobos o Los Tiguerones podr\u00edan estar involucradas. Fuente: Vistazo<\/p>\n","protected":false},"author":1,"featured_media":28900,"comment_status":"closed","ping_status":"closed","sticky":false,"template":"","format":"standard","meta":{"footnotes":""},"categories":[268],"tags":[],"class_list":["post-28899","post","type-post","status-publish","format-standard","has-post-thumbnail","hentry","category-nacionales"],"_links":{"self":[{"href":"https:\/\/www.elamazonico.com\/portal\/wp-json\/wp\/v2\/posts\/28899","targetHints":{"allow":["GET"]}}],"collection":[{"href":"https:\/\/www.elamazonico.com\/portal\/wp-json\/wp\/v2\/posts"}],"about":[{"href":"https:\/\/www.elamazonico.com\/portal\/wp-json\/wp\/v2\/types\/post"}],"author":[{"embeddable":true,"href":"https:\/\/www.elamazonico.com\/portal\/wp-json\/wp\/v2\/users\/1"}],"replies":[{"embeddable":true,"href":"https:\/\/www.elamazonico.com\/portal\/wp-json\/wp\/v2\/comments?post=28899"}],"version-history":[{"count":1,"href":"https:\/\/www.elamazonico.com\/portal\/wp-json\/wp\/v2\/posts\/28899\/revisions"}],"predecessor-version":[{"id":28901,"href":"https:\/\/www.elamazonico.com\/portal\/wp-json\/wp\/v2\/posts\/28899\/revisions\/28901"}],"wp:featuredmedia":[{"embeddable":true,"href":"https:\/\/www.elamazonico.com\/portal\/wp-json\/wp\/v2\/media\/28900"}],"wp:attachment":[{"href":"https:\/\/www.elamazonico.com\/portal\/wp-json\/wp\/v2\/media?parent=28899"}],"wp:term":[{"taxonomy":"category","embeddable":true,"href":"https:\/\/www.elamazonico.com\/portal\/wp-json\/wp\/v2\/categories?post=28899"},{"taxonomy":"post_tag","embeddable":true,"href":"https:\/\/www.elamazonico.com\/portal\/wp-json\/wp\/v2\/tags?post=28899"}],"curies":[{"name":"wp","href":"https:\/\/api.w.org\/{rel}","templated":true}]}}