{"id":28895,"date":"2026-01-21T10:36:39","date_gmt":"2026-01-21T15:36:39","guid":{"rendered":"https:\/\/www.elamazonico.com\/portal\/?p=28895"},"modified":"2026-01-21T10:36:39","modified_gmt":"2026-01-21T15:36:39","slug":"gabriela-rivadeneira-su-frase-polemica-la-defensa-de-nicolas-maduro-y-un-discurso-radical","status":"publish","type":"post","link":"https:\/\/www.elamazonico.com\/portal\/gabriela-rivadeneira-su-frase-polemica-la-defensa-de-nicolas-maduro-y-un-discurso-radical\/","title":{"rendered":"Gabriela Rivadeneira: su frase pol\u00e9mica, la defensa de Nicol\u00e1s Maduro y un discurso radical"},"content":{"rendered":"<p>\u201c(\u2026) que los pobres coman pan y los ricos mierda, mierda\u2026\u00bb.\u00a0<a href=\"https:\/\/www.ecuavisa.com\/tema\/gabriela-rivadeneira-t111422\" target=\"_blank\" rel=\"noopener\">Gabriela Rivadeneira<\/a>\u00a0regres\u00f3 a Ecuador luego de seis a\u00f1os de asilo en M\u00e9xico para tomar las riendas de la\u00a0<strong>Revoluci\u00f3n Ciudadana (RC)<\/strong>\u00a0y opositores pol\u00edticos han sacado del ba\u00fal de los recuerdos una expresi\u00f3n que gener\u00f3 pol\u00e9mica.<\/p>\n<p>La cita antes referida fue expresada en octubre de 2013, cuando Rivadeneira era presidenta de la Asamblea Nacional, durante un debate para declarar de inter\u00e9s nacional a los bloques 31 y 43 del Parque Yasun\u00ed. Luego\u00a0<strong>ofrecer\u00eda disculpas\u00a0<\/strong>y dijo que su frase iba dirigida a Chevron.<\/p>\n<div class=\"banner-context\"><\/div>\n<div class=\"ck-related-news\">\n<h2 id=\"relatedNews-91\"><strong>Gabriela Rivadeneira y sus preferencias ideol\u00f3gicas<\/strong><\/h2>\n<\/div>\n<p><strong>Gabriela Rivadeneira<\/strong>\u00a0no ha ocultado sus preferencias por gobiernos calificados como dictaduras por varias democracias, como\u00a0<strong>Venezuela, Cuba y Nicaragua.<\/strong><\/p>\n<p>En julio de 2024, por ejemplo, Gabriela Rivadeneira viaj\u00f3 a Nicaragua para conmemorar, junto a Daniel Ortega, el 35 aniversario del derrocamiento del\u00a0<strong>dictador Anastasio Somoza<\/strong>. \u201c(\u2026) para que esa antorcha de libertad, comandante Daniel, siga encendida, para nuestros hijos y futuras generaciones\u201d, dijo Rivadeneira. Aunque ahora Daniel Ortega lleva 19 a\u00f1os aferrado al poder.<\/p>\n<div class=\"banner-context\">\n<div id=\"article_desktop_block_2\" class=\"bannersaas banner-desktop\" data-google-query-id=\"CI7h0uH5nJIDFcrB8gcdH3oBcw\"><\/div>\n<\/div>\n<div>\n<div id=\"youtube-25\" class=\"ck-youtube\"><iframe id=\"71ee0577-84dd-4ec4-9150-418857c46941\" title=\"Gabriela Rivadeneira en Conmemoraci\u00f3n de Triunfo Revoluci\u00f3n Sandinista\" src=\"https:\/\/www.youtube.com\/embed\/BLUQ3AvAP3k?si=E8ZgdEQo447wSljQ&amp;enablejsapi=1\" width=\"560\" height=\"315\" frameborder=\"0\" allowfullscreen=\"allowfullscreen\" data-gtm-yt-inspected-11=\"true\" data-mce-fragment=\"1\"><\/iframe><\/div>\n<\/div>\n<p>En marzo de 2023, en un evento pol\u00edtico en Cuba, manifest\u00f3: \u201cQue viva el pueblo de Cuba, que viva la patria grande,\u00a0<strong>que viva el Che, Fidel, Ra\u00fal, que viva Miguel D\u00edaz-Canel<\/strong>. Que viva la juventud unida cubana y de Am\u00e9rica Latina\u201d.<\/p>\n<p>Y en este 2026, reconoci\u00f3 como el presidente leg\u00edtimo de Venezuela a\u00a0<strong>Nicol\u00e1s Maduro<\/strong>, no como un dictador, cuyo calificativo consider\u00f3 subjetivo y, por el contrario, se\u00f1al\u00f3 que Ecuador bajo el mandato de Daniel Noboa puede considerarse una dictadura.<\/p>\n<div>\n<div id=\"youtube-21\" class=\"ck-youtube\"><iframe id=\"65d643f6-b3b0-45e1-b3ff-0f6a78c9c9cf\" title=\"Discurso en el cierre del Coloquio #Patria2023 en la Universidad de la Habana, Cuba.\" src=\"https:\/\/www.youtube.com\/embed\/tRAHL2gssxg?si=Xihm7MaXiFy3kkDE&amp;enablejsapi=1\" width=\"560\" height=\"315\" frameborder=\"0\" allowfullscreen=\"allowfullscreen\" data-gtm-yt-inspected-11=\"true\" data-mce-fragment=\"1\"><\/iframe><\/div>\n<\/div>\n<div class=\"ck-related-news\"><\/div>\n<h2>\u00bfQu\u00e9 lograr\u00e1 la RC con Gabriela Rivadeneira?<\/h2>\n<p>Durante su posesi\u00f3n en la\u00a0<strong>Convenci\u00f3n Nacional de la RC en Manta, Rivadeneira\u00a0<\/strong>adelant\u00f3 que su gesti\u00f3n se basar\u00e1 en tres ejes: formaci\u00f3n, organizaci\u00f3n y acci\u00f3n pol\u00edtica. \u201cTres palabras que ser\u00e1n obra de la Revoluci\u00f3n Ciudadana, llen\u00e1ndola de contenido y debate\u201d.<\/p>\n<div class=\"banner-context\">\n<div id=\"article_desktop_block_3\" class=\"bannersaas banner-desktop\" data-google-query-id=\"CI_h0uH5nJIDFcrB8gcdH3oBcw\">Adem\u00e1s, ya mostr\u00f3 que tendr\u00e1 una <strong>firme oposici\u00f3n con Daniel Noboa<\/strong>. \u00ab\u00bbEl Gobierno tiene una hipocres\u00eda impresionante, al decir que perseguir\u00e1 y encerrar\u00e1 a los delincuentes, pero al mismo tiempo, pactar y ser c\u00f3mplice del crimen organizado\u00bb, manifest\u00f3.<\/div>\n<\/div>\n<p>Para Jorge Pe\u00f1afiel, exasamble\u00edsta de Construye, \u201cRivadeneira es la m\u00e1s fiel representante, no solo del corre\u00edsmo m\u00e1s recalcitrante y puro que existe, sino del chavismo y madurismo m\u00e1s rancio de Latinoam\u00e9rica\u201d.<\/p>\n<p>Entonces, \u00bfpor qu\u00e9 la Revoluci\u00f3n Ciudadana opt\u00f3 por su figura?\u00a0<strong>Alfredo Espinosa, analista pol\u00edtico,\u00a0<\/strong>considera que la presidencia de Rivadeneira tiene dos puntales. El primero, para que el movimiento pol\u00edtico \u201cno se le vaya de las manos\u201d a\u00a0<strong>Rafael Correa<\/strong>\u00a0y no se \u201cvaya desgranando con sus cuadros de trayectoria\u201d.<\/p>\n<div class=\"banner-context\">\n<div id=\"article_desktop_block_4\" class=\"bannersaas banner-desktop\" data-google-query-id=\"CJDh0uH5nJIDFcrB8gcdH3oBcw\">\u00abYa pas\u00f3 con <strong>Marcela Agui\u00f1aga<\/strong>, podr\u00eda pasar con\u00a0<strong>Pabel Mu\u00f1oz.<\/strong>\u00a0Me parece que Rivadeneira se convierte en una suerte de im\u00e1n que le permite a Correa tener cierto control sobre el partido, algo que Luisa Gonz\u00e1lez ya no estaba garantizando\u00bb.<\/div>\n<\/div>\n<p>Sin embargo, Espinosa sostiene que Rivadeneira no le sumar\u00e1 nada a la RC por fuera del movimiento. Al contrario, dice que puede ser un \u201ccaramelo\u201d para que el oficialismo le reproche su postura con Nicol\u00e1s Maduro. Asimismo, no ve que esto sume a que la RC gane votos con un\u00a0<strong>\u201cdiscurso radicalizado y fan\u00e1tico\u201d.\u00a0<\/strong>\u201cEl elector no se encuadra con los extremos. Ella ha sido muy clara en su apoyo a Nicaragua, Cuba y Venezuela y la mayor\u00eda de los ciudadanos no est\u00e1 en esa din\u00e1mica\u201d, sentencia.<\/p>\n<p><strong>Gissela Garz\u00f3n, exasamble\u00edsta de la RC,<\/strong>\u00a0se\u00f1ala que \u201cla cr\u00edtica viene de una radicalidad, la derecha, que hunde a los pa\u00edses en situaciones complejas, inequitativas y violentas como la que vivimos\u201d.<\/p>\n<div class=\"banner-context\">\n<div id=\"article_desktop_block_5\" class=\"bannersaas banner-desktop\" data-google-query-id=\"CJHh0uH5nJIDFcrB8gcdH3oBcw\">Agreg\u00f3: \u201cEl retorno de la compa\u00f1era Gabriela y las m\u00faltiples muestras de respaldo dentro y fuera del pa\u00eds dan cuenta de lo que representa, adem\u00e1s de una muestra de unidad y de indispensable claridad ideol\u00f3gica en un momento pa\u00eds que nos exige eso. Ecuador vive a\u00f1os de crisis que, en lugar de mejorar, se profundiza, por lo tanto, la respuesta de los movimientos y partidos a eso debe ser clara y contundente. Mientras la derecha cuida por sus negocios e incrementa sus ganancias, la izquierda piensa en la gente, llena los hospitales de medicinas y las escuelas de alumnos y libros. (\u2026) La compa\u00f1era Gabriela tiene un sinn\u00famero de fortalezas; la distancia no ha significado desconexi\u00f3n con lo que ocurre en el pa\u00eds, por el contrario, siempre se mantuvo cercana con la militancia. Desde Instituto IDEAL, generaron una serie de espacios de capacitaci\u00f3n que incluyeron hasta publicaciones de libros, es decir, lidera con sentido colectivo.<\/div>\n<\/div>\n<p>Nuestro proyecto pol\u00edtico ha superado y resistido muchas etapas; apenas hacia el 2023 tuvimos de nuevo casillero propio para las elecciones de entonces. A nadie le ha tocado f\u00e1cil, la violencia golpea tambi\u00e9n y hemos perdido compa\u00f1eros. Todo eso se conjuga ahora para que la directiva posesionada avance sin pausa pero sin prisa, y aqu\u00ed estaremos las y los militantes para asumir la tarea que nos encarguen y hacerlo bien\u201d.<\/p>\n<p>Fuente: Ecuavisa<\/p>\n","protected":false},"excerpt":{"rendered":"<p>\u201c(\u2026) que los pobres coman pan y los ricos mierda, mierda\u2026\u00bb.\u00a0Gabriela Rivadeneira\u00a0regres\u00f3 a Ecuador luego de seis a\u00f1os de asilo en M\u00e9xico para tomar las riendas de la\u00a0Revoluci\u00f3n Ciudadana (RC)\u00a0y opositores pol\u00edticos han sacado del ba\u00fal de los recuerdos una expresi\u00f3n que gener\u00f3 pol\u00e9mica. La cita antes referida fue expresada en octubre de 2013, cuando Rivadeneira era presidenta de la Asamblea Nacional, durante un debate para declarar de inter\u00e9s nacional a los bloques 31 y 43 del Parque Yasun\u00ed. Luego\u00a0ofrecer\u00eda disculpas\u00a0y dijo que su frase iba dirigida a Chevron. Gabriela Rivadeneira y sus preferencias ideol\u00f3gicas Gabriela Rivadeneira\u00a0no ha ocultado sus preferencias por gobiernos calificados como dictaduras por varias democracias, como\u00a0Venezuela, Cuba y Nicaragua. En julio de 2024, por ejemplo, Gabriela Rivadeneira viaj\u00f3 a Nicaragua para conmemorar, junto a Daniel Ortega, el 35 aniversario del derrocamiento del\u00a0dictador Anastasio Somoza. \u201c(\u2026) para que esa antorcha de libertad, comandante Daniel, siga encendida, para nuestros hijos y futuras generaciones\u201d, dijo Rivadeneira. Aunque ahora Daniel Ortega lleva 19 a\u00f1os aferrado al poder. En marzo de 2023, en un evento pol\u00edtico en Cuba, manifest\u00f3: \u201cQue viva el pueblo de Cuba, que viva la patria grande,\u00a0que viva el Che, Fidel, Ra\u00fal, que viva Miguel D\u00edaz-Canel. Que viva la juventud unida cubana y de Am\u00e9rica Latina\u201d. Y en este 2026, reconoci\u00f3 como el presidente leg\u00edtimo de Venezuela a\u00a0Nicol\u00e1s Maduro, no como un dictador, cuyo calificativo consider\u00f3 subjetivo y, por el contrario, se\u00f1al\u00f3 que Ecuador bajo el mandato de Daniel Noboa puede considerarse una dictadura. \u00bfQu\u00e9 lograr\u00e1 la RC con Gabriela Rivadeneira? Durante su posesi\u00f3n en la\u00a0Convenci\u00f3n Nacional de la RC en Manta, Rivadeneira\u00a0adelant\u00f3 que su gesti\u00f3n se basar\u00e1 en tres ejes: formaci\u00f3n, organizaci\u00f3n y acci\u00f3n pol\u00edtica. \u201cTres palabras que ser\u00e1n obra de la Revoluci\u00f3n Ciudadana, llen\u00e1ndola de contenido y debate\u201d. Adem\u00e1s, ya mostr\u00f3 que tendr\u00e1 una firme oposici\u00f3n con Daniel Noboa. \u00ab\u00bbEl Gobierno tiene una hipocres\u00eda impresionante, al decir que perseguir\u00e1 y encerrar\u00e1 a los delincuentes, pero al mismo tiempo, pactar y ser c\u00f3mplice del crimen organizado\u00bb, manifest\u00f3. Para Jorge Pe\u00f1afiel, exasamble\u00edsta de Construye, \u201cRivadeneira es la m\u00e1s fiel representante, no solo del corre\u00edsmo m\u00e1s recalcitrante y puro que existe, sino del chavismo y madurismo m\u00e1s rancio de Latinoam\u00e9rica\u201d. Entonces, \u00bfpor qu\u00e9 la Revoluci\u00f3n Ciudadana opt\u00f3 por su figura?\u00a0Alfredo Espinosa, analista pol\u00edtico,\u00a0considera que la presidencia de Rivadeneira tiene dos puntales. El primero, para que el movimiento pol\u00edtico \u201cno se le vaya de las manos\u201d a\u00a0Rafael Correa\u00a0y no se \u201cvaya desgranando con sus cuadros de trayectoria\u201d. \u00abYa pas\u00f3 con Marcela Agui\u00f1aga, podr\u00eda pasar con\u00a0Pabel Mu\u00f1oz.\u00a0Me parece que Rivadeneira se convierte en una suerte de im\u00e1n que le permite a Correa tener cierto control sobre el partido, algo que Luisa Gonz\u00e1lez ya no estaba garantizando\u00bb. Sin embargo, Espinosa sostiene que Rivadeneira no le sumar\u00e1 nada a la RC por fuera del movimiento. Al contrario, dice que puede ser un \u201ccaramelo\u201d para que el oficialismo le reproche su postura con Nicol\u00e1s Maduro. Asimismo, no ve que esto sume a que la RC gane votos con un\u00a0\u201cdiscurso radicalizado y fan\u00e1tico\u201d.\u00a0\u201cEl elector no se encuadra con los extremos. Ella ha sido muy clara en su apoyo a Nicaragua, Cuba y Venezuela y la mayor\u00eda de los ciudadanos no est\u00e1 en esa din\u00e1mica\u201d, sentencia. Gissela Garz\u00f3n, exasamble\u00edsta de la RC,\u00a0se\u00f1ala que \u201cla cr\u00edtica viene de una radicalidad, la derecha, que hunde a los pa\u00edses en situaciones complejas, inequitativas y violentas como la que vivimos\u201d. Agreg\u00f3: \u201cEl retorno de la compa\u00f1era Gabriela y las m\u00faltiples muestras de respaldo dentro y fuera del pa\u00eds dan cuenta de lo que representa, adem\u00e1s de una muestra de unidad y de indispensable claridad ideol\u00f3gica en un momento pa\u00eds que nos exige eso. Ecuador vive a\u00f1os de crisis que, en lugar de mejorar, se profundiza, por lo tanto, la respuesta de los movimientos y partidos a eso debe ser clara y contundente. Mientras la derecha cuida por sus negocios e incrementa sus ganancias, la izquierda piensa en la gente, llena los hospitales de medicinas y las escuelas de alumnos y libros. (\u2026) La compa\u00f1era Gabriela tiene un sinn\u00famero de fortalezas; la distancia no ha significado desconexi\u00f3n con lo que ocurre en el pa\u00eds, por el contrario, siempre se mantuvo cercana con la militancia. Desde Instituto IDEAL, generaron una serie de espacios de capacitaci\u00f3n que incluyeron hasta publicaciones de libros, es decir, lidera con sentido colectivo. Nuestro proyecto pol\u00edtico ha superado y resistido muchas etapas; apenas hacia el 2023 tuvimos de nuevo casillero propio para las elecciones de entonces. A nadie le ha tocado f\u00e1cil, la violencia golpea tambi\u00e9n y hemos perdido compa\u00f1eros. Todo eso se conjuga ahora para que la directiva posesionada avance sin pausa pero sin prisa, y aqu\u00ed estaremos las y los militantes para asumir la tarea que nos encarguen y hacerlo bien\u201d. Fuente: Ecuavisa<\/p>\n","protected":false},"author":1,"featured_media":28896,"comment_status":"closed","ping_status":"closed","sticky":false,"template":"","format":"standard","meta":{"footnotes":""},"categories":[268],"tags":[],"class_list":["post-28895","post","type-post","status-publish","format-standard","has-post-thumbnail","hentry","category-nacionales"],"_links":{"self":[{"href":"https:\/\/www.elamazonico.com\/portal\/wp-json\/wp\/v2\/posts\/28895","targetHints":{"allow":["GET"]}}],"collection":[{"href":"https:\/\/www.elamazonico.com\/portal\/wp-json\/wp\/v2\/posts"}],"about":[{"href":"https:\/\/www.elamazonico.com\/portal\/wp-json\/wp\/v2\/types\/post"}],"author":[{"embeddable":true,"href":"https:\/\/www.elamazonico.com\/portal\/wp-json\/wp\/v2\/users\/1"}],"replies":[{"embeddable":true,"href":"https:\/\/www.elamazonico.com\/portal\/wp-json\/wp\/v2\/comments?post=28895"}],"version-history":[{"count":1,"href":"https:\/\/www.elamazonico.com\/portal\/wp-json\/wp\/v2\/posts\/28895\/revisions"}],"predecessor-version":[{"id":28897,"href":"https:\/\/www.elamazonico.com\/portal\/wp-json\/wp\/v2\/posts\/28895\/revisions\/28897"}],"wp:featuredmedia":[{"embeddable":true,"href":"https:\/\/www.elamazonico.com\/portal\/wp-json\/wp\/v2\/media\/28896"}],"wp:attachment":[{"href":"https:\/\/www.elamazonico.com\/portal\/wp-json\/wp\/v2\/media?parent=28895"}],"wp:term":[{"taxonomy":"category","embeddable":true,"href":"https:\/\/www.elamazonico.com\/portal\/wp-json\/wp\/v2\/categories?post=28895"},{"taxonomy":"post_tag","embeddable":true,"href":"https:\/\/www.elamazonico.com\/portal\/wp-json\/wp\/v2\/tags?post=28895"}],"curies":[{"name":"wp","href":"https:\/\/api.w.org\/{rel}","templated":true}]}}