{"id":28892,"date":"2026-01-21T09:43:12","date_gmt":"2026-01-21T14:43:12","guid":{"rendered":"https:\/\/www.elamazonico.com\/portal\/?p=28892"},"modified":"2026-01-21T09:43:12","modified_gmt":"2026-01-21T14:43:12","slug":"bloque-de-seguridad-incauta-37-bultos-de-droga-en-operativo-en-altamar-en-galapagos","status":"publish","type":"post","link":"https:\/\/www.elamazonico.com\/portal\/bloque-de-seguridad-incauta-37-bultos-de-droga-en-operativo-en-altamar-en-galapagos\/","title":{"rendered":"Bloque de Seguridad incauta 37 bultos de droga en operativo en altamar en Gal\u00e1pagos"},"content":{"rendered":"<p>El\u00a0<a href=\"https:\/\/www.eltelegrafo.com.ec\/noticias\/nacionales\/210\/bloque-seguridad-interviene-puertos-guayaquil\"><strong>Bloque de Seguridad,<\/strong><\/a>\u00a0a trav\u00e9s de un trabajo conjunto entre la Polic\u00eda Nacional y las Fuerzas Armadas, logr\u00f3 la incautaci\u00f3n de\u00a0<strong>37 bultos de droga<\/strong>\u00a0en una operaci\u00f3n realizada en altamar, a aproximadamente 340 millas n\u00e1uticas al sur de las\u00a0<strong>islas Gal\u00e1pagos.<\/strong><\/p>\n<p>Los detalles del operativo los inform\u00f3 el\u00a0<a href=\"https:\/\/www.eltelegrafo.com.ec\/noticias\/nacionales\/210\/reimberg-cooperacion-internacional-operativos-mocoli\"><strong>ministro del Interior, John Reimber<\/strong><\/a>g a trav\u00e9s de su cuenta de X.<\/p>\n<p data-start=\"891\" data-end=\"1196\">El operativo se desarrolla como parte de los controles permanentes que se ejecutan en rutas mar\u00edtimas utilizadas por organizaciones dedicadas al narcotr\u00e1fico. Las autoridades detectaron la carga sospechosa durante labores de patrullaje y seguimiento en aguas internacionales.<\/p>\n<p data-start=\"1198\" data-end=\"1436\">Los bultos, que conten\u00edan presuntas sustancias sujetas a fiscalizaci\u00f3n, fueron identificados y trasladados al puerto m\u00e1s cercano para continuar con el procedimiento legal correspondiente.<\/p>\n<p data-start=\"1438\" data-end=\"1640\">Las autoridades informaron que la droga qued\u00f3 bajo cadena de custodia y ser\u00e1 sometida a las pericias t\u00e9cnicas para determinar el tipo exacto de sustancia, su peso total y el posible destino de la carga.<\/p>\n","protected":false},"excerpt":{"rendered":"<p>El\u00a0Bloque de Seguridad,\u00a0a trav\u00e9s de un trabajo conjunto entre la Polic\u00eda Nacional y las Fuerzas Armadas, logr\u00f3 la incautaci\u00f3n de\u00a037 bultos de droga\u00a0en una operaci\u00f3n realizada en altamar, a aproximadamente 340 millas n\u00e1uticas al sur de las\u00a0islas Gal\u00e1pagos. Los detalles del operativo los inform\u00f3 el\u00a0ministro del Interior, John Reimberg a trav\u00e9s de su cuenta de X. El operativo se desarrolla como parte de los controles permanentes que se ejecutan en rutas mar\u00edtimas utilizadas por organizaciones dedicadas al narcotr\u00e1fico. Las autoridades detectaron la carga sospechosa durante labores de patrullaje y seguimiento en aguas internacionales. Los bultos, que conten\u00edan presuntas sustancias sujetas a fiscalizaci\u00f3n, fueron identificados y trasladados al puerto m\u00e1s cercano para continuar con el procedimiento legal correspondiente. Las autoridades informaron que la droga qued\u00f3 bajo cadena de custodia y ser\u00e1 sometida a las pericias t\u00e9cnicas para determinar el tipo exacto de sustancia, su peso total y el posible destino de la carga.<\/p>\n","protected":false},"author":1,"featured_media":28893,"comment_status":"closed","ping_status":"closed","sticky":false,"template":"","format":"standard","meta":{"footnotes":""},"categories":[268],"tags":[],"class_list":["post-28892","post","type-post","status-publish","format-standard","has-post-thumbnail","hentry","category-nacionales"],"_links":{"self":[{"href":"https:\/\/www.elamazonico.com\/portal\/wp-json\/wp\/v2\/posts\/28892","targetHints":{"allow":["GET"]}}],"collection":[{"href":"https:\/\/www.elamazonico.com\/portal\/wp-json\/wp\/v2\/posts"}],"about":[{"href":"https:\/\/www.elamazonico.com\/portal\/wp-json\/wp\/v2\/types\/post"}],"author":[{"embeddable":true,"href":"https:\/\/www.elamazonico.com\/portal\/wp-json\/wp\/v2\/users\/1"}],"replies":[{"embeddable":true,"href":"https:\/\/www.elamazonico.com\/portal\/wp-json\/wp\/v2\/comments?post=28892"}],"version-history":[{"count":1,"href":"https:\/\/www.elamazonico.com\/portal\/wp-json\/wp\/v2\/posts\/28892\/revisions"}],"predecessor-version":[{"id":28894,"href":"https:\/\/www.elamazonico.com\/portal\/wp-json\/wp\/v2\/posts\/28892\/revisions\/28894"}],"wp:featuredmedia":[{"embeddable":true,"href":"https:\/\/www.elamazonico.com\/portal\/wp-json\/wp\/v2\/media\/28893"}],"wp:attachment":[{"href":"https:\/\/www.elamazonico.com\/portal\/wp-json\/wp\/v2\/media?parent=28892"}],"wp:term":[{"taxonomy":"category","embeddable":true,"href":"https:\/\/www.elamazonico.com\/portal\/wp-json\/wp\/v2\/categories?post=28892"},{"taxonomy":"post_tag","embeddable":true,"href":"https:\/\/www.elamazonico.com\/portal\/wp-json\/wp\/v2\/tags?post=28892"}],"curies":[{"name":"wp","href":"https:\/\/api.w.org\/{rel}","templated":true}]}}