{"id":28882,"date":"2026-01-20T10:28:06","date_gmt":"2026-01-20T15:28:06","guid":{"rendered":"https:\/\/www.elamazonico.com\/portal\/?p=28882"},"modified":"2026-01-20T10:28:06","modified_gmt":"2026-01-20T15:28:06","slug":"rosa-torres-se-ha-orquestado-una-campana-para-intentar-deslegitimarme","status":"publish","type":"post","link":"https:\/\/www.elamazonico.com\/portal\/rosa-torres-se-ha-orquestado-una-campana-para-intentar-deslegitimarme\/","title":{"rendered":"Rosa Torres: \u201cSe ha orquestado una campa\u00f1a para intentar deslegitimarme\u201d"},"content":{"rendered":"<p>La asamble\u00edsta por el movimiento\u00a0<strong>Acci\u00f3n Democr\u00e1tica Nacional<\/strong>\u00a0(ADN)\u00a0<strong>Rosa Torres<\/strong>\u00a0calific\u00f3 como\u00a0<b>\u201cuna campa\u00f1a cuidadosamente planificada\u201d\u00a0<\/b>la difusi\u00f3n de videos, fotograf\u00edas y otros contenidos que, seg\u00fan explic\u00f3, han sido manipulados o sacados de contexto con el objetivo de afectar su imagen p\u00fablica.<\/p>\n<p data-start=\"1116\" data-end=\"1568\">\u201cRechazo estas pr\u00e1cticas y aclaro que no tengo ning\u00fan v\u00ednculo con hechos que puedan estar relacionados con actividades il\u00edcitas. Yo no soy responsable por los actos que puedan cometer terceras personas. Yo respondo por mis acciones, mis principios y mi trayectoria acad\u00e9mica me han llevado a trabajar en el servicio p\u00fablico desde distintos espacios donde la honestidad ha sido la gu\u00eda de mis actos\u201d, afirm\u00f3 la legisladora.<\/p>\n<p data-start=\"1570\" data-end=\"1928\">Torres sostuvo que estos ataques coinciden con su trabajo en la Asamblea Nacional, donde ha impulsado reformas orientadas a transparentar los procesos de selecci\u00f3n de jueces, fiscales y notarios, as\u00ed como a eliminar conflictos de inter\u00e9s dentro del sistema judicial.<\/p>\n<p data-start=\"1930\" data-end=\"2109\"><strong>\u201cSi creen que me van a amedrentar, est\u00e1n equivocados\u201d,<\/strong>\u00a0se\u00f1al\u00f3.<\/p>\n<p data-start=\"2111\" data-end=\"2405\">La asamble\u00edsta tambi\u00e9n hizo un llamado a no desviar la atenci\u00f3n de los temas prioritarios para el pa\u00eds y a elevar el nivel del debate p\u00fablico. \u201cNo caigamos en el juego de los cobardes que hoy intentan desviar la atenci\u00f3n de los temas realmente importantes para defender sus intereses\u201d, expres\u00f3.<\/p>\n<p data-start=\"2407\" data-end=\"2786\">Torres mencion\u00f3 que las im\u00e1genes que circularon en redes sociales la relacionan de manera indirecta con personas vinculadas a hechos violentos ocurridos recientemente, entre ellos el caso de Stalin O., conocido como<strong>\u00a0alias \u201cMarino\u201d,<\/strong>\u00a0asesinado en una incursi\u00f3n armada en la isla Mocol\u00ed. Sin embargo, reiter\u00f3 que<strong>\u00a0no mantiene relaci\u00f3n alguna con esos acontecimientos.<\/strong><\/p>\n<p data-start=\"2788\" data-end=\"3010\">En d\u00edas pasados, Torres habl\u00f3 sobre una campa\u00f1a de\u00a0<strong>\u00abtrolls\u00bb\u00a0<\/strong>pagadas por el corre\u00edsmo que han querido involucrarla en este caso.\u00a0\u201cEs lamentable como ponen estas falsas acusaciones. No es un video actual. No es coincidencia que hoy cuando vamos a tratar reformas profundas al sistema de administraci\u00f3n de justicia\u201d, se\u00f1al\u00f3 la tambi\u00e9n presidenta de la Comisi\u00f3n de Justicia.<\/p>\n","protected":false},"excerpt":{"rendered":"<p>La asamble\u00edsta por el movimiento\u00a0Acci\u00f3n Democr\u00e1tica Nacional\u00a0(ADN)\u00a0Rosa Torres\u00a0calific\u00f3 como\u00a0\u201cuna campa\u00f1a cuidadosamente planificada\u201d\u00a0la difusi\u00f3n de videos, fotograf\u00edas y otros contenidos que, seg\u00fan explic\u00f3, han sido manipulados o sacados de contexto con el objetivo de afectar su imagen p\u00fablica. \u201cRechazo estas pr\u00e1cticas y aclaro que no tengo ning\u00fan v\u00ednculo con hechos que puedan estar relacionados con actividades il\u00edcitas. Yo no soy responsable por los actos que puedan cometer terceras personas. Yo respondo por mis acciones, mis principios y mi trayectoria acad\u00e9mica me han llevado a trabajar en el servicio p\u00fablico desde distintos espacios donde la honestidad ha sido la gu\u00eda de mis actos\u201d, afirm\u00f3 la legisladora. Torres sostuvo que estos ataques coinciden con su trabajo en la Asamblea Nacional, donde ha impulsado reformas orientadas a transparentar los procesos de selecci\u00f3n de jueces, fiscales y notarios, as\u00ed como a eliminar conflictos de inter\u00e9s dentro del sistema judicial. \u201cSi creen que me van a amedrentar, est\u00e1n equivocados\u201d,\u00a0se\u00f1al\u00f3. La asamble\u00edsta tambi\u00e9n hizo un llamado a no desviar la atenci\u00f3n de los temas prioritarios para el pa\u00eds y a elevar el nivel del debate p\u00fablico. \u201cNo caigamos en el juego de los cobardes que hoy intentan desviar la atenci\u00f3n de los temas realmente importantes para defender sus intereses\u201d, expres\u00f3. Torres mencion\u00f3 que las im\u00e1genes que circularon en redes sociales la relacionan de manera indirecta con personas vinculadas a hechos violentos ocurridos recientemente, entre ellos el caso de Stalin O., conocido como\u00a0alias \u201cMarino\u201d,\u00a0asesinado en una incursi\u00f3n armada en la isla Mocol\u00ed. Sin embargo, reiter\u00f3 que\u00a0no mantiene relaci\u00f3n alguna con esos acontecimientos. En d\u00edas pasados, Torres habl\u00f3 sobre una campa\u00f1a de\u00a0\u00abtrolls\u00bb\u00a0pagadas por el corre\u00edsmo que han querido involucrarla en este caso.\u00a0\u201cEs lamentable como ponen estas falsas acusaciones. No es un video actual. No es coincidencia que hoy cuando vamos a tratar reformas profundas al sistema de administraci\u00f3n de justicia\u201d, se\u00f1al\u00f3 la tambi\u00e9n presidenta de la Comisi\u00f3n de Justicia.<\/p>\n","protected":false},"author":1,"featured_media":28883,"comment_status":"closed","ping_status":"closed","sticky":false,"template":"","format":"standard","meta":{"footnotes":""},"categories":[268],"tags":[],"class_list":["post-28882","post","type-post","status-publish","format-standard","has-post-thumbnail","hentry","category-nacionales"],"_links":{"self":[{"href":"https:\/\/www.elamazonico.com\/portal\/wp-json\/wp\/v2\/posts\/28882","targetHints":{"allow":["GET"]}}],"collection":[{"href":"https:\/\/www.elamazonico.com\/portal\/wp-json\/wp\/v2\/posts"}],"about":[{"href":"https:\/\/www.elamazonico.com\/portal\/wp-json\/wp\/v2\/types\/post"}],"author":[{"embeddable":true,"href":"https:\/\/www.elamazonico.com\/portal\/wp-json\/wp\/v2\/users\/1"}],"replies":[{"embeddable":true,"href":"https:\/\/www.elamazonico.com\/portal\/wp-json\/wp\/v2\/comments?post=28882"}],"version-history":[{"count":1,"href":"https:\/\/www.elamazonico.com\/portal\/wp-json\/wp\/v2\/posts\/28882\/revisions"}],"predecessor-version":[{"id":28884,"href":"https:\/\/www.elamazonico.com\/portal\/wp-json\/wp\/v2\/posts\/28882\/revisions\/28884"}],"wp:featuredmedia":[{"embeddable":true,"href":"https:\/\/www.elamazonico.com\/portal\/wp-json\/wp\/v2\/media\/28883"}],"wp:attachment":[{"href":"https:\/\/www.elamazonico.com\/portal\/wp-json\/wp\/v2\/media?parent=28882"}],"wp:term":[{"taxonomy":"category","embeddable":true,"href":"https:\/\/www.elamazonico.com\/portal\/wp-json\/wp\/v2\/categories?post=28882"},{"taxonomy":"post_tag","embeddable":true,"href":"https:\/\/www.elamazonico.com\/portal\/wp-json\/wp\/v2\/tags?post=28882"}],"curies":[{"name":"wp","href":"https:\/\/api.w.org\/{rel}","templated":true}]}}