{"id":28874,"date":"2026-01-19T22:50:45","date_gmt":"2026-01-20T03:50:45","guid":{"rendered":"https:\/\/www.elamazonico.com\/portal\/?p=28874"},"modified":"2026-01-19T22:50:45","modified_gmt":"2026-01-20T03:50:45","slug":"aparecen-muertos-en-la-carcel-del-inca-dos-hermanos-detenidos-por-presunta-extorsion","status":"publish","type":"post","link":"https:\/\/www.elamazonico.com\/portal\/aparecen-muertos-en-la-carcel-del-inca-dos-hermanos-detenidos-por-presunta-extorsion\/","title":{"rendered":"Aparecen muertos en la c\u00e1rcel del Inca dos hermanos detenidos por presunta extorsi\u00f3n"},"content":{"rendered":"<div class=\"paragraph texto\">\n<p class=\"p_0\"><b>Dos hombres fueron hallados sin vida el domingo en la noche en una prisi\u00f3n de Quito, a donde fueron trasladados luego de haber sido detenidos el pasado viernes en Tumbaco por el delito de extorsi\u00f3n y por estar presuntamente vinculados al grupo delictivo\u00a0<a href=\"https:\/\/www.vistazo.com\/cronologia\/-\/meta\/los-lobos\">Los Lobos<\/a>.<\/b><\/p>\n<p class=\"p_2\">Seg\u00fan confirmaron a EFE fuentes policiales este lunes, las v\u00edctimas corresponden a los\u00a0<b>alias Klever y Kevin<\/b>, de 43 y 27 a\u00f1os, quienes hab\u00edan sido arrestados junto a otras dos personas por supuestamente\u00a0<b>extorsionar a los propietarios de un local comercial<\/b>, a los que exigieron el pago de USD 5.000 para\u00a0<b>no atentar contra su integridad y la de sus trabajadores.<\/b><\/p>\n<p class=\"p_3\">En ese operativo, ocurrido el pasado viernes,\u00a0<b>la Polic\u00eda detuvo a cuatro personas implicadas<\/b>, todas se\u00f1aladas como presuntos integrantes de<b>\u00a0Los Lobos<\/b>, una de las organizaciones delictivas m\u00e1s activas en el pa\u00eds.<\/p>\n<p class=\"p_4\">Klever registraba\u00a0<b>antecedentes por asesinato y tenencia il\u00edcita de armas<\/b>, mientras que Kevin ten\u00eda procesos por porte no autorizado de armas y municiones.<\/p>\n<\/div>\n<h2 class=\"h2vistazo\">Las causas de las muertes son desconocidas a\u00fan<\/h2>\n<div class=\"paragraph texto\">\n<p class=\"p_5\">El Servicio Nacional de Atenci\u00f3n Integral a Personas Adultas Privadas de la Libertad y a Adolescentes Infractores (SNAI) confirm\u00f3 que<b>\u00a0los decesos ocurrieron la noche del 18 de enero en la c\u00e1rcel de El Inca<\/b>, en el norte de la capital, a donde los detenidos hab\u00edan sido trasladados.<\/p>\n<p class=\"p_6\">Con base en las pericias de la Polic\u00eda Nacional y de Medicina Legal,\u00a0<b>todav\u00eda se desconocen las causas de los fallecimientos.<\/b><\/p>\n<p class=\"p_8\">Algunas prisiones est\u00e1n\u00a0<b>militarizadas\u00a0<\/b>y otras bajo control de la Polic\u00eda Nacional en el marco del\u00a0<b>\u00abconflicto armado interno\u00bb\u00a0<\/b>que el presidente de Ecuador, Daniel Noboa, declar\u00f3 en 2024 para luchar contra las bandas delictivas, a quienes se les atribuye la<b>\u00a0escalada de violencia\u00a0<\/b>que ha llevado al pa\u00eds a estar a la cabeza del \u00edndice de homicidios en Latinoam\u00e9rica. <strong>Fuente: Vistazo<\/strong><\/p>\n<\/div>\n","protected":false},"excerpt":{"rendered":"<p>Dos hombres fueron hallados sin vida el domingo en la noche en una prisi\u00f3n de Quito, a donde fueron trasladados luego de haber sido detenidos el pasado viernes en Tumbaco por el delito de extorsi\u00f3n y por estar presuntamente vinculados al grupo delictivo\u00a0Los Lobos. Seg\u00fan confirmaron a EFE fuentes policiales este lunes, las v\u00edctimas corresponden a los\u00a0alias Klever y Kevin, de 43 y 27 a\u00f1os, quienes hab\u00edan sido arrestados junto a otras dos personas por supuestamente\u00a0extorsionar a los propietarios de un local comercial, a los que exigieron el pago de USD 5.000 para\u00a0no atentar contra su integridad y la de sus trabajadores. En ese operativo, ocurrido el pasado viernes,\u00a0la Polic\u00eda detuvo a cuatro personas implicadas, todas se\u00f1aladas como presuntos integrantes de\u00a0Los Lobos, una de las organizaciones delictivas m\u00e1s activas en el pa\u00eds. Klever registraba\u00a0antecedentes por asesinato y tenencia il\u00edcita de armas, mientras que Kevin ten\u00eda procesos por porte no autorizado de armas y municiones. Las causas de las muertes son desconocidas a\u00fan El Servicio Nacional de Atenci\u00f3n Integral a Personas Adultas Privadas de la Libertad y a Adolescentes Infractores (SNAI) confirm\u00f3 que\u00a0los decesos ocurrieron la noche del 18 de enero en la c\u00e1rcel de El Inca, en el norte de la capital, a donde los detenidos hab\u00edan sido trasladados. Con base en las pericias de la Polic\u00eda Nacional y de Medicina Legal,\u00a0todav\u00eda se desconocen las causas de los fallecimientos. Algunas prisiones est\u00e1n\u00a0militarizadas\u00a0y otras bajo control de la Polic\u00eda Nacional en el marco del\u00a0\u00abconflicto armado interno\u00bb\u00a0que el presidente de Ecuador, Daniel Noboa, declar\u00f3 en 2024 para luchar contra las bandas delictivas, a quienes se les atribuye la\u00a0escalada de violencia\u00a0que ha llevado al pa\u00eds a estar a la cabeza del \u00edndice de homicidios en Latinoam\u00e9rica. Fuente: Vistazo<\/p>\n","protected":false},"author":1,"featured_media":28875,"comment_status":"closed","ping_status":"closed","sticky":false,"template":"","format":"standard","meta":{"footnotes":""},"categories":[268],"tags":[],"class_list":["post-28874","post","type-post","status-publish","format-standard","has-post-thumbnail","hentry","category-nacionales"],"_links":{"self":[{"href":"https:\/\/www.elamazonico.com\/portal\/wp-json\/wp\/v2\/posts\/28874","targetHints":{"allow":["GET"]}}],"collection":[{"href":"https:\/\/www.elamazonico.com\/portal\/wp-json\/wp\/v2\/posts"}],"about":[{"href":"https:\/\/www.elamazonico.com\/portal\/wp-json\/wp\/v2\/types\/post"}],"author":[{"embeddable":true,"href":"https:\/\/www.elamazonico.com\/portal\/wp-json\/wp\/v2\/users\/1"}],"replies":[{"embeddable":true,"href":"https:\/\/www.elamazonico.com\/portal\/wp-json\/wp\/v2\/comments?post=28874"}],"version-history":[{"count":1,"href":"https:\/\/www.elamazonico.com\/portal\/wp-json\/wp\/v2\/posts\/28874\/revisions"}],"predecessor-version":[{"id":28876,"href":"https:\/\/www.elamazonico.com\/portal\/wp-json\/wp\/v2\/posts\/28874\/revisions\/28876"}],"wp:featuredmedia":[{"embeddable":true,"href":"https:\/\/www.elamazonico.com\/portal\/wp-json\/wp\/v2\/media\/28875"}],"wp:attachment":[{"href":"https:\/\/www.elamazonico.com\/portal\/wp-json\/wp\/v2\/media?parent=28874"}],"wp:term":[{"taxonomy":"category","embeddable":true,"href":"https:\/\/www.elamazonico.com\/portal\/wp-json\/wp\/v2\/categories?post=28874"},{"taxonomy":"post_tag","embeddable":true,"href":"https:\/\/www.elamazonico.com\/portal\/wp-json\/wp\/v2\/tags?post=28874"}],"curies":[{"name":"wp","href":"https:\/\/api.w.org\/{rel}","templated":true}]}}