{"id":28866,"date":"2026-01-19T12:09:31","date_gmt":"2026-01-19T17:09:31","guid":{"rendered":"https:\/\/www.elamazonico.com\/portal\/?p=28866"},"modified":"2026-01-19T12:09:31","modified_gmt":"2026-01-19T17:09:31","slug":"presidenta-reemplazante-en-ausencia-temporal-asi-fueron-los-dias-de-maria-jose-pinto-al-frente-de-carondelet","status":"publish","type":"post","link":"https:\/\/www.elamazonico.com\/portal\/presidenta-reemplazante-en-ausencia-temporal-asi-fueron-los-dias-de-maria-jose-pinto-al-frente-de-carondelet\/","title":{"rendered":"Presidenta \u2018reemplazante en ausencia temporal\u2019: as\u00ed fueron los d\u00edas de Mar\u00eda Jos\u00e9 Pinto al frente de Carondelet"},"content":{"rendered":"<p class=\"prose-text\" data-mrf-recirculation=\"Links article\">Visitas a centros de salud, entregas de equipamiento de seguridad, reuniones con sectores sociales, productivos, diplom\u00e1ticos y la emisi\u00f3n de un solo decreto ejecutivo marcaron los diecis\u00e9is d\u00edas en los que\u00a0<b>Mar\u00eda Jos\u00e9 Pinto<\/b>\u00a0ejerci\u00f3 la Presidencia de la Rep\u00fablica por la ausencia temporal de Daniel Noboa.<\/p>\n<p class=\"prose-text\" data-mrf-recirculation=\"Links article\">La vicepresidenta asumi\u00f3 funciones bajo la denominaci\u00f3n formal de \u201c<b>presidenta de la Rep\u00fablica, reemplazante en ausencia temporal<\/b>\u201d, un nombre extenso que se repiti\u00f3 de manera sistem\u00e1tica en comunicados oficiales, actos p\u00fablicos y registros institucionales durante todo el periodo del encargo.<\/p>\n<p class=\"prose-text\" data-mrf-recirculation=\"Links article\">El reemplazo se dio tras la licencia solicitada por el presidente Daniel Noboa para atender asuntos de car\u00e1cter personal, aprobada por la Asamblea Nacional el 19 de diciembre con 81 votos. Aunque la autorizaci\u00f3n legislativa contemplaba su ausencia hasta el 18 de enero, el mandatario retom\u00f3 anticipadamente sus funciones el\u00a0<b>16 de enero<\/b>, dos d\u00edas antes de lo anunciado.<\/p>\n<div class=\"inline-element px-2 table m-auto pb-2 bg-white text-center border border-grey-100 text-xs\">\n<div id=\"ad-ampliada-4c2acb44-content\">\n<p class=\"prose-text\" data-mrf-recirculation=\"Links article\">Durante ese lapso, Pinto mantuvo una agenda concentrada principalmente en seguridad, salud, pol\u00edtica social, educaci\u00f3n y cooperaci\u00f3n internacional, con actividades registradas entre el\u00a0<b>6 y el 14 de enero<\/b>.<\/p>\n<h2 class=\"\">Seguridad y control institucional<\/h2>\n<p class=\"prose-text\" data-mrf-recirculation=\"Links article\">Los primeros d\u00edas del encargo estuvieron marcados por actividades vinculadas a la seguridad. El 6 y 7 de enero, la presidenta de la Rep\u00fablica, reemplazante en ausencia temporal, particip\u00f3 en entregas de equipamiento estrat\u00e9gico a la\u00a0<b>Polic\u00eda Nacional<\/b>, orientadas a fortalecer capacidades operativas, investigativas y log\u00edsticas.<\/p>\n<div class=\"inline-element\">\n<div>\n<div id=\"active-campaing-form-marcador\">El 7 de enero, adem\u00e1s, encabez\u00f3 la entrega de un <b>avi\u00f3n Boeing 737-500<\/b>\u00a0a la Fuerza A\u00e9rea Ecuatoriana, con el objetivo de reforzar las capacidades estrat\u00e9gicas de las Fuerzas Armadas y mejorar la respuesta ante amenazas, emergencias y operativos a escala nacional.<\/div>\n<\/div>\n<\/div>\n<div class=\"inline-element px-2 table m-auto pb-2 bg-white text-center border border-grey-100 text-xs\">\n<div id=\"ad-box1-a97dfa71-content\">\n<h2 id=\"ad-box1-a97dfa71\" class=\"m-auto flex items-center\" data-google-query-id=\"CNrjnMOLmJIDFRgbHAAdKhcOFw\"><strong>Salud y agenda social<\/strong><\/h2>\n<\/div>\n<\/div>\n<p class=\"prose-text\" data-mrf-recirculation=\"Links article\">En el \u00e1rea de salud, Pinto realiz\u00f3\u00a0<b>visitas sorpresivas a centros m\u00e9dicos p\u00fablicos<\/b>, entre ellos el Centro de Salud Tipo C de San Antonio de Pichincha, donde verific\u00f3 procesos de entrega de medicamentos, agendamiento de citas, atenci\u00f3n en farmacia y mecanismos de acceso a medicinas.<\/p>\n<p class=\"prose-text\" data-mrf-recirculation=\"Links article\">El 8 de enero, desarroll\u00f3 una agenda de trabajo en\u00a0<b>Solca Guayaquil<\/b>, donde recorri\u00f3 instalaciones, revis\u00f3 procesos y escuch\u00f3 a pacientes y personal m\u00e9dico para identificar necesidades prioritarias. Ese mismo d\u00eda lider\u00f3 el Gabinete Sectorial de lo Social, en el que se evaluaron avances y desaf\u00edos de las pol\u00edticas p\u00fablicas dirigidas a grupos de atenci\u00f3n prioritaria y se revis\u00f3 la implementaci\u00f3n de programas sociales en territorio.<\/p>\n<div class=\"inline-element px-2 table m-auto pb-2 bg-white text-center border border-grey-100 text-xs\">\n<div id=\"ad-eu_box3-d4038b62-content\">\n<div id=\"ad-eu_box3-d4038b62\" class=\"m-auto flex items-center\" data-google-query-id=\"CJ2ursWLmJIDFYYtHAAdEt0KHQ\">\n<div id=\"google_ads_iframe_\/5710037\/EU_Box3_0__container__\">El 9 de enero, mantuvo una reuni\u00f3n con representantes del Foro Permanente de la Salud para conocer la propuesta <b>Plan Salud Ecuador 2050 \u2013 Por la Vida<\/b>, enfocada en un sistema sanitario con \u00e9nfasis preventivo, biopsicosocial y en la articulaci\u00f3n de los subsistemas de salud.<\/div>\n<\/div>\n<\/div>\n<\/div>\n<p class=\"prose-text\" data-mrf-recirculation=\"Links article\">En Quito, la presidenta de la Rep\u00fablica, reemplazante por ausencia temporal, Mar\u00eda Jos\u00e9 Pinto, lider\u00f3 el conversatorio \u201cConstruyendo innovaci\u00f3n para la educaci\u00f3n intercultural biling\u00fce en el Ecuador\u201d,\u00a0<b>un espacio orientado a promover una educaci\u00f3n de calidad que reconozca y valore la diversidad cultural y ling\u00fc\u00edstica del pa\u00eds<\/b>.<\/p>\n<p class=\"prose-text\" data-mrf-recirculation=\"Links article\">El encuentro se desarroll\u00f3 con articulaci\u00f3n interinstitucional y el apoyo de la Organizaci\u00f3n de las Naciones Unidas para la Educaci\u00f3n, la Ciencia y la Cultura (Unesco).<\/p>\n<div class=\"flex justify-center overflow-hidden\" data-oembed-type=\"twitter\">\n<div class=\"twitter-tweet twitter-tweet-rendered\"><iframe id=\"twitter-widget-0\" class=\"\" title=\"X Post\" src=\"https:\/\/platform.twitter.com\/embed\/Tweet.html?creatorScreenName=eluniversocom&amp;creatorUserId=1597931854&amp;dnt=false&amp;embedId=twitter-widget-0&amp;features=eyJ0ZndfdGltZWxpbmVfbGlzdCI6eyJidWNrZXQiOltdLCJ2ZXJzaW9uIjpudWxsfSwidGZ3X2ZvbGxvd2VyX2NvdW50X3N1bnNldCI6eyJidWNrZXQiOnRydWUsInZlcnNpb24iOm51bGx9LCJ0ZndfdHdlZXRfZWRpdF9iYWNrZW5kIjp7ImJ1Y2tldCI6Im9uIiwidmVyc2lvbiI6bnVsbH0sInRmd19yZWZzcmNfc2Vzc2lvbiI6eyJidWNrZXQiOiJvbiIsInZlcnNpb24iOm51bGx9LCJ0ZndfZm9zbnJfc29mdF9pbnRlcnZlbnRpb25zX2VuYWJsZWQiOnsiYnVja2V0Ijoib24iLCJ2ZXJzaW9uIjpudWxsfSwidGZ3X21peGVkX21lZGlhXzE1ODk3Ijp7ImJ1Y2tldCI6InRyZWF0bWVudCIsInZlcnNpb24iOm51bGx9LCJ0ZndfZXhwZXJpbWVudHNfY29va2llX2V4cGlyYXRpb24iOnsiYnVja2V0IjoxMjA5NjAwLCJ2ZXJzaW9uIjpudWxsfSwidGZ3X3Nob3dfYmlyZHdhdGNoX3Bpdm90c19lbmFibGVkIjp7ImJ1Y2tldCI6Im9uIiwidmVyc2lvbiI6bnVsbH0sInRmd19kdXBsaWNhdGVfc2NyaWJlc190b19zZXR0aW5ncyI6eyJidWNrZXQiOiJvbiIsInZlcnNpb24iOm51bGx9LCJ0ZndfdXNlX3Byb2ZpbGVfaW1hZ2Vfc2hhcGVfZW5hYmxlZCI6eyJidWNrZXQiOiJvbiIsInZlcnNpb24iOm51bGx9LCJ0ZndfdmlkZW9faGxzX2R5bmFtaWNfbWFuaWZlc3RzXzE1MDgyIjp7ImJ1Y2tldCI6InRydWVfYml0cmF0ZSIsInZlcnNpb24iOm51bGx9LCJ0ZndfbGVnYWN5X3RpbWVsaW5lX3N1bnNldCI6eyJidWNrZXQiOnRydWUsInZlcnNpb24iOm51bGx9LCJ0ZndfdHdlZXRfZWRpdF9mcm9udGVuZCI6eyJidWNrZXQiOiJvbiIsInZlcnNpb24iOm51bGx9fQ%3D%3D&amp;frame=false&amp;hideCard=false&amp;hideThread=false&amp;id=2011844430219653601&amp;lang=es&amp;origin=https%3A%2F%2Fwww.eluniverso.com%2Fnoticias%2Fpolitica%2Fpresidenta-reemplazante-en-ausencia-temporal-asi-fueron-los-dias-de-maria-jose-pinto-al-frente-de-carondelet-nota%2F&amp;sessionId=2bcce923214aa2ed198110a4828a1fa11f491dbd&amp;siteScreenName=eluniversocom&amp;siteUserId=1597931854&amp;theme=light&amp;widgetsVersion=2615f7e52b7e0%3A1702314776716&amp;width=550px\" frameborder=\"0\" scrolling=\"no\" allowfullscreen=\"allowfullscreen\" data-tweet-id=\"2011844430219653601\"><\/iframe><\/div>\n<\/div>\n<h2 class=\"\">Actividades en territorio<\/h2>\n<p class=\"prose-text\" data-mrf-recirculation=\"Links article\">Entre el 12 y el 13 de enero, la presidenta reemplazante cumpli\u00f3 actividades en Riobamba. Particip\u00f3 en el encuentro \u201cManos que lideran\u201d, que reuni\u00f3 a\u00a0<b>100 emprendedoras<\/b>\u00a0de distintas provincias, donde se destac\u00f3 la autonom\u00eda econ\u00f3mica de las mujeres como eje de las pol\u00edticas gubernamentales.<\/p>\n<div class=\"inline-element px-2 table m-auto pb-2 bg-white text-center border border-grey-100 text-xs\">\n<div id=\"ad-box4-d459d7a2-content\">\n<p class=\"uppercase font-secondary text-xs text-grey-400 leading-loose\" data-mrf-recirculation=\"Links article\">Tambi\u00e9n visit\u00f3 la <b>Escuela Intercultural Biling\u00fce Monse\u00f1or Leonidas Proa\u00f1o<\/b>, donde se evaluaron aspectos como infraestructura, pertinencia cultural y ling\u00fc\u00edstica, procesos de ense\u00f1anza-aprendizaje y fortalecimiento de la lengua quichua. En esa misma ciudad recorri\u00f3 el Centro de Salud Tipo C Lizarzaburu, para verificar la prestaci\u00f3n de servicios de medicina general y especialidades b\u00e1sicas.<\/p>\n<\/div>\n<\/div>\n<p class=\"prose-text\" data-mrf-recirculation=\"Links article\">El 13 de enero se desarroll\u00f3 adem\u00e1s la primera sesi\u00f3n extraordinaria del\u00a0<b>COPRUUNNA<\/b>, en la que se conoci\u00f3 y aprob\u00f3 el borrador de una reforma normativa para la prevenci\u00f3n del reclutamiento, uso y utilizaci\u00f3n de ni\u00f1as, ni\u00f1os y adolescentes, con el respaldo un\u00e1nime de las trece instituciones que integran el comit\u00e9.<\/p>\n<h2 class=\"\">Relaciones internacionales y \u00fanico decreto<\/h2>\n<p class=\"prose-text\" data-mrf-recirculation=\"Links article\">En el \u00e1mbito internacional, el 14 de enero, Pinto recibi\u00f3 a representantes de la\u00a0<b>Corporaci\u00f3n Desaf\u00edo del Milenio (MCC)<\/b>\u00a0y al\u00a0<i>charg\u00e9 d\u2019affaires a. i.<\/i>\u00a0de Estados Unidos, Lawrence Petroni, para tratar la elegibilidad de Ecuador para acceder a una subvenci\u00f3n destinada a un programa compacto de inversi\u00f3n.<\/p>\n<p class=\"prose-text\" data-mrf-recirculation=\"Links article\">Ese mismo d\u00eda se reuni\u00f3 con la ministra de Estado para la Cooperaci\u00f3n Internacional de Emiratos \u00c1rabes Unidos,\u00a0<b>Reem Ebrahim Redha Alhashimy<\/b>, con quien abord\u00f3 temas relacionados con primera infancia, desnutrici\u00f3n infantil, embarazo adolescente y salud mental, as\u00ed como compromisos de cooperaci\u00f3n bilateral.<\/p>\n<p class=\"prose-text\" data-mrf-recirculation=\"Links article\">En materia normativa, durante todo el periodo en el que ejerci\u00f3 la Presidencia de la Rep\u00fablica bajo la figura de reemplazante en ausencia temporal, Mar\u00eda Jos\u00e9 Pinto emiti\u00f3 un solo decreto ejecutivo. Se trata del\u00a0<b>Decreto Ejecutivo n.\u00ba 278<\/b>, firmado el 10 de enero de 2024, que reforma el Reglamento Codificado de Regulaci\u00f3n de Precios de Derivados de Hidrocarburos, espec\u00edficamente el componente relacionado con la tasa de inter\u00e9s referencial, con vigencia desde el 12 de enero.<\/p>\n<p class=\"prose-text\" data-mrf-recirculation=\"Links article\">El presidente Daniel Noboa retom\u00f3 sus funciones el\u00a0<b>16 de enero<\/b>, antes de lo previsto, para cumplir una agenda internacional desde este lunes 19, que incluye su participaci\u00f3n en el Foro Econ\u00f3mico Mundial de Davos y reuniones con la Uni\u00f3n Europea.<\/p>\n<p class=\"prose-text\" data-mrf-recirculation=\"Links article\"><b>(I)<\/b><\/p>\n<p data-mrf-recirculation=\"Links article\">Fuente: El Universo<\/p>\n<\/div>\n<\/div>\n","protected":false},"excerpt":{"rendered":"<p>Visitas a centros de salud, entregas de equipamiento de seguridad, reuniones con sectores sociales, productivos, diplom\u00e1ticos y la emisi\u00f3n de un solo decreto ejecutivo marcaron los diecis\u00e9is d\u00edas en los que\u00a0Mar\u00eda Jos\u00e9 Pinto\u00a0ejerci\u00f3 la Presidencia de la Rep\u00fablica por la ausencia temporal de Daniel Noboa. La vicepresidenta asumi\u00f3 funciones bajo la denominaci\u00f3n formal de \u201cpresidenta de la Rep\u00fablica, reemplazante en ausencia temporal\u201d, un nombre extenso que se repiti\u00f3 de manera sistem\u00e1tica en comunicados oficiales, actos p\u00fablicos y registros institucionales durante todo el periodo del encargo. El reemplazo se dio tras la licencia solicitada por el presidente Daniel Noboa para atender asuntos de car\u00e1cter personal, aprobada por la Asamblea Nacional el 19 de diciembre con 81 votos. Aunque la autorizaci\u00f3n legislativa contemplaba su ausencia hasta el 18 de enero, el mandatario retom\u00f3 anticipadamente sus funciones el\u00a016 de enero, dos d\u00edas antes de lo anunciado. Durante ese lapso, Pinto mantuvo una agenda concentrada principalmente en seguridad, salud, pol\u00edtica social, educaci\u00f3n y cooperaci\u00f3n internacional, con actividades registradas entre el\u00a06 y el 14 de enero. Seguridad y control institucional Los primeros d\u00edas del encargo estuvieron marcados por actividades vinculadas a la seguridad. El 6 y 7 de enero, la presidenta de la Rep\u00fablica, reemplazante en ausencia temporal, particip\u00f3 en entregas de equipamiento estrat\u00e9gico a la\u00a0Polic\u00eda Nacional, orientadas a fortalecer capacidades operativas, investigativas y log\u00edsticas. El 7 de enero, adem\u00e1s, encabez\u00f3 la entrega de un avi\u00f3n Boeing 737-500\u00a0a la Fuerza A\u00e9rea Ecuatoriana, con el objetivo de reforzar las capacidades estrat\u00e9gicas de las Fuerzas Armadas y mejorar la respuesta ante amenazas, emergencias y operativos a escala nacional. Salud y agenda social En el \u00e1rea de salud, Pinto realiz\u00f3\u00a0visitas sorpresivas a centros m\u00e9dicos p\u00fablicos, entre ellos el Centro de Salud Tipo C de San Antonio de Pichincha, donde verific\u00f3 procesos de entrega de medicamentos, agendamiento de citas, atenci\u00f3n en farmacia y mecanismos de acceso a medicinas. El 8 de enero, desarroll\u00f3 una agenda de trabajo en\u00a0Solca Guayaquil, donde recorri\u00f3 instalaciones, revis\u00f3 procesos y escuch\u00f3 a pacientes y personal m\u00e9dico para identificar necesidades prioritarias. Ese mismo d\u00eda lider\u00f3 el Gabinete Sectorial de lo Social, en el que se evaluaron avances y desaf\u00edos de las pol\u00edticas p\u00fablicas dirigidas a grupos de atenci\u00f3n prioritaria y se revis\u00f3 la implementaci\u00f3n de programas sociales en territorio. El 9 de enero, mantuvo una reuni\u00f3n con representantes del Foro Permanente de la Salud para conocer la propuesta Plan Salud Ecuador 2050 \u2013 Por la Vida, enfocada en un sistema sanitario con \u00e9nfasis preventivo, biopsicosocial y en la articulaci\u00f3n de los subsistemas de salud. En Quito, la presidenta de la Rep\u00fablica, reemplazante por ausencia temporal, Mar\u00eda Jos\u00e9 Pinto, lider\u00f3 el conversatorio \u201cConstruyendo innovaci\u00f3n para la educaci\u00f3n intercultural biling\u00fce en el Ecuador\u201d,\u00a0un espacio orientado a promover una educaci\u00f3n de calidad que reconozca y valore la diversidad cultural y ling\u00fc\u00edstica del pa\u00eds. El encuentro se desarroll\u00f3 con articulaci\u00f3n interinstitucional y el apoyo de la Organizaci\u00f3n de las Naciones Unidas para la Educaci\u00f3n, la Ciencia y la Cultura (Unesco). Actividades en territorio Entre el 12 y el 13 de enero, la presidenta reemplazante cumpli\u00f3 actividades en Riobamba. Particip\u00f3 en el encuentro \u201cManos que lideran\u201d, que reuni\u00f3 a\u00a0100 emprendedoras\u00a0de distintas provincias, donde se destac\u00f3 la autonom\u00eda econ\u00f3mica de las mujeres como eje de las pol\u00edticas gubernamentales. Tambi\u00e9n visit\u00f3 la Escuela Intercultural Biling\u00fce Monse\u00f1or Leonidas Proa\u00f1o, donde se evaluaron aspectos como infraestructura, pertinencia cultural y ling\u00fc\u00edstica, procesos de ense\u00f1anza-aprendizaje y fortalecimiento de la lengua quichua. En esa misma ciudad recorri\u00f3 el Centro de Salud Tipo C Lizarzaburu, para verificar la prestaci\u00f3n de servicios de medicina general y especialidades b\u00e1sicas. El 13 de enero se desarroll\u00f3 adem\u00e1s la primera sesi\u00f3n extraordinaria del\u00a0COPRUUNNA, en la que se conoci\u00f3 y aprob\u00f3 el borrador de una reforma normativa para la prevenci\u00f3n del reclutamiento, uso y utilizaci\u00f3n de ni\u00f1as, ni\u00f1os y adolescentes, con el respaldo un\u00e1nime de las trece instituciones que integran el comit\u00e9. Relaciones internacionales y \u00fanico decreto En el \u00e1mbito internacional, el 14 de enero, Pinto recibi\u00f3 a representantes de la\u00a0Corporaci\u00f3n Desaf\u00edo del Milenio (MCC)\u00a0y al\u00a0charg\u00e9 d\u2019affaires a. i.\u00a0de Estados Unidos, Lawrence Petroni, para tratar la elegibilidad de Ecuador para acceder a una subvenci\u00f3n destinada a un programa compacto de inversi\u00f3n. Ese mismo d\u00eda se reuni\u00f3 con la ministra de Estado para la Cooperaci\u00f3n Internacional de Emiratos \u00c1rabes Unidos,\u00a0Reem Ebrahim Redha Alhashimy, con quien abord\u00f3 temas relacionados con primera infancia, desnutrici\u00f3n infantil, embarazo adolescente y salud mental, as\u00ed como compromisos de cooperaci\u00f3n bilateral. En materia normativa, durante todo el periodo en el que ejerci\u00f3 la Presidencia de la Rep\u00fablica bajo la figura de reemplazante en ausencia temporal, Mar\u00eda Jos\u00e9 Pinto emiti\u00f3 un solo decreto ejecutivo. Se trata del\u00a0Decreto Ejecutivo n.\u00ba 278, firmado el 10 de enero de 2024, que reforma el Reglamento Codificado de Regulaci\u00f3n de Precios de Derivados de Hidrocarburos, espec\u00edficamente el componente relacionado con la tasa de inter\u00e9s referencial, con vigencia desde el 12 de enero. El presidente Daniel Noboa retom\u00f3 sus funciones el\u00a016 de enero, antes de lo previsto, para cumplir una agenda internacional desde este lunes 19, que incluye su participaci\u00f3n en el Foro Econ\u00f3mico Mundial de Davos y reuniones con la Uni\u00f3n Europea. (I) Fuente: El Universo<\/p>\n","protected":false},"author":1,"featured_media":28867,"comment_status":"closed","ping_status":"closed","sticky":false,"template":"","format":"standard","meta":{"footnotes":""},"categories":[268],"tags":[],"class_list":["post-28866","post","type-post","status-publish","format-standard","has-post-thumbnail","hentry","category-nacionales"],"_links":{"self":[{"href":"https:\/\/www.elamazonico.com\/portal\/wp-json\/wp\/v2\/posts\/28866","targetHints":{"allow":["GET"]}}],"collection":[{"href":"https:\/\/www.elamazonico.com\/portal\/wp-json\/wp\/v2\/posts"}],"about":[{"href":"https:\/\/www.elamazonico.com\/portal\/wp-json\/wp\/v2\/types\/post"}],"author":[{"embeddable":true,"href":"https:\/\/www.elamazonico.com\/portal\/wp-json\/wp\/v2\/users\/1"}],"replies":[{"embeddable":true,"href":"https:\/\/www.elamazonico.com\/portal\/wp-json\/wp\/v2\/comments?post=28866"}],"version-history":[{"count":1,"href":"https:\/\/www.elamazonico.com\/portal\/wp-json\/wp\/v2\/posts\/28866\/revisions"}],"predecessor-version":[{"id":28868,"href":"https:\/\/www.elamazonico.com\/portal\/wp-json\/wp\/v2\/posts\/28866\/revisions\/28868"}],"wp:featuredmedia":[{"embeddable":true,"href":"https:\/\/www.elamazonico.com\/portal\/wp-json\/wp\/v2\/media\/28867"}],"wp:attachment":[{"href":"https:\/\/www.elamazonico.com\/portal\/wp-json\/wp\/v2\/media?parent=28866"}],"wp:term":[{"taxonomy":"category","embeddable":true,"href":"https:\/\/www.elamazonico.com\/portal\/wp-json\/wp\/v2\/categories?post=28866"},{"taxonomy":"post_tag","embeddable":true,"href":"https:\/\/www.elamazonico.com\/portal\/wp-json\/wp\/v2\/tags?post=28866"}],"curies":[{"name":"wp","href":"https:\/\/api.w.org\/{rel}","templated":true}]}}