{"id":28862,"date":"2026-01-19T10:30:25","date_gmt":"2026-01-19T15:30:25","guid":{"rendered":"https:\/\/www.elamazonico.com\/portal\/?p=28862"},"modified":"2026-01-19T10:30:25","modified_gmt":"2026-01-19T15:30:25","slug":"vente-venezuela-inicia-censo-en-ecuador-para-conocer-situacion-y-posible-retorno-de-migrantes","status":"publish","type":"post","link":"https:\/\/www.elamazonico.com\/portal\/vente-venezuela-inicia-censo-en-ecuador-para-conocer-situacion-y-posible-retorno-de-migrantes\/","title":{"rendered":"Vente Venezuela inicia censo en Ecuador para conocer situaci\u00f3n y posible retorno de migrantes"},"content":{"rendered":"<p>La organizaci\u00f3n pol\u00edtica Vente Venezuela, liderada por Mar\u00eda Corina Machado, inici\u00f3 un censo de ciudadanos venezolanos en Ecuador con el objetivo de conocer su situaci\u00f3n migratoria, social y sus eventuales planes de retorno, en funci\u00f3n de la evoluci\u00f3n del escenario pol\u00edtico en Venezuela.<\/p>\n<p>El medio de comunicaci\u00f3n Teleamazonas, seg\u00fan inform\u00f3 Manuel Rodr\u00edguez, coordinador de Vente Venezuela en Quito, el censo comenz\u00f3 el pasado viernes y se desarrollar\u00e1 hasta febrero, mediante jornadas en puntos fijos y rotativos de varias ciudades del pa\u00eds. En la capital, una de las actividades se realizar\u00e1 este domingo en el parque La Carolina, en el centro norte de Quito.<\/p>\n<p>Rodr\u00edguez explic\u00f3 que la iniciativa busca organizar a la di\u00e1spora venezolana tras los acontecimientos del 3 de enero, fecha en la que fue capturado el entonces presidente Nicol\u00e1s Maduro y trasladado a Estados Unidos, un hecho que \u2014seg\u00fan dijo\u2014 tom\u00f3 por sorpresa a la comunidad migrante.<\/p>\n<p>Aunque desde el inicio del \u00e9xodo se ha manejado la cifra de 450.000 venezolanos en Ecuador, el dirigente se\u00f1al\u00f3 que ese n\u00famero podr\u00eda haber variado. Indic\u00f3 que la mayor concentraci\u00f3n de migrantes se encuentra en Quito, Guayaquil, Cuenca y Manta, y que uno de los objetivos del censo es confirmar cu\u00e1ntos venezolanos residen realmente en la capital, donde algunas ONG estiman que podr\u00edan ser alrededor de 100.000.<\/p>\n<p>El levantamiento de informaci\u00f3n busca determinar cu\u00e1ntas personas estar\u00edan dispuestas a regresar a Venezuela, en qu\u00e9 plazos y si participar\u00edan en eventuales elecciones presidenciales. Para ello, actualmente trabajan 30 encuestadores, con otros 10 en proceso de capacitaci\u00f3n. El cuestionario consta de 17 preguntas y se aplica tambi\u00e9n en Guayaquil, Manta, Cuenca, Ibarra, Portoviejo, Ambato y Machala.<\/p>\n<p>Adem\u00e1s del inter\u00e9s electoral, el censo pretende conocer la situaci\u00f3n legal de los migrantes venezolanos en Ecuador, especialmente tras el cierre de la Embajada de Venezuela en el pa\u00eds, decisi\u00f3n adoptada por Caracas en respaldo a M\u00e9xico luego del ingreso de la Polic\u00eda ecuatoriana a la sede diplom\u00e1tica mexicana en abril de 2024 para detener al exvicepresidente Jorge Glas.<\/p>\n<p>Con la informaci\u00f3n recopilada, Vente Venezuela espera contar con una base de datos que permita planificar un eventual retorno progresivo y medir la disposici\u00f3n de la di\u00e1spora para participar en procesos pol\u00edticos, en caso de que se concreten. No obstante, Rodr\u00edguez record\u00f3 que autoridades de Estados Unidos han advertido que a\u00fan no existir\u00edan garant\u00edas de seguridad para figuras opositoras como Edmundo Gonz\u00e1lez Urrutia y Mar\u00eda Corina Machado.<\/p>\n<p>Durante la jornada prevista en el parque La Carolina, la organizaci\u00f3n desplegar\u00e1 una bandera gigante de Venezuela y exhibir\u00e1 fotograf\u00edas de personas que contin\u00faan detenidas en su pa\u00eds. Rodr\u00edguez se\u00f1al\u00f3 que muchas familias, que antes tem\u00edan dar informaci\u00f3n, ahora han comenzado a autorizar la difusi\u00f3n de estos casos, ante recientes liberaciones.<\/p>\n<p>\u201cLa gente tiene que entender que si no decimos qui\u00e9nes est\u00e1n detenidos, no los van a liberar\u201d, concluy\u00f3.<\/p>\n","protected":false},"excerpt":{"rendered":"<p>La organizaci\u00f3n pol\u00edtica Vente Venezuela, liderada por Mar\u00eda Corina Machado, inici\u00f3 un censo de ciudadanos venezolanos en Ecuador con el objetivo de conocer su situaci\u00f3n migratoria, social y sus eventuales planes de retorno, en funci\u00f3n de la evoluci\u00f3n del escenario pol\u00edtico en Venezuela. El medio de comunicaci\u00f3n Teleamazonas, seg\u00fan inform\u00f3 Manuel Rodr\u00edguez, coordinador de Vente Venezuela en Quito, el censo comenz\u00f3 el pasado viernes y se desarrollar\u00e1 hasta febrero, mediante jornadas en puntos fijos y rotativos de varias ciudades del pa\u00eds. En la capital, una de las actividades se realizar\u00e1 este domingo en el parque La Carolina, en el centro norte de Quito. Rodr\u00edguez explic\u00f3 que la iniciativa busca organizar a la di\u00e1spora venezolana tras los acontecimientos del 3 de enero, fecha en la que fue capturado el entonces presidente Nicol\u00e1s Maduro y trasladado a Estados Unidos, un hecho que \u2014seg\u00fan dijo\u2014 tom\u00f3 por sorpresa a la comunidad migrante. Aunque desde el inicio del \u00e9xodo se ha manejado la cifra de 450.000 venezolanos en Ecuador, el dirigente se\u00f1al\u00f3 que ese n\u00famero podr\u00eda haber variado. Indic\u00f3 que la mayor concentraci\u00f3n de migrantes se encuentra en Quito, Guayaquil, Cuenca y Manta, y que uno de los objetivos del censo es confirmar cu\u00e1ntos venezolanos residen realmente en la capital, donde algunas ONG estiman que podr\u00edan ser alrededor de 100.000. El levantamiento de informaci\u00f3n busca determinar cu\u00e1ntas personas estar\u00edan dispuestas a regresar a Venezuela, en qu\u00e9 plazos y si participar\u00edan en eventuales elecciones presidenciales. Para ello, actualmente trabajan 30 encuestadores, con otros 10 en proceso de capacitaci\u00f3n. El cuestionario consta de 17 preguntas y se aplica tambi\u00e9n en Guayaquil, Manta, Cuenca, Ibarra, Portoviejo, Ambato y Machala. Adem\u00e1s del inter\u00e9s electoral, el censo pretende conocer la situaci\u00f3n legal de los migrantes venezolanos en Ecuador, especialmente tras el cierre de la Embajada de Venezuela en el pa\u00eds, decisi\u00f3n adoptada por Caracas en respaldo a M\u00e9xico luego del ingreso de la Polic\u00eda ecuatoriana a la sede diplom\u00e1tica mexicana en abril de 2024 para detener al exvicepresidente Jorge Glas. Con la informaci\u00f3n recopilada, Vente Venezuela espera contar con una base de datos que permita planificar un eventual retorno progresivo y medir la disposici\u00f3n de la di\u00e1spora para participar en procesos pol\u00edticos, en caso de que se concreten. No obstante, Rodr\u00edguez record\u00f3 que autoridades de Estados Unidos han advertido que a\u00fan no existir\u00edan garant\u00edas de seguridad para figuras opositoras como Edmundo Gonz\u00e1lez Urrutia y Mar\u00eda Corina Machado. Durante la jornada prevista en el parque La Carolina, la organizaci\u00f3n desplegar\u00e1 una bandera gigante de Venezuela y exhibir\u00e1 fotograf\u00edas de personas que contin\u00faan detenidas en su pa\u00eds. Rodr\u00edguez se\u00f1al\u00f3 que muchas familias, que antes tem\u00edan dar informaci\u00f3n, ahora han comenzado a autorizar la difusi\u00f3n de estos casos, ante recientes liberaciones. \u201cLa gente tiene que entender que si no decimos qui\u00e9nes est\u00e1n detenidos, no los van a liberar\u201d, concluy\u00f3.<\/p>\n","protected":false},"author":1,"featured_media":28863,"comment_status":"closed","ping_status":"closed","sticky":false,"template":"","format":"standard","meta":{"footnotes":""},"categories":[5],"tags":[],"class_list":["post-28862","post","type-post","status-publish","format-standard","has-post-thumbnail","hentry","category-internacionales"],"_links":{"self":[{"href":"https:\/\/www.elamazonico.com\/portal\/wp-json\/wp\/v2\/posts\/28862","targetHints":{"allow":["GET"]}}],"collection":[{"href":"https:\/\/www.elamazonico.com\/portal\/wp-json\/wp\/v2\/posts"}],"about":[{"href":"https:\/\/www.elamazonico.com\/portal\/wp-json\/wp\/v2\/types\/post"}],"author":[{"embeddable":true,"href":"https:\/\/www.elamazonico.com\/portal\/wp-json\/wp\/v2\/users\/1"}],"replies":[{"embeddable":true,"href":"https:\/\/www.elamazonico.com\/portal\/wp-json\/wp\/v2\/comments?post=28862"}],"version-history":[{"count":1,"href":"https:\/\/www.elamazonico.com\/portal\/wp-json\/wp\/v2\/posts\/28862\/revisions"}],"predecessor-version":[{"id":28864,"href":"https:\/\/www.elamazonico.com\/portal\/wp-json\/wp\/v2\/posts\/28862\/revisions\/28864"}],"wp:featuredmedia":[{"embeddable":true,"href":"https:\/\/www.elamazonico.com\/portal\/wp-json\/wp\/v2\/media\/28863"}],"wp:attachment":[{"href":"https:\/\/www.elamazonico.com\/portal\/wp-json\/wp\/v2\/media?parent=28862"}],"wp:term":[{"taxonomy":"category","embeddable":true,"href":"https:\/\/www.elamazonico.com\/portal\/wp-json\/wp\/v2\/categories?post=28862"},{"taxonomy":"post_tag","embeddable":true,"href":"https:\/\/www.elamazonico.com\/portal\/wp-json\/wp\/v2\/tags?post=28862"}],"curies":[{"name":"wp","href":"https:\/\/api.w.org\/{rel}","templated":true}]}}