{"id":28859,"date":"2026-01-19T10:12:46","date_gmt":"2026-01-19T15:12:46","guid":{"rendered":"https:\/\/www.elamazonico.com\/portal\/?p=28859"},"modified":"2026-01-19T10:12:46","modified_gmt":"2026-01-19T15:12:46","slug":"14-200-toneladas-de-desechos-se-recolectan-al-dia-en-ecuador","status":"publish","type":"post","link":"https:\/\/www.elamazonico.com\/portal\/14-200-toneladas-de-desechos-se-recolectan-al-dia-en-ecuador\/","title":{"rendered":"14 200 toneladas de desechos se recolectan al d\u00eda en Ecuador"},"content":{"rendered":"<p>Fuente: Ecuavisa<\/p>\n<p>En\u00a0<a href=\"https:\/\/www.ecuavisa.com\/noticias\/ecuador\" target=\"_blank\" rel=\"noopener\">162 cantones<\/a>\u00a0los ciudadanos acumulan toda la basura en una sola funda o tacho porque no tienen la educaci\u00f3n de reciclar residuos. Como no lo hacen, esos cabildos tampoco clasifican los desechos que terminan enterrados en rellenos sanitarios o en botaderos a cielo abierto.<\/p>\n<p>Una pr\u00e1ctica que contamina el aire, el suelo y los r\u00edos. Ese problema revela el \u00faltimo informe ambiental del Instituto Nacional de Estad\u00edsticas y Censos (INEC).<\/p>\n<div class=\"banner-context\">\n<div id=\"article_desktop_block_1\" class=\"bannersaas banner-desktop\" data-google-query-id=\"COrK8pTxl5IDFZsuHAAd_t00OA\">La investigadora de la Alianza Basura Cero Ecuador explica que esto ocurre porque la gesti\u00f3n de los desechos no es integral y no est\u00e1 controlada con una pol\u00edtica p\u00fablica.<\/div>\n<\/div>\n<p>Viviana Rocha, investigadora de Alianza Basura Cero Ecuador, se\u00f1al\u00f3 que muchos municipios tienen separada la dependencia de la recolecci\u00f3n, el tratamiento, la educaci\u00f3n ambiental. Por eso, no tienen un sistema dise\u00f1ado acorde a sus necesidades y solo recogen la basura mezclada.<\/p>\n<div class=\"banner-context\">\n<div id=\"article_desktop_block_2\" class=\"bannersaas banner-desktop\" data-google-query-id=\"COvK8pTxl5IDFZsuHAAd_t00OA\">En 2024, los gobiernos aut\u00f3nomos descentralizados invirtieron USD 16,5 millones en la gesti\u00f3n de desechos, aunque parece mucho dinero, es insuficiente para enfrentar el desaf\u00edo.<\/div>\n<\/div>\n<blockquote><p>\u201chay peque\u00f1os esfuerzos, pero por ahora la mayor\u00eda de municipios tienen este problema porque la tasa de recolecci\u00f3n no corresponde a los costos operativos que realmente se necesitan para poder tratar la basura a complejidad y con todos sus flujos\u201d, Viviana Rocha<\/p><\/blockquote>\n<p>Cuenca es una de las 59 ciudades que est\u00e1 haciendo esfuerzos. Tiene un programa para recuperar residuos org\u00e1nicos en mercados y una planta de compostaje que es el proceso para transformar la basura org\u00e1nica en abono.<\/p>\n<p>Desde el 2003, sus\u00a0<strong>ciudadanos por ordenanza tienen la obligaci\u00f3n de colocar lo org\u00e1nico en fundas negras\u00a0<\/strong>y materiales reciclados en fundas celestes. En total\u00a0<strong>en la capital azuaya, diariamente recolectan 530 toneladas<\/strong>\u00a0que van al relleno sanitario en la parroquia Santa Ana y el gas que genera la descomposici\u00f3n de los residuos sirve para producir energ\u00eda.<\/p>\n<div class=\"banner-context\">\n<p>Juan Pablo Vega, t\u00e9cnico municipal de reciclaje, dijo que con ese gas se genera energ\u00eda el\u00e9ctrica que se distribuye en la misma parroquia, generando un poco m\u00e1s de 1,5 megavatios hora que sirve para unas seis mil o siete mil viviendas.<\/p>\n<p>Y en contraste, las consecuencias del mal tratamiento de\u00a0<strong>los desechos afectan a cuatro comunidades de la parroquia El Dorado<\/strong>, en El Coca, provincia de Orellana. Ah\u00ed sus habitantes convivieron nueve a\u00f1os cerca de un botadero municipal a cielo abierto que desembocaba a esteros que iban al r\u00edo Indillama.<\/p>\n<p>Pero reci\u00e9n en mayo del a\u00f1o pasado fue cerrado por el municipio, una contaminaci\u00f3n que de a poco le pasa la factura en el pa\u00eds.<\/p>\n<div class=\"banner-context\"><\/div>\n<\/div>\n","protected":false},"excerpt":{"rendered":"<p>Fuente: Ecuavisa En\u00a0162 cantones\u00a0los ciudadanos acumulan toda la basura en una sola funda o tacho porque no tienen la educaci\u00f3n de reciclar residuos. Como no lo hacen, esos cabildos tampoco clasifican los desechos que terminan enterrados en rellenos sanitarios o en botaderos a cielo abierto. Una pr\u00e1ctica que contamina el aire, el suelo y los r\u00edos. Ese problema revela el \u00faltimo informe ambiental del Instituto Nacional de Estad\u00edsticas y Censos (INEC). La investigadora de la Alianza Basura Cero Ecuador explica que esto ocurre porque la gesti\u00f3n de los desechos no es integral y no est\u00e1 controlada con una pol\u00edtica p\u00fablica. Viviana Rocha, investigadora de Alianza Basura Cero Ecuador, se\u00f1al\u00f3 que muchos municipios tienen separada la dependencia de la recolecci\u00f3n, el tratamiento, la educaci\u00f3n ambiental. Por eso, no tienen un sistema dise\u00f1ado acorde a sus necesidades y solo recogen la basura mezclada. En 2024, los gobiernos aut\u00f3nomos descentralizados invirtieron USD 16,5 millones en la gesti\u00f3n de desechos, aunque parece mucho dinero, es insuficiente para enfrentar el desaf\u00edo. \u201chay peque\u00f1os esfuerzos, pero por ahora la mayor\u00eda de municipios tienen este problema porque la tasa de recolecci\u00f3n no corresponde a los costos operativos que realmente se necesitan para poder tratar la basura a complejidad y con todos sus flujos\u201d, Viviana Rocha Cuenca es una de las 59 ciudades que est\u00e1 haciendo esfuerzos. Tiene un programa para recuperar residuos org\u00e1nicos en mercados y una planta de compostaje que es el proceso para transformar la basura org\u00e1nica en abono. Desde el 2003, sus\u00a0ciudadanos por ordenanza tienen la obligaci\u00f3n de colocar lo org\u00e1nico en fundas negras\u00a0y materiales reciclados en fundas celestes. En total\u00a0en la capital azuaya, diariamente recolectan 530 toneladas\u00a0que van al relleno sanitario en la parroquia Santa Ana y el gas que genera la descomposici\u00f3n de los residuos sirve para producir energ\u00eda. Juan Pablo Vega, t\u00e9cnico municipal de reciclaje, dijo que con ese gas se genera energ\u00eda el\u00e9ctrica que se distribuye en la misma parroquia, generando un poco m\u00e1s de 1,5 megavatios hora que sirve para unas seis mil o siete mil viviendas. Y en contraste, las consecuencias del mal tratamiento de\u00a0los desechos afectan a cuatro comunidades de la parroquia El Dorado, en El Coca, provincia de Orellana. Ah\u00ed sus habitantes convivieron nueve a\u00f1os cerca de un botadero municipal a cielo abierto que desembocaba a esteros que iban al r\u00edo Indillama. Pero reci\u00e9n en mayo del a\u00f1o pasado fue cerrado por el municipio, una contaminaci\u00f3n que de a poco le pasa la factura en el pa\u00eds.<\/p>\n","protected":false},"author":1,"featured_media":28860,"comment_status":"closed","ping_status":"closed","sticky":false,"template":"","format":"standard","meta":{"footnotes":""},"categories":[268],"tags":[],"class_list":["post-28859","post","type-post","status-publish","format-standard","has-post-thumbnail","hentry","category-nacionales"],"_links":{"self":[{"href":"https:\/\/www.elamazonico.com\/portal\/wp-json\/wp\/v2\/posts\/28859","targetHints":{"allow":["GET"]}}],"collection":[{"href":"https:\/\/www.elamazonico.com\/portal\/wp-json\/wp\/v2\/posts"}],"about":[{"href":"https:\/\/www.elamazonico.com\/portal\/wp-json\/wp\/v2\/types\/post"}],"author":[{"embeddable":true,"href":"https:\/\/www.elamazonico.com\/portal\/wp-json\/wp\/v2\/users\/1"}],"replies":[{"embeddable":true,"href":"https:\/\/www.elamazonico.com\/portal\/wp-json\/wp\/v2\/comments?post=28859"}],"version-history":[{"count":1,"href":"https:\/\/www.elamazonico.com\/portal\/wp-json\/wp\/v2\/posts\/28859\/revisions"}],"predecessor-version":[{"id":28861,"href":"https:\/\/www.elamazonico.com\/portal\/wp-json\/wp\/v2\/posts\/28859\/revisions\/28861"}],"wp:featuredmedia":[{"embeddable":true,"href":"https:\/\/www.elamazonico.com\/portal\/wp-json\/wp\/v2\/media\/28860"}],"wp:attachment":[{"href":"https:\/\/www.elamazonico.com\/portal\/wp-json\/wp\/v2\/media?parent=28859"}],"wp:term":[{"taxonomy":"category","embeddable":true,"href":"https:\/\/www.elamazonico.com\/portal\/wp-json\/wp\/v2\/categories?post=28859"},{"taxonomy":"post_tag","embeddable":true,"href":"https:\/\/www.elamazonico.com\/portal\/wp-json\/wp\/v2\/tags?post=28859"}],"curies":[{"name":"wp","href":"https:\/\/api.w.org\/{rel}","templated":true}]}}