{"id":28856,"date":"2026-01-19T09:41:52","date_gmt":"2026-01-19T14:41:52","guid":{"rendered":"https:\/\/www.elamazonico.com\/portal\/?p=28856"},"modified":"2026-01-19T09:42:43","modified_gmt":"2026-01-19T14:42:43","slug":"aumentan-a-39-fallecidos-por-accidente-de-tren-de-espana","status":"publish","type":"post","link":"https:\/\/www.elamazonico.com\/portal\/aumentan-a-39-fallecidos-por-accidente-de-tren-de-espana\/","title":{"rendered":"Aumentan a 39 fallecidos por accidente de tren de Espa\u00f1a"},"content":{"rendered":"<p>Un total de 39 personas han fallecido en\u00a0<b>el accidente de trenes de Ademuz (C\u00f3rdoba)<\/b>, seg\u00fan han indicado a EFE fuentes de la investigaci\u00f3n.<\/p>\n<p>Los primeros cad\u00e1veres del accidente han comenzado a ser trasladados y algunos ya han llegado al Instituto de Medicina Legal de C\u00f3rdoba.<\/p>\n<p>Fuentes de la investigaci\u00f3n han indicado que los familiares de las v\u00edctimas no acudir\u00e1n a estas instalaciones porque se encuentran en el Centro C\u00edvico Poniente Sur, donde est\u00e1n siendo atendidas por un grupo de psic\u00f3logos.<\/p>\n<div class=\"twitter-tweet twitter-tweet-rendered\"><iframe id=\"twitter-widget-0\" class=\"\" title=\"X Post\" src=\"https:\/\/platform.twitter.com\/embed\/Tweet.html?dnt=false&amp;embedId=twitter-widget-0&amp;features=eyJ0ZndfdGltZWxpbmVfbGlzdCI6eyJidWNrZXQiOltdLCJ2ZXJzaW9uIjpudWxsfSwidGZ3X2ZvbGxvd2VyX2NvdW50X3N1bnNldCI6eyJidWNrZXQiOnRydWUsInZlcnNpb24iOm51bGx9LCJ0ZndfdHdlZXRfZWRpdF9iYWNrZW5kIjp7ImJ1Y2tldCI6Im9uIiwidmVyc2lvbiI6bnVsbH0sInRmd19yZWZzcmNfc2Vzc2lvbiI6eyJidWNrZXQiOiJvbiIsInZlcnNpb24iOm51bGx9LCJ0ZndfZm9zbnJfc29mdF9pbnRlcnZlbnRpb25zX2VuYWJsZWQiOnsiYnVja2V0Ijoib24iLCJ2ZXJzaW9uIjpudWxsfSwidGZ3X21peGVkX21lZGlhXzE1ODk3Ijp7ImJ1Y2tldCI6InRyZWF0bWVudCIsInZlcnNpb24iOm51bGx9LCJ0ZndfZXhwZXJpbWVudHNfY29va2llX2V4cGlyYXRpb24iOnsiYnVja2V0IjoxMjA5NjAwLCJ2ZXJzaW9uIjpudWxsfSwidGZ3X3Nob3dfYmlyZHdhdGNoX3Bpdm90c19lbmFibGVkIjp7ImJ1Y2tldCI6Im9uIiwidmVyc2lvbiI6bnVsbH0sInRmd19kdXBsaWNhdGVfc2NyaWJlc190b19zZXR0aW5ncyI6eyJidWNrZXQiOiJvbiIsInZlcnNpb24iOm51bGx9LCJ0ZndfdXNlX3Byb2ZpbGVfaW1hZ2Vfc2hhcGVfZW5hYmxlZCI6eyJidWNrZXQiOiJvbiIsInZlcnNpb24iOm51bGx9LCJ0ZndfdmlkZW9faGxzX2R5bmFtaWNfbWFuaWZlc3RzXzE1MDgyIjp7ImJ1Y2tldCI6InRydWVfYml0cmF0ZSIsInZlcnNpb24iOm51bGx9LCJ0ZndfbGVnYWN5X3RpbWVsaW5lX3N1bnNldCI6eyJidWNrZXQiOnRydWUsInZlcnNpb24iOm51bGx9LCJ0ZndfdHdlZXRfZWRpdF9mcm9udGVuZCI6eyJidWNrZXQiOiJvbiIsInZlcnNpb24iOm51bGx9fQ%3D%3D&amp;frame=false&amp;hideCard=false&amp;hideThread=false&amp;id=2013158857351081992&amp;lang=es&amp;maxWidth=560px&amp;origin=https%3A%2F%2Fwww.eltelegrafo.com.ec%2Fnoticias%2Finternacionales%2F211%2Ffallecidos-accidente-tren-espana&amp;sessionId=44049c04936d5be4e89c99ebd23853a4b9b5509a&amp;theme=light&amp;widgetsVersion=2615f7e52b7e0%3A1702314776716&amp;width=550px\" frameborder=\"0\" scrolling=\"no\" allowfullscreen=\"allowfullscreen\" data-tweet-id=\"2013158857351081992\" data-mce-fragment=\"1\"><\/iframe><\/div>\n<h2><b>48 personas permanecen ingresadas<\/b><\/h2>\n<p>Adem\u00e1s, un total de 48 personas permanecen ingresadas en diferentes hospitales, 12 de las cuales, entre ellas un menor, est\u00e1n en la UCI.<\/p>\n<p>Seg\u00fan ha informado el servicio de emergencias 112, han sido atendidas 122 personas, 74 de las cuales ya han sido dadas de alta.<\/p>\n<p>En una entrevista en la Cope, el presidente de la Junta, Juanma Moreno, ha concretado que de los 11 adultos ingresados en la UCI, cuatro est\u00e1n en el hospital Reina Sof\u00eda de C\u00f3rdoba, dos en el Hospital Cruz Roja, otros dos en el Hospital San Juan de Dios y otro est\u00e1 en el Quir\u00f3n.<\/p>\n<p>Los 5 ni\u00f1os ingresados, uno de ellos en la UCI, est\u00e1n en la unidad pediatr\u00eda del Reina Sof\u00eda.<\/p>\n<p>La Unidad Militar de Emergencias (UME) y del Grupo de Emergencias de Andaluc\u00eda (GREA) han intensificado desde esta ma\u00f1ana las labores de rescate y b\u00fasqueda de supervivientes o fallecidos.<\/p>\n<h2><b>Suspensi\u00f3n de la agenda pol\u00edtica y minuto de silencio<\/b><\/h2>\n<p><b>El presidente del Gobierno, Pedro S\u00e1nchez<\/b>, se traslada esta ma\u00f1ana a la zona del accidente para conocer de primer mano la situaci\u00f3n, ha informado la Secretar\u00eda de Estado de Comunicaci\u00f3n, y los reyes lo har\u00e1n ma\u00f1ana.<\/p>\n<p>El accidente ha alterado la agenda pol\u00edtica de este lunes, en el que la pr\u00e1ctica totalidad del Gobierno y la mayor\u00eda de los partidos han cancelado los actos previstos.<\/p>\n<p>Las principales instituciones, estatales, auton\u00f3micas y locales, han rendido homenaje a las v\u00edctimas convocando minutos de silencio a mediod\u00eda.<\/p>\n<p>Por su parte,\u00a0<b>el presidente de Renfe<\/b>, \u00c1lvaro Fern\u00e1ndez Heredia, ha advertido de que las razones del accidente ferroviario tardar\u00e1n d\u00edas en conocerse, aunque ha alejado la posibilidad de que se haya debido a un exceso de velocidad o un fallo humano.<\/p>\n<h2><b>La Guardia Civil habilita cinco puntos de recogida de ADN para familiares<\/b><\/h2>\n<p>Por su parte, la Guardia Civil ha habilitado cinco puntos de recogida de muestras de ADN para los familiares directos de las v\u00edctimas del accidente, a fin de facilitar la identificaci\u00f3n de los cad\u00e1veres.<\/p>\n<p>En estas oficinas se les informar\u00e1 de los avances en la localizaci\u00f3n y estado de sus familiares.<\/p>\n<p>La Guardia Civil recuerda que cualquier dato puede ser importante para la identificaci\u00f3n de las v\u00edctimas, por lo que se recomienda a los familiares que aporten la siguiente documentaci\u00f3n: Documento de identidad (DNI, pasaporte, NIE, etc); fotograf\u00edas recientes; e informaci\u00f3n sobre rasgos f\u00edsicos caracter\u00edsticos (como tatuajes, cicatrices, etc.).<\/p>\n<p>Tambi\u00e9n se encuentra el Equipo Central de Inspecciones Oculares de Criminal\u00edstica, y se han incorporado especialistas que participaron en la dana para proceder a la identificaci\u00f3n temprana de los fallecidos, tanto expertos en ADN como en huellas.<\/p>\n<div class=\"twitter-tweet twitter-tweet-rendered\"><iframe id=\"twitter-widget-1\" class=\"\" title=\"X Post\" src=\"https:\/\/platform.twitter.com\/embed\/Tweet.html?dnt=false&amp;embedId=twitter-widget-1&amp;features=eyJ0ZndfdGltZWxpbmVfbGlzdCI6eyJidWNrZXQiOltdLCJ2ZXJzaW9uIjpudWxsfSwidGZ3X2ZvbGxvd2VyX2NvdW50X3N1bnNldCI6eyJidWNrZXQiOnRydWUsInZlcnNpb24iOm51bGx9LCJ0ZndfdHdlZXRfZWRpdF9iYWNrZW5kIjp7ImJ1Y2tldCI6Im9uIiwidmVyc2lvbiI6bnVsbH0sInRmd19yZWZzcmNfc2Vzc2lvbiI6eyJidWNrZXQiOiJvbiIsInZlcnNpb24iOm51bGx9LCJ0ZndfZm9zbnJfc29mdF9pbnRlcnZlbnRpb25zX2VuYWJsZWQiOnsiYnVja2V0Ijoib24iLCJ2ZXJzaW9uIjpudWxsfSwidGZ3X21peGVkX21lZGlhXzE1ODk3Ijp7ImJ1Y2tldCI6InRyZWF0bWVudCIsInZlcnNpb24iOm51bGx9LCJ0ZndfZXhwZXJpbWVudHNfY29va2llX2V4cGlyYXRpb24iOnsiYnVja2V0IjoxMjA5NjAwLCJ2ZXJzaW9uIjpudWxsfSwidGZ3X3Nob3dfYmlyZHdhdGNoX3Bpdm90c19lbmFibGVkIjp7ImJ1Y2tldCI6Im9uIiwidmVyc2lvbiI6bnVsbH0sInRmd19kdXBsaWNhdGVfc2NyaWJlc190b19zZXR0aW5ncyI6eyJidWNrZXQiOiJvbiIsInZlcnNpb24iOm51bGx9LCJ0ZndfdXNlX3Byb2ZpbGVfaW1hZ2Vfc2hhcGVfZW5hYmxlZCI6eyJidWNrZXQiOiJvbiIsInZlcnNpb24iOm51bGx9LCJ0ZndfdmlkZW9faGxzX2R5bmFtaWNfbWFuaWZlc3RzXzE1MDgyIjp7ImJ1Y2tldCI6InRydWVfYml0cmF0ZSIsInZlcnNpb24iOm51bGx9LCJ0ZndfbGVnYWN5X3RpbWVsaW5lX3N1bnNldCI6eyJidWNrZXQiOnRydWUsInZlcnNpb24iOm51bGx9LCJ0ZndfdHdlZXRfZWRpdF9mcm9udGVuZCI6eyJidWNrZXQiOiJvbiIsInZlcnNpb24iOm51bGx9fQ%3D%3D&amp;frame=false&amp;hideCard=false&amp;hideThread=false&amp;id=2013194301329576422&amp;lang=es&amp;origin=https%3A%2F%2Fwww.eltelegrafo.com.ec%2Fnoticias%2Finternacionales%2F211%2Ffallecidos-accidente-tren-espana&amp;sessionId=44049c04936d5be4e89c99ebd23853a4b9b5509a&amp;theme=light&amp;widgetsVersion=2615f7e52b7e0%3A1702314776716&amp;width=550px\" frameborder=\"0\" scrolling=\"no\" allowfullscreen=\"allowfullscreen\" data-tweet-id=\"2013194301329576422\" data-mce-fragment=\"1\"><\/iframe><\/div>\n<p>Este despliegue de la Guardia Civil forma parte del operativo por el accidente de\u00a0<a href=\"https:\/\/efe.com\/noticias\/tren\/\"><b>trenes<\/b><\/a>.<\/p>\n<h2><b>SUMMA 112 recibe en Atocha a los pasajeros ilesos<\/b><\/h2>\n<p>Mientras, en Madrid, el Servicio de Urgencia M\u00e9dica de la Comunidad, el SUMMA 112, ha recibido a pasajeros de los trenes siniestrados que, desde las 4:30 de la madrugada de este lunes, han ido llegando a\u00a0<a href=\"https:\/\/efe.com\/economia\/2026-01-19\/viajeros-atocha-organizan-viajes-para-llegar-destino\/\"><b>la estaci\u00f3n de Atocha\u00a0<\/b><\/a>en autobuses fletados por las compa\u00f1\u00edas.<\/p>\n<p>Transcurridas las primeras horas de atenci\u00f3n sanitaria a los heridos en el accidente, los equipos de respuesta inmediata en emergencia psicosocial integrados por miembros de Cruz Roja se emplean este lunes en asistir a los familiares para brindarles apoyo emocional e informaci\u00f3n en medio del \u00abdesconcierto\u00bb.<\/p>\n<p>Seg\u00fan ha explicado el coordinador provincial de Cruz Roja en Granada, Francisco Gonz\u00e1lez, los efectivos trasladados desde esta provincia a Adamuz (C\u00f3rdoba) han estado toda la noche trabajando sobre el terreno, evacuando inicialmente a los heridos en ambulancia al hospital y traslad\u00e1ndose luego al polideportivo habilitado en Adamuz para continuar con labores b\u00e1sicas de atenci\u00f3n sanitaria.<\/p>\n<p>Pero una vez transcurridas las primeras horas de asistencia sanitaria, esta ma\u00f1ana se han activado los equipos de respuesta y emergencia de atenci\u00f3n psicosocial, que \u00abestos momentos cobran m\u00e1s importancia porque hay mucho desconcierto\u00bb.<\/p>\n<p>En el caso de la Cruz Roja de Granada, este grupo est\u00e1 formado por dos psic\u00f3logos, una trabajadora social y dos socorristas de acompa\u00f1amiento que se incorporar\u00e1n al resto del equipo psicosocial habilitado por Andaluc\u00eda.<\/p>\n<p>Adem\u00e1s, anoche se desplazaron desde esta provincia cinco ambulancias, cuatro de ellas con personal sanitario y una con soporte vital avanzado, tres con soporte vital b\u00e1sico y una con material sanitario de apoyo y soporte para reponer lo necesario.<\/p>\n<h2><b>Escasa afluencia de pasajeros en Santa Justa<\/b><\/h2>\n<p>La estaci\u00f3n de Santa Justa en Sevilla registra poca afluencia de pasajeros desde primeras horas, salvo los usuarios de las cercan\u00edas y un tren Alvia con destino a Barcelona, que ha salido a las 9:15 horas, y sobre esa hora han llegado varios autobuses procedentes de Madrid con las personas que no pudieron viajar anoche.<\/p>\n<p>Seg\u00fan algunos testimonios recabados por EFE en Santa Justa, sobre las 9:15 horas han llegado varios autobuses procedentes de Madrid, desde donde salieron a las 2 o 3 de la madrugada con las personas que iban a bordo de los trenes que tuvieron que regresar a Madrid tras el accidente y otras que sus trenes no llegaron a salir.<\/p>\n<p>Algunos pasajeros que han viajado en esos autobuses han contado que ha sido un trayecto largo porque tuvieron que esperar varias horas a que dispusieran el transporte alternativo al haber quedado cortada la v\u00eda del AVE entre Madrid y Andaluc\u00eda por el descarrilamiento.<\/p>\n<p>Los autobuses iban tambi\u00e9n a otras provincias como C\u00f3rdoba, M\u00e1laga y desde la capital hispalense han continuado a C\u00e1diz y a Huelva.<\/p>\n","protected":false},"excerpt":{"rendered":"<p>Un total de 39 personas han fallecido en\u00a0el accidente de trenes de Ademuz (C\u00f3rdoba), seg\u00fan han indicado a EFE fuentes de la investigaci\u00f3n. Los primeros cad\u00e1veres del accidente han comenzado a ser trasladados y algunos ya han llegado al Instituto de Medicina Legal de C\u00f3rdoba. Fuentes de la investigaci\u00f3n han indicado que los familiares de las v\u00edctimas no acudir\u00e1n a estas instalaciones porque se encuentran en el Centro C\u00edvico Poniente Sur, donde est\u00e1n siendo atendidas por un grupo de psic\u00f3logos. 48 personas permanecen ingresadas Adem\u00e1s, un total de 48 personas permanecen ingresadas en diferentes hospitales, 12 de las cuales, entre ellas un menor, est\u00e1n en la UCI. Seg\u00fan ha informado el servicio de emergencias 112, han sido atendidas 122 personas, 74 de las cuales ya han sido dadas de alta. En una entrevista en la Cope, el presidente de la Junta, Juanma Moreno, ha concretado que de los 11 adultos ingresados en la UCI, cuatro est\u00e1n en el hospital Reina Sof\u00eda de C\u00f3rdoba, dos en el Hospital Cruz Roja, otros dos en el Hospital San Juan de Dios y otro est\u00e1 en el Quir\u00f3n. Los 5 ni\u00f1os ingresados, uno de ellos en la UCI, est\u00e1n en la unidad pediatr\u00eda del Reina Sof\u00eda. La Unidad Militar de Emergencias (UME) y del Grupo de Emergencias de Andaluc\u00eda (GREA) han intensificado desde esta ma\u00f1ana las labores de rescate y b\u00fasqueda de supervivientes o fallecidos. Suspensi\u00f3n de la agenda pol\u00edtica y minuto de silencio El presidente del Gobierno, Pedro S\u00e1nchez, se traslada esta ma\u00f1ana a la zona del accidente para conocer de primer mano la situaci\u00f3n, ha informado la Secretar\u00eda de Estado de Comunicaci\u00f3n, y los reyes lo har\u00e1n ma\u00f1ana. El accidente ha alterado la agenda pol\u00edtica de este lunes, en el que la pr\u00e1ctica totalidad del Gobierno y la mayor\u00eda de los partidos han cancelado los actos previstos. Las principales instituciones, estatales, auton\u00f3micas y locales, han rendido homenaje a las v\u00edctimas convocando minutos de silencio a mediod\u00eda. Por su parte,\u00a0el presidente de Renfe, \u00c1lvaro Fern\u00e1ndez Heredia, ha advertido de que las razones del accidente ferroviario tardar\u00e1n d\u00edas en conocerse, aunque ha alejado la posibilidad de que se haya debido a un exceso de velocidad o un fallo humano. La Guardia Civil habilita cinco puntos de recogida de ADN para familiares Por su parte, la Guardia Civil ha habilitado cinco puntos de recogida de muestras de ADN para los familiares directos de las v\u00edctimas del accidente, a fin de facilitar la identificaci\u00f3n de los cad\u00e1veres. En estas oficinas se les informar\u00e1 de los avances en la localizaci\u00f3n y estado de sus familiares. La Guardia Civil recuerda que cualquier dato puede ser importante para la identificaci\u00f3n de las v\u00edctimas, por lo que se recomienda a los familiares que aporten la siguiente documentaci\u00f3n: Documento de identidad (DNI, pasaporte, NIE, etc); fotograf\u00edas recientes; e informaci\u00f3n sobre rasgos f\u00edsicos caracter\u00edsticos (como tatuajes, cicatrices, etc.). Tambi\u00e9n se encuentra el Equipo Central de Inspecciones Oculares de Criminal\u00edstica, y se han incorporado especialistas que participaron en la dana para proceder a la identificaci\u00f3n temprana de los fallecidos, tanto expertos en ADN como en huellas. Este despliegue de la Guardia Civil forma parte del operativo por el accidente de\u00a0trenes. SUMMA 112 recibe en Atocha a los pasajeros ilesos Mientras, en Madrid, el Servicio de Urgencia M\u00e9dica de la Comunidad, el SUMMA 112, ha recibido a pasajeros de los trenes siniestrados que, desde las 4:30 de la madrugada de este lunes, han ido llegando a\u00a0la estaci\u00f3n de Atocha\u00a0en autobuses fletados por las compa\u00f1\u00edas. Transcurridas las primeras horas de atenci\u00f3n sanitaria a los heridos en el accidente, los equipos de respuesta inmediata en emergencia psicosocial integrados por miembros de Cruz Roja se emplean este lunes en asistir a los familiares para brindarles apoyo emocional e informaci\u00f3n en medio del \u00abdesconcierto\u00bb. Seg\u00fan ha explicado el coordinador provincial de Cruz Roja en Granada, Francisco Gonz\u00e1lez, los efectivos trasladados desde esta provincia a Adamuz (C\u00f3rdoba) han estado toda la noche trabajando sobre el terreno, evacuando inicialmente a los heridos en ambulancia al hospital y traslad\u00e1ndose luego al polideportivo habilitado en Adamuz para continuar con labores b\u00e1sicas de atenci\u00f3n sanitaria. Pero una vez transcurridas las primeras horas de asistencia sanitaria, esta ma\u00f1ana se han activado los equipos de respuesta y emergencia de atenci\u00f3n psicosocial, que \u00abestos momentos cobran m\u00e1s importancia porque hay mucho desconcierto\u00bb. En el caso de la Cruz Roja de Granada, este grupo est\u00e1 formado por dos psic\u00f3logos, una trabajadora social y dos socorristas de acompa\u00f1amiento que se incorporar\u00e1n al resto del equipo psicosocial habilitado por Andaluc\u00eda. Adem\u00e1s, anoche se desplazaron desde esta provincia cinco ambulancias, cuatro de ellas con personal sanitario y una con soporte vital avanzado, tres con soporte vital b\u00e1sico y una con material sanitario de apoyo y soporte para reponer lo necesario. Escasa afluencia de pasajeros en Santa Justa La estaci\u00f3n de Santa Justa en Sevilla registra poca afluencia de pasajeros desde primeras horas, salvo los usuarios de las cercan\u00edas y un tren Alvia con destino a Barcelona, que ha salido a las 9:15 horas, y sobre esa hora han llegado varios autobuses procedentes de Madrid con las personas que no pudieron viajar anoche. Seg\u00fan algunos testimonios recabados por EFE en Santa Justa, sobre las 9:15 horas han llegado varios autobuses procedentes de Madrid, desde donde salieron a las 2 o 3 de la madrugada con las personas que iban a bordo de los trenes que tuvieron que regresar a Madrid tras el accidente y otras que sus trenes no llegaron a salir. Algunos pasajeros que han viajado en esos autobuses han contado que ha sido un trayecto largo porque tuvieron que esperar varias horas a que dispusieran el transporte alternativo al haber quedado cortada la v\u00eda del AVE entre Madrid y Andaluc\u00eda por el descarrilamiento. Los autobuses iban tambi\u00e9n a otras provincias como C\u00f3rdoba, M\u00e1laga y desde la capital hispalense han continuado a C\u00e1diz y a Huelva.<\/p>\n","protected":false},"author":1,"featured_media":28857,"comment_status":"closed","ping_status":"closed","sticky":false,"template":"","format":"standard","meta":{"footnotes":""},"categories":[5],"tags":[],"class_list":["post-28856","post","type-post","status-publish","format-standard","has-post-thumbnail","hentry","category-internacionales"],"_links":{"self":[{"href":"https:\/\/www.elamazonico.com\/portal\/wp-json\/wp\/v2\/posts\/28856","targetHints":{"allow":["GET"]}}],"collection":[{"href":"https:\/\/www.elamazonico.com\/portal\/wp-json\/wp\/v2\/posts"}],"about":[{"href":"https:\/\/www.elamazonico.com\/portal\/wp-json\/wp\/v2\/types\/post"}],"author":[{"embeddable":true,"href":"https:\/\/www.elamazonico.com\/portal\/wp-json\/wp\/v2\/users\/1"}],"replies":[{"embeddable":true,"href":"https:\/\/www.elamazonico.com\/portal\/wp-json\/wp\/v2\/comments?post=28856"}],"version-history":[{"count":1,"href":"https:\/\/www.elamazonico.com\/portal\/wp-json\/wp\/v2\/posts\/28856\/revisions"}],"predecessor-version":[{"id":28858,"href":"https:\/\/www.elamazonico.com\/portal\/wp-json\/wp\/v2\/posts\/28856\/revisions\/28858"}],"wp:featuredmedia":[{"embeddable":true,"href":"https:\/\/www.elamazonico.com\/portal\/wp-json\/wp\/v2\/media\/28857"}],"wp:attachment":[{"href":"https:\/\/www.elamazonico.com\/portal\/wp-json\/wp\/v2\/media?parent=28856"}],"wp:term":[{"taxonomy":"category","embeddable":true,"href":"https:\/\/www.elamazonico.com\/portal\/wp-json\/wp\/v2\/categories?post=28856"},{"taxonomy":"post_tag","embeddable":true,"href":"https:\/\/www.elamazonico.com\/portal\/wp-json\/wp\/v2\/tags?post=28856"}],"curies":[{"name":"wp","href":"https:\/\/api.w.org\/{rel}","templated":true}]}}