{"id":28853,"date":"2026-01-19T09:27:31","date_gmt":"2026-01-19T14:27:31","guid":{"rendered":"https:\/\/www.elamazonico.com\/portal\/?p=28853"},"modified":"2026-01-19T09:28:59","modified_gmt":"2026-01-19T14:28:59","slug":"ecuador-busca-atraer-nuevas-inversiones-durante-gira-en-suiza-y-belgica","status":"publish","type":"post","link":"https:\/\/www.elamazonico.com\/portal\/ecuador-busca-atraer-nuevas-inversiones-durante-gira-en-suiza-y-belgica\/","title":{"rendered":"Ecuador busca atraer nuevas inversiones durante gira en Suiza y B\u00e9lgica"},"content":{"rendered":"<p>El\u00a0<b>presidente Daniel Noboa<\/b>, acompa\u00f1ado por la\u00a0<b>canciller Gabriela Sommerfeld<\/b>\u00a0y una delegaci\u00f3n oficial, cumplir\u00e1 una gira internacional por Europa con una agenda centrada en inversi\u00f3n extranjera, cooperaci\u00f3n internacional y desarrollo sostenible.<\/p>\n<p data-start=\"1248\" data-end=\"1605\">La primera parada ser\u00e1 en\u00a0<b>Davos, Suiza<\/b>, donde el mandatario participar\u00e1 como expositor en la\u00a0<b>Reuni\u00f3n Anual del Foro Econ\u00f3mico Mundial<\/b>. En este espacio, Noboa mantendr\u00e1 encuentros con jefes de Estado, representantes de organismos multilaterales y directivos de empresas globales, con el fin de promover al Ecuador como un destino atractivo para la inversi\u00f3n.<\/p>\n<p data-start=\"1607\" data-end=\"2006\">Seg\u00fan la agenda oficial, el pa\u00eds buscar\u00e1 generar inter\u00e9s en sectores estrat\u00e9gicos como energ\u00eda, comercio, innovaci\u00f3n y tecnolog\u00eda, adem\u00e1s de identificar oportunidades para proyectos vinculados a sostenibilidad y transici\u00f3n energ\u00e9tica. La presencia ecuatoriana tambi\u00e9n apunta a fortalecer el v\u00ednculo con el\u00a0<b>WEF<\/b>\u00a0en iniciativas relacionadas con crecimiento econ\u00f3mico responsable y generaci\u00f3n de empleo.<\/p>\n<h1><b>Los temas de seguridad tambi\u00e9n\u00a0ser\u00e1n prioridad<\/b><\/h1>\n<p data-start=\"2008\" data-end=\"2380\">Tras su participaci\u00f3n en\u00a0<b>Davos<\/b>, la delegaci\u00f3n ecuatoriana se trasladar\u00e1 a\u00a0<b>B\u00e9lgica\u00a0<\/b>para cumplir una visita oficial orientada a reforzar las relaciones bilaterales y el di\u00e1logo con las instituciones de la Uni\u00f3n Europea. En esta etapa, uno de los temas centrales ser\u00e1 la cooperaci\u00f3n en seguridad y justicia, especialmente frente al avance del crimen organizado transnacional.<\/p>\n<p data-start=\"2382\" data-end=\"2660\">En este espacio el Gobierno ecuatoriano plantea difundir el potencial del pa\u00eds en \u00e1reas como pesca, acuacultura, agroindustria y log\u00edstica portuaria, con \u00e9nfasis en modelos de inversi\u00f3n sostenible. Tambi\u00e9n se promover\u00e1n oportunidades en econom\u00eda azul, energ\u00edas limpias y desarrollo portuario.<\/p>\n<h1 data-start=\"2382\" data-end=\"2660\">Esta es la agenda que cumplir\u00e1 el presidente en Suiza<\/h1>\n<p data-start=\"2382\" data-end=\"2660\">Como parte e su ponencia en el World Economic Forum 2026, en Davos Suiza, el presidente Noboa participar\u00e1 de estas reuniones:<\/p>\n<h3><strong>Martes 20 de enero<\/strong><\/h3>\n<p><strong>12h00 |\u00a0<\/strong>Reuni\u00f3n con David Webster, Vicepresidente Ejecutivo y Gerente de Riesgos, Cargill<\/p>\n<p><strong>14h15 |\u00a0<\/strong>Reuni\u00f3n con Makhtar Diop, Director Gerente de la Corporaci\u00f3n Financiera Internacional \u2013 Grupo BM<\/p>\n<p><strong>15h00 |\u00a0<\/strong>Intervenci\u00f3n en el Panel \u201cRebuilding Trust in Latin America\u201d<\/p>\n<p><strong>16h00 |<\/strong>Reuni\u00f3n con la Sra. Kristalina Georgieva, Presidenta del Fondo Monetario Internacional<\/p>\n<p><strong>17h15 |<\/strong>Intervenci\u00f3n en el Foro Transforming Latin America\u2019s Investment Frontier<\/p>\n<p><strong>19h30|<\/strong>Apertura de la 56.\u00aa Reuni\u00f3n Anual del Foro Econ\u00f3mico Mundial \u2013 Davos 2026<\/p>\n<h3><strong>Mi\u00e9rcoles 21 de enero<\/strong><\/h3>\n<p><strong>08h30|<\/strong>Reuni\u00f3n con Alex Karp, CEO de Palantir Technologies<\/p>\n<p><strong>10h00|<\/strong>Reuni\u00f3n con Ilan Goldfajn, Presidente del Banco Interamericano de Desarrollo (BID)<\/p>\n<p><strong>11h15|<\/strong>Reuni\u00f3n con Ryan McInerney, CEO de Visa<\/p>\n<p><strong>12h00|<\/strong>Almuerzo IGWEL (Informal Gathering of World Economic Leaders):<br \/>\n\u201cRestoring a Spirit of Dialogue in a Divided World\u201d<\/p>\n<p><strong>14h00|<\/strong>Reuni\u00f3n con Philippe Amon, CEO de SICPA<\/p>\n<p><strong>14h45|<\/strong>Reuni\u00f3n con Jos\u00e9 Ra\u00fal Mulino, Presidente de Panam\u00e1<\/p>\n<p><strong>16h00|<\/strong>Reuni\u00f3n con Isaac Herzog, Presidente de Israel<\/p>\n<p><strong>17h15|<\/strong>Reuni\u00f3n con Mike Henry, CEO BHP Group<\/p>\n<p><strong>18h15|<\/strong>Reuni\u00f3n con Jacob Safra, Presidente del Grupo Safra<\/p>\n<p><strong>20h15|<\/strong>Cena de trabajo de jefes de Estado latinoamericanos e invitados<br \/>\n\u201cDelivering for Latin America\u201d<\/p>\n<h3><strong>Jueves 22 de enero<\/strong><\/h3>\n<p><strong>07h30|<\/strong>Sesi\u00f3n estrat\u00e9gica: \u201cMeeting of the Gender Sprint Champions\u201d<\/p>\n<p><strong>09h00|<\/strong>Reuni\u00f3n con Tharman Shanmugaratnam, Presidente de Singapur<\/p>\n<p><strong>09h45|<\/strong>Intervenci\u00f3n en el Foro:<br \/>\n\u201cLeadership Reflections from Young Heads of State and Political Leaders\u201d<\/p>\n<p><strong>11h45|<\/strong>Reuni\u00f3n con Sultan Ahmed bin Sulayem, Presidente y CEO de DP World<\/p>\n<p><strong>12h00|<\/strong>Reuni\u00f3n bilateral con Ajay S. Banga, Presidente del Banco Mundial<\/p>\n<p><strong>12h45|<\/strong>Reuni\u00f3n bilateral con Catherine De Bolle, Directora de Europol<\/p>\n","protected":false},"excerpt":{"rendered":"<p>El\u00a0presidente Daniel Noboa, acompa\u00f1ado por la\u00a0canciller Gabriela Sommerfeld\u00a0y una delegaci\u00f3n oficial, cumplir\u00e1 una gira internacional por Europa con una agenda centrada en inversi\u00f3n extranjera, cooperaci\u00f3n internacional y desarrollo sostenible. La primera parada ser\u00e1 en\u00a0Davos, Suiza, donde el mandatario participar\u00e1 como expositor en la\u00a0Reuni\u00f3n Anual del Foro Econ\u00f3mico Mundial. En este espacio, Noboa mantendr\u00e1 encuentros con jefes de Estado, representantes de organismos multilaterales y directivos de empresas globales, con el fin de promover al Ecuador como un destino atractivo para la inversi\u00f3n. Seg\u00fan la agenda oficial, el pa\u00eds buscar\u00e1 generar inter\u00e9s en sectores estrat\u00e9gicos como energ\u00eda, comercio, innovaci\u00f3n y tecnolog\u00eda, adem\u00e1s de identificar oportunidades para proyectos vinculados a sostenibilidad y transici\u00f3n energ\u00e9tica. La presencia ecuatoriana tambi\u00e9n apunta a fortalecer el v\u00ednculo con el\u00a0WEF\u00a0en iniciativas relacionadas con crecimiento econ\u00f3mico responsable y generaci\u00f3n de empleo. Los temas de seguridad tambi\u00e9n\u00a0ser\u00e1n prioridad Tras su participaci\u00f3n en\u00a0Davos, la delegaci\u00f3n ecuatoriana se trasladar\u00e1 a\u00a0B\u00e9lgica\u00a0para cumplir una visita oficial orientada a reforzar las relaciones bilaterales y el di\u00e1logo con las instituciones de la Uni\u00f3n Europea. En esta etapa, uno de los temas centrales ser\u00e1 la cooperaci\u00f3n en seguridad y justicia, especialmente frente al avance del crimen organizado transnacional. En este espacio el Gobierno ecuatoriano plantea difundir el potencial del pa\u00eds en \u00e1reas como pesca, acuacultura, agroindustria y log\u00edstica portuaria, con \u00e9nfasis en modelos de inversi\u00f3n sostenible. Tambi\u00e9n se promover\u00e1n oportunidades en econom\u00eda azul, energ\u00edas limpias y desarrollo portuario. Esta es la agenda que cumplir\u00e1 el presidente en Suiza Como parte e su ponencia en el World Economic Forum 2026, en Davos Suiza, el presidente Noboa participar\u00e1 de estas reuniones: Martes 20 de enero 12h00 |\u00a0Reuni\u00f3n con David Webster, Vicepresidente Ejecutivo y Gerente de Riesgos, Cargill 14h15 |\u00a0Reuni\u00f3n con Makhtar Diop, Director Gerente de la Corporaci\u00f3n Financiera Internacional \u2013 Grupo BM 15h00 |\u00a0Intervenci\u00f3n en el Panel \u201cRebuilding Trust in Latin America\u201d 16h00 |Reuni\u00f3n con la Sra. Kristalina Georgieva, Presidenta del Fondo Monetario Internacional 17h15 |Intervenci\u00f3n en el Foro Transforming Latin America\u2019s Investment Frontier 19h30|Apertura de la 56.\u00aa Reuni\u00f3n Anual del Foro Econ\u00f3mico Mundial \u2013 Davos 2026 Mi\u00e9rcoles 21 de enero 08h30|Reuni\u00f3n con Alex Karp, CEO de Palantir Technologies 10h00|Reuni\u00f3n con Ilan Goldfajn, Presidente del Banco Interamericano de Desarrollo (BID) 11h15|Reuni\u00f3n con Ryan McInerney, CEO de Visa 12h00|Almuerzo IGWEL (Informal Gathering of World Economic Leaders): \u201cRestoring a Spirit of Dialogue in a Divided World\u201d 14h00|Reuni\u00f3n con Philippe Amon, CEO de SICPA 14h45|Reuni\u00f3n con Jos\u00e9 Ra\u00fal Mulino, Presidente de Panam\u00e1 16h00|Reuni\u00f3n con Isaac Herzog, Presidente de Israel 17h15|Reuni\u00f3n con Mike Henry, CEO BHP Group 18h15|Reuni\u00f3n con Jacob Safra, Presidente del Grupo Safra 20h15|Cena de trabajo de jefes de Estado latinoamericanos e invitados \u201cDelivering for Latin America\u201d Jueves 22 de enero 07h30|Sesi\u00f3n estrat\u00e9gica: \u201cMeeting of the Gender Sprint Champions\u201d 09h00|Reuni\u00f3n con Tharman Shanmugaratnam, Presidente de Singapur 09h45|Intervenci\u00f3n en el Foro: \u201cLeadership Reflections from Young Heads of State and Political Leaders\u201d 11h45|Reuni\u00f3n con Sultan Ahmed bin Sulayem, Presidente y CEO de DP World 12h00|Reuni\u00f3n bilateral con Ajay S. Banga, Presidente del Banco Mundial 12h45|Reuni\u00f3n bilateral con Catherine De Bolle, Directora de Europol<\/p>\n","protected":false},"author":1,"featured_media":28854,"comment_status":"closed","ping_status":"closed","sticky":false,"template":"","format":"standard","meta":{"footnotes":""},"categories":[268],"tags":[],"class_list":["post-28853","post","type-post","status-publish","format-standard","has-post-thumbnail","hentry","category-nacionales"],"_links":{"self":[{"href":"https:\/\/www.elamazonico.com\/portal\/wp-json\/wp\/v2\/posts\/28853","targetHints":{"allow":["GET"]}}],"collection":[{"href":"https:\/\/www.elamazonico.com\/portal\/wp-json\/wp\/v2\/posts"}],"about":[{"href":"https:\/\/www.elamazonico.com\/portal\/wp-json\/wp\/v2\/types\/post"}],"author":[{"embeddable":true,"href":"https:\/\/www.elamazonico.com\/portal\/wp-json\/wp\/v2\/users\/1"}],"replies":[{"embeddable":true,"href":"https:\/\/www.elamazonico.com\/portal\/wp-json\/wp\/v2\/comments?post=28853"}],"version-history":[{"count":1,"href":"https:\/\/www.elamazonico.com\/portal\/wp-json\/wp\/v2\/posts\/28853\/revisions"}],"predecessor-version":[{"id":28855,"href":"https:\/\/www.elamazonico.com\/portal\/wp-json\/wp\/v2\/posts\/28853\/revisions\/28855"}],"wp:featuredmedia":[{"embeddable":true,"href":"https:\/\/www.elamazonico.com\/portal\/wp-json\/wp\/v2\/media\/28854"}],"wp:attachment":[{"href":"https:\/\/www.elamazonico.com\/portal\/wp-json\/wp\/v2\/media?parent=28853"}],"wp:term":[{"taxonomy":"category","embeddable":true,"href":"https:\/\/www.elamazonico.com\/portal\/wp-json\/wp\/v2\/categories?post=28853"},{"taxonomy":"post_tag","embeddable":true,"href":"https:\/\/www.elamazonico.com\/portal\/wp-json\/wp\/v2\/tags?post=28853"}],"curies":[{"name":"wp","href":"https:\/\/api.w.org\/{rel}","templated":true}]}}