{"id":28852,"date":"2026-01-20T04:25:51","date_gmt":"2026-01-20T09:25:51","guid":{"rendered":"https:\/\/www.elamazonico.com\/portal\/?p=28852"},"modified":"2026-01-19T22:38:45","modified_gmt":"2026-01-20T03:38:45","slug":"los-encuentros-celebra-45-anos-con-amplia-agenda-cultural-y-productiva","status":"publish","type":"post","link":"https:\/\/www.elamazonico.com\/portal\/los-encuentros-celebra-45-anos-con-amplia-agenda-cultural-y-productiva\/","title":{"rendered":"Los Encuentros celebra 45 a\u00f1os con amplia agenda cultural y productiva"},"content":{"rendered":"<p>La Feria Agropecuaria, prevista para el s\u00e1bado 24 de enero desde las 08h00, contar\u00e1 con la participaci\u00f3n de productores agr\u00edcolas, pecuarios, ganaderos y emprendedores locales y provinciales. En este espacio se desarrollar\u00e1n concursos productivos, gastron\u00f3micos y comerciales, destac\u00e1ndose la premiaci\u00f3n a la mejor vaca lechera, con incentivos econ\u00f3micos de USD 1.000 para el primer lugar, USD 700 para el segundo, USD 500 para el tercero y adem\u00e1s de m\u00faltiples categor\u00edas en ganado bovino lechero y de carne.<\/p>\n<p>Asimismo, se realizar\u00e1 el Festival Parrillero, proyecto impulsado desde hace m\u00e1s de un a\u00f1o y medio, con la presentaci\u00f3n de cortes de carne de ganado Angus, reproducido en la localidad, y la participaci\u00f3n del reconocido parrillero Juan Boya, referente nacional en gastronom\u00eda c\u00e1rnica.<\/p>\n<p>El GAD Parroquial tambi\u00e9n resalt\u00f3 el avance del programa agroproductivo permanente, que incluye ferias todos los viernes en el parque central, incentivos a los mejores invernaderos comerciales y asistencia t\u00e9cnica veterinaria, acciones que han permitido que productores de Los Encuentros obtengan reconocimientos en ferias provinciales.<\/p>\n<p><strong>Cierre de las festividades<\/strong><br \/>\nLa agenda contempla adem\u00e1s actividades culturales y juveniles el viernes 30 y s\u00e1bado 31 de enero, como la Noche Cultural y Festival de Danzas Regionales, con la participaci\u00f3n del artista amaz\u00f3nico Sangre Shuar, competencias deportivas como el ecuav\u00f3ley, y la presentaci\u00f3n del artista de trayectoria nacional e internacional WaldoKinc \u201cEl Troyano\u201d.<\/p>\n<p>Finalmente, el presidente del GAD Parroquial extendi\u00f3 una cordial invitaci\u00f3n a la ciudadan\u00eda local, cantonal, provincial y nacional a sumarse a estas festividades, resaltando el respaldo de la empresa privada, instituciones p\u00fablicas como Agropzachin EP, y el apoyo del GAD Municipal, encabezado por la alcaldesa Mar\u00eda Lalangui, as\u00ed como de autoridades provinciales, entre ellas la prefecta Karla Re\u00e1tegui.<\/p>\n<p>Las celebraciones por los 45 a\u00f1os de vida pol\u00edtica de la parroquia Los Encuentros se proyectan como un espacio de integraci\u00f3n, identidad cultural y fortalecimiento del desarrollo productivo y social del territorio.<\/p>\n","protected":false},"excerpt":{"rendered":"<p>La Feria Agropecuaria, prevista para el s\u00e1bado 24 de enero desde las 08h00, contar\u00e1 con la participaci\u00f3n de productores agr\u00edcolas, pecuarios, ganaderos y emprendedores locales y provinciales. En este espacio se desarrollar\u00e1n concursos productivos, gastron\u00f3micos y comerciales, destac\u00e1ndose la premiaci\u00f3n a la mejor vaca lechera, con incentivos econ\u00f3micos de USD 1.000 para el primer lugar, USD 700 para el segundo, USD 500 para el tercero y adem\u00e1s de m\u00faltiples categor\u00edas en ganado bovino lechero y de carne. Asimismo, se realizar\u00e1 el Festival Parrillero, proyecto impulsado desde hace m\u00e1s de un a\u00f1o y medio, con la presentaci\u00f3n de cortes de carne de ganado Angus, reproducido en la localidad, y la participaci\u00f3n del reconocido parrillero Juan Boya, referente nacional en gastronom\u00eda c\u00e1rnica. El GAD Parroquial tambi\u00e9n resalt\u00f3 el avance del programa agroproductivo permanente, que incluye ferias todos los viernes en el parque central, incentivos a los mejores invernaderos comerciales y asistencia t\u00e9cnica veterinaria, acciones que han permitido que productores de Los Encuentros obtengan reconocimientos en ferias provinciales. Cierre de las festividades La agenda contempla adem\u00e1s actividades culturales y juveniles el viernes 30 y s\u00e1bado 31 de enero, como la Noche Cultural y Festival de Danzas Regionales, con la participaci\u00f3n del artista amaz\u00f3nico Sangre Shuar, competencias deportivas como el ecuav\u00f3ley, y la presentaci\u00f3n del artista de trayectoria nacional e internacional WaldoKinc \u201cEl Troyano\u201d. Finalmente, el presidente del GAD Parroquial extendi\u00f3 una cordial invitaci\u00f3n a la ciudadan\u00eda local, cantonal, provincial y nacional a sumarse a estas festividades, resaltando el respaldo de la empresa privada, instituciones p\u00fablicas como Agropzachin EP, y el apoyo del GAD Municipal, encabezado por la alcaldesa Mar\u00eda Lalangui, as\u00ed como de autoridades provinciales, entre ellas la prefecta Karla Re\u00e1tegui. Las celebraciones por los 45 a\u00f1os de vida pol\u00edtica de la parroquia Los Encuentros se proyectan como un espacio de integraci\u00f3n, identidad cultural y fortalecimiento del desarrollo productivo y social del territorio.<\/p>\n","protected":false},"author":1,"featured_media":28869,"comment_status":"closed","ping_status":"closed","sticky":false,"template":"","format":"standard","meta":{"footnotes":""},"categories":[243],"tags":[],"class_list":["post-28852","post","type-post","status-publish","format-standard","has-post-thumbnail","hentry","category-noticias-zamora"],"_links":{"self":[{"href":"https:\/\/www.elamazonico.com\/portal\/wp-json\/wp\/v2\/posts\/28852","targetHints":{"allow":["GET"]}}],"collection":[{"href":"https:\/\/www.elamazonico.com\/portal\/wp-json\/wp\/v2\/posts"}],"about":[{"href":"https:\/\/www.elamazonico.com\/portal\/wp-json\/wp\/v2\/types\/post"}],"author":[{"embeddable":true,"href":"https:\/\/www.elamazonico.com\/portal\/wp-json\/wp\/v2\/users\/1"}],"replies":[{"embeddable":true,"href":"https:\/\/www.elamazonico.com\/portal\/wp-json\/wp\/v2\/comments?post=28852"}],"version-history":[{"count":1,"href":"https:\/\/www.elamazonico.com\/portal\/wp-json\/wp\/v2\/posts\/28852\/revisions"}],"predecessor-version":[{"id":28870,"href":"https:\/\/www.elamazonico.com\/portal\/wp-json\/wp\/v2\/posts\/28852\/revisions\/28870"}],"wp:featuredmedia":[{"embeddable":true,"href":"https:\/\/www.elamazonico.com\/portal\/wp-json\/wp\/v2\/media\/28869"}],"wp:attachment":[{"href":"https:\/\/www.elamazonico.com\/portal\/wp-json\/wp\/v2\/media?parent=28852"}],"wp:term":[{"taxonomy":"category","embeddable":true,"href":"https:\/\/www.elamazonico.com\/portal\/wp-json\/wp\/v2\/categories?post=28852"},{"taxonomy":"post_tag","embeddable":true,"href":"https:\/\/www.elamazonico.com\/portal\/wp-json\/wp\/v2\/tags?post=28852"}],"curies":[{"name":"wp","href":"https:\/\/api.w.org\/{rel}","templated":true}]}}