{"id":28849,"date":"2026-01-19T06:16:29","date_gmt":"2026-01-19T11:16:29","guid":{"rendered":"https:\/\/www.elamazonico.com\/portal\/?p=28849"},"modified":"2026-01-19T06:16:29","modified_gmt":"2026-01-19T11:16:29","slug":"caso-furukawa-victimas-de-esclavitud-moderna-denuncian-incumplimiento-de-la-sentencia","status":"publish","type":"post","link":"https:\/\/www.elamazonico.com\/portal\/caso-furukawa-victimas-de-esclavitud-moderna-denuncian-incumplimiento-de-la-sentencia\/","title":{"rendered":"Caso Furukawa: v\u00edctimas de esclavitud moderna denuncian incumplimiento de la sentencia"},"content":{"rendered":"<div class=\"paragraph texto\">\n<p class=\"p_0\">La\u00a0<u>Asociaci\u00f3n de Trabajadores Abacaleros \u201cCaminando Juntos\u201d<\/u>\u00a0inform\u00f3 este\u00a0<b>15 de enero<\/b>\u00a0sobre el\u00a0<b><a href=\"https:\/\/www.vistazo.com\/actualidad\/nacional\/2025-07-17-caso-furukawa-victimas-esclavitud-ecuador-esperan-reparacion-sentencia-MB9773680\">incumplimiento de las reparaciones<\/a><\/b>\u00a0ordenadas por la Corte Constitucional del Ecuador, a\u00a0<b>m\u00e1s de un a\u00f1o de emitida la sentencia del caso Furukawa.<\/b><\/p>\n<p class=\"p_1\">El fallo\u00a0<b>reconoci\u00f3 violaciones graves y sistem\u00e1ticas de los derechos humanos,<\/b>\u00a0entre ellas el\u00a0<b>trabajo forzoso<\/b>, la servidumbre, el\u00a0<b>trabajo infantil<\/b>, la falta de acceso a un trabajo digno, a la\u00a0<b>atenci\u00f3n sanitaria<\/b>, a la educaci\u00f3n, a una vivienda adecuada, a la igualdad y a la no discriminaci\u00f3n.<\/p>\n<p class=\"p_2\">La\u00a0<b>sentencia del Tribunal Constitucional, dictada el 5 de diciembre de 2024,\u00a0<\/b>determin\u00f3 que el\u00a0<b>Estado ecuatoriano\u00a0<\/b>\u201cno hab\u00eda impedido ni protegido contra estos abusos antes de 2018, permitiendo que persistieran durante d\u00e9cadas\u201d.<\/p>\n<p class=\"p_4\">Si bien el tribunal orden\u00f3 reparaciones integrales para las 342 v\u00edctimas -como\u00a0<b>el pago de m\u00e1s de USD 42 millones por da\u00f1o inmaterial y material<\/b>&#8211; la aplicaci\u00f3n ha sido m\u00ednima, limit\u00e1ndose a\u00a0<b>una disculpa p\u00fablica del Gobierno<\/b>\u00a0en mayo de 2025.<\/p>\n<p class=\"p_5\">En una rueda de prensa que tuvo lugar en Quito,<b>\u00a0<\/b>el pasado 15 de enero de 2026,<b>\u00a0los demandantes del caso se\u00f1alaron que existe un incumplimiento prolongado\u00a0<\/b>y agravamiento de la crisis humanitaria.<\/p>\n<p class=\"p_6\">De acuerdo a la asociaci\u00f3n,\u00a0<b>la empresa Furukawa\u00a0<\/b>ha incumplido los plazos fijados por la Corte para el pago de las reparaciones.<b>\u00a0<\/b>La compa\u00f1\u00eda demandada deb\u00eda realizar un primer pago en beneficio de las v\u00edctimas de esclavitud moderna\u00a0<b>en marzo de 2025<\/b>, y\u00a0<u>hasta la fecha no ha cumplido esta obligaci\u00f3n.<\/u><\/p>\n<\/div>\n<div class=\"multimediaMacroWrapper img lateral\">\n<figure class=\"contentMedia art-img\">\n<div><img fetchpriority=\"high\" decoding=\"async\" class=\" lazyloaded\" title=\"En la imagen un hombre en las plantaciones.\" src=\"https:\/\/www.vistazo.com\/placeholder\/svg\/viewbox\/768x512\" sizes=\"100vw\" srcset=\"\/\/www.vistazo.com\/binrepository\/768x512\/0c0\/0d0\/none\/12727\/PHHE\/abacalero_2607527_20260118185600.jpg 768w,\/\/www.vistazo.com\/binrepository\/640x427\/0c0\/0d0\/none\/12727\/PHKU\/abacalero_2607527_20260118185600.jpg 640w,\/\/www.vistazo.com\/binrepository\/512x341\/0c0\/0d0\/none\/12727\/PHIR\/abacalero_2607527_20260118185600.jpg 512w,\/\/www.vistazo.com\/binrepository\/384x256\/0c0\/0d0\/none\/12727\/PHLY\/abacalero_2607527_20260118185600.jpg 384w,\/\/www.vistazo.com\/binrepository\/300x200\/0c0\/0d0\/none\/12727\/PHJR\/abacalero_2607527_20260118185600.jpg 300w\" alt=\"$!En la imagen un hombre en las plantaciones.\" width=\"768\" height=\"512\" data-srcset=\"\/\/www.vistazo.com\/binrepository\/768x512\/0c0\/0d0\/none\/12727\/PHHE\/abacalero_2607527_20260118185600.jpg 768w,\/\/www.vistazo.com\/binrepository\/640x427\/0c0\/0d0\/none\/12727\/PHKU\/abacalero_2607527_20260118185600.jpg 640w,\/\/www.vistazo.com\/binrepository\/512x341\/0c0\/0d0\/none\/12727\/PHIR\/abacalero_2607527_20260118185600.jpg 512w,\/\/www.vistazo.com\/binrepository\/384x256\/0c0\/0d0\/none\/12727\/PHLY\/abacalero_2607527_20260118185600.jpg 384w,\/\/www.vistazo.com\/binrepository\/300x200\/0c0\/0d0\/none\/12727\/PHJR\/abacalero_2607527_20260118185600.jpg 300w\" \/><\/div>\n<div class=\"cutline-byline\"><span class=\"cutline-text\">En la imagen un hombre en las plantaciones.<\/span>\u00a0<span class=\"byline-image\">(Foto: Archivo. )<\/span><\/div>\n<\/figure>\n<\/div>\n<div class=\"paragraph texto\">\n<p class=\"p_7\"><u>Javier Castillo, representante de la Asociaci\u00f3n de Trabajadores Abacaleros \u201cCaminando Juntos\u201d,\u00a0<\/u>dijo que\u00a0<b>al menos nueve demandantes han fallecido sin ver cumplido su leg\u00edtimo anhelo de reparaci\u00f3n.\u00a0<\/b>La mayor\u00eda de los demandantes son\u00a0<b>personas adultas mayores, con problemas de salud,\u00a0<\/b>que viven en la pobreza y extrema pobreza.<\/p>\n<\/div>\n<div class=\"Citavistazo\">\u201cLa empresa ha propuesto que le concedan un plazo de 98 a\u00f1os para pagar las reparaciones, lo que constituye una burla no solo para las v\u00edctimas, sino tambi\u00e9n para la Corte y el propio Estado ecuatoriano\u201d, expresaron.<\/div>\n<div class=\"paragraph texto\">\n<p class=\"p_8\">Los abacaleros han realizado\u00a0<b>m\u00faltiples actos de protesta ante la Corte Constitucional sin obtener respuestas efectivas.<\/b>\u00a0Ante la falta de soluci\u00f3n, algunos demandantes han realizado<b>\u00a0acciones de resistencia pac\u00edfica en el ingreso de una hacienda de la empresa<\/b>, como medida de presi\u00f3n.<\/p>\n<p class=\"p_10\"><u>Edwin Bedoya, presidente del Frente Unitario de Trabajadores (FUT),<\/u>\u00a0expres\u00f3 que esto sigue siendo una \u00ab<b>herida abierta\u00bb<\/b>\u00a0de la responsabilidad del Estado ecuatoriano con los trabajadores. \u00abLo que m\u00e1s asombra es que,\u00a0<b>a pesar de que hay una decisi\u00f3n de la Corte Constitucional para la reparaci\u00f3n<\/b>, no hay quien haga respetar esa orden\u00bb, apunt\u00f3.<\/p>\n<\/div>\n<h2 class=\"h2vistazo\">La ONU se pronuncia<\/h2>\n<div class=\"paragraph texto\">\n<p class=\"p_11\">En un comunicado,\u00a0<b>la Organizaci\u00f3n de las Naciones Unidas (ONU)<\/b>\u00a0indic\u00f3 que \u201cla empresa Furukawa no solo ha sometido a las personas trabajadoras a una grave explotaci\u00f3n laboral durante d\u00e9cadas, sino que\u00a0<b>tambi\u00e9n ha revictimizado a los supervivientes en lugar de reconocerlos y cumplir con sus obligaciones\u00a0<\/b>establecidas por la Corte Constitucional\u201d.<\/p>\n<\/div>\n<div class=\"Citavistazo\">\u201cNos preocupa profundamente que el Estado ecuatoriano no haya tomado medidas efectivas ni garantizado reparaciones materiales, lo que crea un entorno de alto riesgo para los supervivientes y los defensores de los derechos humanos\u201d, se\u00f1alaron los expertos de la ONU.<\/div>\n<div class=\"paragraph texto\">\n<p class=\"p_13\">La organizaci\u00f3n inst\u00f3\u00a0<b>al Estado y a Furukawa a actuar sin m\u00e1s demora para garantizar la plena reparaci\u00f3n, la protecci\u00f3n de las v\u00edctimas y la adopci\u00f3n de pol\u00edticas<\/b>\u00a0que impidan que se repitan estas graves violaciones de los derechos humanos.<\/p>\n<p class=\"p_14\">\u201cDe no hacerlo,\u00a0<u>se podr\u00eda producir una escalada de las tensiones actuales,<\/u>\u00a0poniendo en peligro la vida de quienes ya han sufrido durante d\u00e9cadas\u201d, destac\u00f3.<\/p>\n<\/div>\n","protected":false},"excerpt":{"rendered":"<p>La\u00a0Asociaci\u00f3n de Trabajadores Abacaleros \u201cCaminando Juntos\u201d\u00a0inform\u00f3 este\u00a015 de enero\u00a0sobre el\u00a0incumplimiento de las reparaciones\u00a0ordenadas por la Corte Constitucional del Ecuador, a\u00a0m\u00e1s de un a\u00f1o de emitida la sentencia del caso Furukawa. El fallo\u00a0reconoci\u00f3 violaciones graves y sistem\u00e1ticas de los derechos humanos,\u00a0entre ellas el\u00a0trabajo forzoso, la servidumbre, el\u00a0trabajo infantil, la falta de acceso a un trabajo digno, a la\u00a0atenci\u00f3n sanitaria, a la educaci\u00f3n, a una vivienda adecuada, a la igualdad y a la no discriminaci\u00f3n. La\u00a0sentencia del Tribunal Constitucional, dictada el 5 de diciembre de 2024,\u00a0determin\u00f3 que el\u00a0Estado ecuatoriano\u00a0\u201cno hab\u00eda impedido ni protegido contra estos abusos antes de 2018, permitiendo que persistieran durante d\u00e9cadas\u201d. Si bien el tribunal orden\u00f3 reparaciones integrales para las 342 v\u00edctimas -como\u00a0el pago de m\u00e1s de USD 42 millones por da\u00f1o inmaterial y material&#8211; la aplicaci\u00f3n ha sido m\u00ednima, limit\u00e1ndose a\u00a0una disculpa p\u00fablica del Gobierno\u00a0en mayo de 2025. En una rueda de prensa que tuvo lugar en Quito,\u00a0el pasado 15 de enero de 2026,\u00a0los demandantes del caso se\u00f1alaron que existe un incumplimiento prolongado\u00a0y agravamiento de la crisis humanitaria. De acuerdo a la asociaci\u00f3n,\u00a0la empresa Furukawa\u00a0ha incumplido los plazos fijados por la Corte para el pago de las reparaciones.\u00a0La compa\u00f1\u00eda demandada deb\u00eda realizar un primer pago en beneficio de las v\u00edctimas de esclavitud moderna\u00a0en marzo de 2025, y\u00a0hasta la fecha no ha cumplido esta obligaci\u00f3n. En la imagen un hombre en las plantaciones.\u00a0(Foto: Archivo. ) Javier Castillo, representante de la Asociaci\u00f3n de Trabajadores Abacaleros \u201cCaminando Juntos\u201d,\u00a0dijo que\u00a0al menos nueve demandantes han fallecido sin ver cumplido su leg\u00edtimo anhelo de reparaci\u00f3n.\u00a0La mayor\u00eda de los demandantes son\u00a0personas adultas mayores, con problemas de salud,\u00a0que viven en la pobreza y extrema pobreza. \u201cLa empresa ha propuesto que le concedan un plazo de 98 a\u00f1os para pagar las reparaciones, lo que constituye una burla no solo para las v\u00edctimas, sino tambi\u00e9n para la Corte y el propio Estado ecuatoriano\u201d, expresaron. Los abacaleros han realizado\u00a0m\u00faltiples actos de protesta ante la Corte Constitucional sin obtener respuestas efectivas.\u00a0Ante la falta de soluci\u00f3n, algunos demandantes han realizado\u00a0acciones de resistencia pac\u00edfica en el ingreso de una hacienda de la empresa, como medida de presi\u00f3n. Edwin Bedoya, presidente del Frente Unitario de Trabajadores (FUT),\u00a0expres\u00f3 que esto sigue siendo una \u00abherida abierta\u00bb\u00a0de la responsabilidad del Estado ecuatoriano con los trabajadores. \u00abLo que m\u00e1s asombra es que,\u00a0a pesar de que hay una decisi\u00f3n de la Corte Constitucional para la reparaci\u00f3n, no hay quien haga respetar esa orden\u00bb, apunt\u00f3. La ONU se pronuncia En un comunicado,\u00a0la Organizaci\u00f3n de las Naciones Unidas (ONU)\u00a0indic\u00f3 que \u201cla empresa Furukawa no solo ha sometido a las personas trabajadoras a una grave explotaci\u00f3n laboral durante d\u00e9cadas, sino que\u00a0tambi\u00e9n ha revictimizado a los supervivientes en lugar de reconocerlos y cumplir con sus obligaciones\u00a0establecidas por la Corte Constitucional\u201d. \u201cNos preocupa profundamente que el Estado ecuatoriano no haya tomado medidas efectivas ni garantizado reparaciones materiales, lo que crea un entorno de alto riesgo para los supervivientes y los defensores de los derechos humanos\u201d, se\u00f1alaron los expertos de la ONU. La organizaci\u00f3n inst\u00f3\u00a0al Estado y a Furukawa a actuar sin m\u00e1s demora para garantizar la plena reparaci\u00f3n, la protecci\u00f3n de las v\u00edctimas y la adopci\u00f3n de pol\u00edticas\u00a0que impidan que se repitan estas graves violaciones de los derechos humanos. \u201cDe no hacerlo,\u00a0se podr\u00eda producir una escalada de las tensiones actuales,\u00a0poniendo en peligro la vida de quienes ya han sufrido durante d\u00e9cadas\u201d, destac\u00f3.<\/p>\n","protected":false},"author":1,"featured_media":28850,"comment_status":"closed","ping_status":"closed","sticky":false,"template":"","format":"standard","meta":{"footnotes":""},"categories":[268],"tags":[],"class_list":["post-28849","post","type-post","status-publish","format-standard","has-post-thumbnail","hentry","category-nacionales"],"_links":{"self":[{"href":"https:\/\/www.elamazonico.com\/portal\/wp-json\/wp\/v2\/posts\/28849","targetHints":{"allow":["GET"]}}],"collection":[{"href":"https:\/\/www.elamazonico.com\/portal\/wp-json\/wp\/v2\/posts"}],"about":[{"href":"https:\/\/www.elamazonico.com\/portal\/wp-json\/wp\/v2\/types\/post"}],"author":[{"embeddable":true,"href":"https:\/\/www.elamazonico.com\/portal\/wp-json\/wp\/v2\/users\/1"}],"replies":[{"embeddable":true,"href":"https:\/\/www.elamazonico.com\/portal\/wp-json\/wp\/v2\/comments?post=28849"}],"version-history":[{"count":1,"href":"https:\/\/www.elamazonico.com\/portal\/wp-json\/wp\/v2\/posts\/28849\/revisions"}],"predecessor-version":[{"id":28851,"href":"https:\/\/www.elamazonico.com\/portal\/wp-json\/wp\/v2\/posts\/28849\/revisions\/28851"}],"wp:featuredmedia":[{"embeddable":true,"href":"https:\/\/www.elamazonico.com\/portal\/wp-json\/wp\/v2\/media\/28850"}],"wp:attachment":[{"href":"https:\/\/www.elamazonico.com\/portal\/wp-json\/wp\/v2\/media?parent=28849"}],"wp:term":[{"taxonomy":"category","embeddable":true,"href":"https:\/\/www.elamazonico.com\/portal\/wp-json\/wp\/v2\/categories?post=28849"},{"taxonomy":"post_tag","embeddable":true,"href":"https:\/\/www.elamazonico.com\/portal\/wp-json\/wp\/v2\/tags?post=28849"}],"curies":[{"name":"wp","href":"https:\/\/api.w.org\/{rel}","templated":true}]}}