{"id":28845,"date":"2026-01-18T20:56:25","date_gmt":"2026-01-19T01:56:25","guid":{"rendered":"https:\/\/www.elamazonico.com\/portal\/?p=28845"},"modified":"2026-01-18T20:56:49","modified_gmt":"2026-01-19T01:56:49","slug":"fallecio-la-periodista-ecuatoriana-maria-belen-loor-exdirectora-regional-de-noticias-de-tc-television","status":"publish","type":"post","link":"https:\/\/www.elamazonico.com\/portal\/fallecio-la-periodista-ecuatoriana-maria-belen-loor-exdirectora-regional-de-noticias-de-tc-television\/","title":{"rendered":"Falleci\u00f3 la periodista ecuatoriana Mar\u00eda Bel\u00e9n Loor, exdirectora regional de noticias de TC Televisi\u00f3n"},"content":{"rendered":"<p class=\"p_0\">La\u00a0<a href=\"https:\/\/www.vistazo.com\/cronologia\/-\/meta\/periodista\" target=\"_blank\" rel=\"noopener noreferrer\">periodista\u00a0<\/a>y exdirectora regional de noticias de\u00a0<b><a href=\"https:\/\/www.vistazo.com\/cronologia\/-\/meta\/tc-television\" target=\"_blank\" rel=\"noopener noreferrer\">TC Televisi\u00f3n<\/a><\/b>,\u00a0<b>Mar\u00eda Bel\u00e9n Loor D\u00e1valos<\/b>, falleci\u00f3 a los 62 a\u00f1os este domingo 18 de enero en\u00a0<b><a href=\"https:\/\/www.vistazo.com\/cronologia\/-\/meta\/quito\" target=\"_blank\" rel=\"noopener noreferrer\">Quito<\/a><\/b>, dejando un profundo vac\u00edo en el \u00e1mbito de la\u00a0<a href=\"https:\/\/www.vistazo.com\/cronologia\/-\/meta\/comunicacion\" target=\"_blank\" rel=\"noopener noreferrer\">comunicaci\u00f3n\u00a0<\/a>ecuatoriana.<\/p>\n<p class=\"p_1\">Con\u00a0<b>34 a\u00f1os de carrera period\u00edstica<\/b>\u00a0y m\u00e1s de\u00a0<b>dos d\u00e9cadas al frente de la direcci\u00f3n regional de El Noticiero<\/b>, Loor se convirti\u00f3 en un referente de la televisi\u00f3n nacional. En julio de 2025 anunci\u00f3 su retiro del canal, con un mensaje cargado de emoci\u00f3n: \u201cHoy cierro con nostalgia pero tambi\u00e9n con j\u00fabilo porque esta carrera me regal\u00f3 solo lo m\u00e1s bello de esta vida\u201d.<\/p>\n<div class=\"teads-inread teads-display sm-screen\">\n<div>\n<div class=\"teads-ui-components-label\"><\/div>\n<div id=\"teads0\" class=\"teads-player\">Graduada en la <b>Facultad de Comunicaci\u00f3n Social de la\u00a0<a href=\"https:\/\/www.vistazo.com\/cronologia\/-\/meta\/universidad-central-del-ecuador\" target=\"_blank\" rel=\"noopener noreferrer\">Universidad Central del Ecuador<\/a><\/b>, Loor mantuvo siempre el v\u00ednculo con su alma m\u00e1ter.<\/div>\n<div><\/div>\n<\/div>\n<\/div>\n<div class=\"Center2Display\">\n<div id=\"Center2\" data-google-query-id=\"CNmN_eu-lpIDFUsbHAAd6zguRw\">\n<div id=\"google_ads_iframe_\/21839199781\/Vistazo\/Vistazo_Center2_0__container__\">En junio de 2024 recibi\u00f3 el <b>reconocimiento Eloy Alfaro a la trayectoria<\/b>, otorgado por la\u00a0<b><a href=\"https:\/\/www.vistazo.com\/cronologia\/-\/meta\/union-nacional-de-periodistas\" target=\"_blank\" rel=\"noopener noreferrer\">Uni\u00f3n Nacional de Periodistas<\/a><\/b>, como homenaje a su aporte a la comunicaci\u00f3n y al liderazgo ejercido en un espacio informativo de gran relevancia.<\/div>\n<\/div>\n<\/div>\n<p class=\"p_5\">El\u00a0<b>velatorio<\/b>\u00a0se realiza en la sala 4 del cementerio\u00a0<b>Monteolivo de Quito<\/b>, desde las 11:00 de hoy. El\u00a0<b>sepelio<\/b> est\u00e1 previsto para el lunes 19 de enero de 2026, a las 12:00. <strong>Fuente: Vistazo<\/strong><\/p>\n","protected":false},"excerpt":{"rendered":"<p>La\u00a0periodista\u00a0y exdirectora regional de noticias de\u00a0TC Televisi\u00f3n,\u00a0Mar\u00eda Bel\u00e9n Loor D\u00e1valos, falleci\u00f3 a los 62 a\u00f1os este domingo 18 de enero en\u00a0Quito, dejando un profundo vac\u00edo en el \u00e1mbito de la\u00a0comunicaci\u00f3n\u00a0ecuatoriana. Con\u00a034 a\u00f1os de carrera period\u00edstica\u00a0y m\u00e1s de\u00a0dos d\u00e9cadas al frente de la direcci\u00f3n regional de El Noticiero, Loor se convirti\u00f3 en un referente de la televisi\u00f3n nacional. En julio de 2025 anunci\u00f3 su retiro del canal, con un mensaje cargado de emoci\u00f3n: \u201cHoy cierro con nostalgia pero tambi\u00e9n con j\u00fabilo porque esta carrera me regal\u00f3 solo lo m\u00e1s bello de esta vida\u201d. Graduada en la Facultad de Comunicaci\u00f3n Social de la\u00a0Universidad Central del Ecuador, Loor mantuvo siempre el v\u00ednculo con su alma m\u00e1ter. En junio de 2024 recibi\u00f3 el reconocimiento Eloy Alfaro a la trayectoria, otorgado por la\u00a0Uni\u00f3n Nacional de Periodistas, como homenaje a su aporte a la comunicaci\u00f3n y al liderazgo ejercido en un espacio informativo de gran relevancia. El\u00a0velatorio\u00a0se realiza en la sala 4 del cementerio\u00a0Monteolivo de Quito, desde las 11:00 de hoy. El\u00a0sepelio est\u00e1 previsto para el lunes 19 de enero de 2026, a las 12:00. Fuente: Vistazo<\/p>\n","protected":false},"author":1,"featured_media":28846,"comment_status":"closed","ping_status":"closed","sticky":false,"template":"","format":"standard","meta":{"footnotes":""},"categories":[268],"tags":[],"class_list":["post-28845","post","type-post","status-publish","format-standard","has-post-thumbnail","hentry","category-nacionales"],"_links":{"self":[{"href":"https:\/\/www.elamazonico.com\/portal\/wp-json\/wp\/v2\/posts\/28845","targetHints":{"allow":["GET"]}}],"collection":[{"href":"https:\/\/www.elamazonico.com\/portal\/wp-json\/wp\/v2\/posts"}],"about":[{"href":"https:\/\/www.elamazonico.com\/portal\/wp-json\/wp\/v2\/types\/post"}],"author":[{"embeddable":true,"href":"https:\/\/www.elamazonico.com\/portal\/wp-json\/wp\/v2\/users\/1"}],"replies":[{"embeddable":true,"href":"https:\/\/www.elamazonico.com\/portal\/wp-json\/wp\/v2\/comments?post=28845"}],"version-history":[{"count":1,"href":"https:\/\/www.elamazonico.com\/portal\/wp-json\/wp\/v2\/posts\/28845\/revisions"}],"predecessor-version":[{"id":28847,"href":"https:\/\/www.elamazonico.com\/portal\/wp-json\/wp\/v2\/posts\/28845\/revisions\/28847"}],"wp:featuredmedia":[{"embeddable":true,"href":"https:\/\/www.elamazonico.com\/portal\/wp-json\/wp\/v2\/media\/28846"}],"wp:attachment":[{"href":"https:\/\/www.elamazonico.com\/portal\/wp-json\/wp\/v2\/media?parent=28845"}],"wp:term":[{"taxonomy":"category","embeddable":true,"href":"https:\/\/www.elamazonico.com\/portal\/wp-json\/wp\/v2\/categories?post=28845"},{"taxonomy":"post_tag","embeddable":true,"href":"https:\/\/www.elamazonico.com\/portal\/wp-json\/wp\/v2\/tags?post=28845"}],"curies":[{"name":"wp","href":"https:\/\/api.w.org\/{rel}","templated":true}]}}