{"id":28833,"date":"2026-01-18T19:59:33","date_gmt":"2026-01-19T00:59:33","guid":{"rendered":"https:\/\/www.elamazonico.com\/portal\/?p=28833"},"modified":"2026-01-18T19:59:33","modified_gmt":"2026-01-19T00:59:33","slug":"alianza-busca-fortalecer-la-generacion-de-oportunidades-en-guayas-mejorando-la-calidad-de-vida-de-la-poblacion","status":"publish","type":"post","link":"https:\/\/www.elamazonico.com\/portal\/alianza-busca-fortalecer-la-generacion-de-oportunidades-en-guayas-mejorando-la-calidad-de-vida-de-la-poblacion\/","title":{"rendered":"Alianza busca fortalecer la generaci\u00f3n de oportunidades en Guayas, mejorando la calidad de vida de la poblaci\u00f3n"},"content":{"rendered":"<div>La Prefecta Marcela Agui\u00f1aga consolid\u00f3 una alianza p\u00fablico\u2013privada con la empresa Pronaca mediante la firma de un Convenio Marco de Cooperaci\u00f3n Interinstitucional, con el objetivo de desarrollar proyectos que mejoren la calidad de vida de la poblaci\u00f3n, potencien la producci\u00f3n agr\u00edcola y promuevan la sostenibilidad ambiental en la provincia. El convenio establece una ruta de trabajo conjunta en tres ejes prioritarios:<\/div>\n<div><b><i>-Nutrici\u00f3n y bienestar en centros educativos<\/i><\/b>, a trav\u00e9s de charlas y programas de alimentaci\u00f3n saludable para estudiantes.<\/div>\n<div><b><i>-Emprendimiento y desarrollo productivo<\/i><\/b>, con asistencia t\u00e9cnica y capacitaci\u00f3n para emprendimientos y j\u00f3venes agricultores, incorporando enfoque de g\u00e9nero.<\/div>\n<div><\/div>\n<div><b><i>-Conservaci\u00f3n ambiental<\/i><\/b>, mediante estrategias que protejan recursos naturales y promuevan buenas pr\u00e1cticas alrededor de las zonas de producci\u00f3n y operaci\u00f3n.<\/div>\n<div><\/div>\n<div>Durante la firma, representantes de Pronaca destacaron la importancia de unir capacidades para generar impacto real en la ciudadan\u00eda. Alexandra Chamba recalc\u00f3 que se trata de una cooperaci\u00f3n p\u00fablico-privada con prop\u00f3sito, se\u00f1alando que \u201cla misi\u00f3n de Pronaca es alimentar bien y para lograrlo debemos unir esfuerzos entre el sector p\u00fablico, privado y la sociedad civil\u201d, resaltando que estos ejes permitir\u00e1n promover h\u00e1bitos saludables, apoyar emprendimientos locales y fortalecer la protecci\u00f3n ambiental.<\/div>\n<div><\/div>\n<div>Por su parte, Rafael Caicedo, director de Proyectos y Cooperaci\u00f3n Internacional de la Prefectura, enfatiz\u00f3 que el convenio permitir\u00e1 \u201cfomentar la productividad dentro de la provincia mediante asistencia t\u00e9cnica y estrategias relacionadas con la conservaci\u00f3n ambiental\u201d y que las acciones se desplegar\u00e1n con atenci\u00f3n a j\u00f3venes y mujeres vinculadas a actividades agr\u00edcolas.<\/div>\n<div><\/div>\n<div>Para la Prefecta Agui\u00f1aga, la suscripci\u00f3n de alianzas estrat\u00e9gicas es una herramienta clave para potenciar el talento productivo en territorio, mejorar condiciones de salud y transformar positivamente la vida de las personas. Estas acciones conjuntas generan beneficios reales para el campo y la ciudad, fortalecen el tejido econ\u00f3mico local y ampl\u00edan oportunidades para emprendedores, productores y comunidades educativas.<\/div>\n","protected":false},"excerpt":{"rendered":"<p>La Prefecta Marcela Agui\u00f1aga consolid\u00f3 una alianza p\u00fablico\u2013privada con la empresa Pronaca mediante la firma de un Convenio Marco de Cooperaci\u00f3n Interinstitucional, con el objetivo de desarrollar proyectos que mejoren la calidad de vida de la poblaci\u00f3n, potencien la producci\u00f3n agr\u00edcola y promuevan la sostenibilidad ambiental en la provincia. El convenio establece una ruta de trabajo conjunta en tres ejes prioritarios: -Nutrici\u00f3n y bienestar en centros educativos, a trav\u00e9s de charlas y programas de alimentaci\u00f3n saludable para estudiantes. -Emprendimiento y desarrollo productivo, con asistencia t\u00e9cnica y capacitaci\u00f3n para emprendimientos y j\u00f3venes agricultores, incorporando enfoque de g\u00e9nero. -Conservaci\u00f3n ambiental, mediante estrategias que protejan recursos naturales y promuevan buenas pr\u00e1cticas alrededor de las zonas de producci\u00f3n y operaci\u00f3n. Durante la firma, representantes de Pronaca destacaron la importancia de unir capacidades para generar impacto real en la ciudadan\u00eda. Alexandra Chamba recalc\u00f3 que se trata de una cooperaci\u00f3n p\u00fablico-privada con prop\u00f3sito, se\u00f1alando que \u201cla misi\u00f3n de Pronaca es alimentar bien y para lograrlo debemos unir esfuerzos entre el sector p\u00fablico, privado y la sociedad civil\u201d, resaltando que estos ejes permitir\u00e1n promover h\u00e1bitos saludables, apoyar emprendimientos locales y fortalecer la protecci\u00f3n ambiental. Por su parte, Rafael Caicedo, director de Proyectos y Cooperaci\u00f3n Internacional de la Prefectura, enfatiz\u00f3 que el convenio permitir\u00e1 \u201cfomentar la productividad dentro de la provincia mediante asistencia t\u00e9cnica y estrategias relacionadas con la conservaci\u00f3n ambiental\u201d y que las acciones se desplegar\u00e1n con atenci\u00f3n a j\u00f3venes y mujeres vinculadas a actividades agr\u00edcolas. Para la Prefecta Agui\u00f1aga, la suscripci\u00f3n de alianzas estrat\u00e9gicas es una herramienta clave para potenciar el talento productivo en territorio, mejorar condiciones de salud y transformar positivamente la vida de las personas. Estas acciones conjuntas generan beneficios reales para el campo y la ciudad, fortalecen el tejido econ\u00f3mico local y ampl\u00edan oportunidades para emprendedores, productores y comunidades educativas.<\/p>\n","protected":false},"author":1,"featured_media":28834,"comment_status":"closed","ping_status":"closed","sticky":false,"template":"","format":"standard","meta":{"footnotes":""},"categories":[268],"tags":[],"class_list":["post-28833","post","type-post","status-publish","format-standard","has-post-thumbnail","hentry","category-nacionales"],"_links":{"self":[{"href":"https:\/\/www.elamazonico.com\/portal\/wp-json\/wp\/v2\/posts\/28833","targetHints":{"allow":["GET"]}}],"collection":[{"href":"https:\/\/www.elamazonico.com\/portal\/wp-json\/wp\/v2\/posts"}],"about":[{"href":"https:\/\/www.elamazonico.com\/portal\/wp-json\/wp\/v2\/types\/post"}],"author":[{"embeddable":true,"href":"https:\/\/www.elamazonico.com\/portal\/wp-json\/wp\/v2\/users\/1"}],"replies":[{"embeddable":true,"href":"https:\/\/www.elamazonico.com\/portal\/wp-json\/wp\/v2\/comments?post=28833"}],"version-history":[{"count":1,"href":"https:\/\/www.elamazonico.com\/portal\/wp-json\/wp\/v2\/posts\/28833\/revisions"}],"predecessor-version":[{"id":28835,"href":"https:\/\/www.elamazonico.com\/portal\/wp-json\/wp\/v2\/posts\/28833\/revisions\/28835"}],"wp:featuredmedia":[{"embeddable":true,"href":"https:\/\/www.elamazonico.com\/portal\/wp-json\/wp\/v2\/media\/28834"}],"wp:attachment":[{"href":"https:\/\/www.elamazonico.com\/portal\/wp-json\/wp\/v2\/media?parent=28833"}],"wp:term":[{"taxonomy":"category","embeddable":true,"href":"https:\/\/www.elamazonico.com\/portal\/wp-json\/wp\/v2\/categories?post=28833"},{"taxonomy":"post_tag","embeddable":true,"href":"https:\/\/www.elamazonico.com\/portal\/wp-json\/wp\/v2\/tags?post=28833"}],"curies":[{"name":"wp","href":"https:\/\/api.w.org\/{rel}","templated":true}]}}