{"id":28820,"date":"2026-01-16T16:23:52","date_gmt":"2026-01-16T21:23:52","guid":{"rendered":"https:\/\/www.elamazonico.com\/portal\/?p=28820"},"modified":"2026-01-16T16:23:52","modified_gmt":"2026-01-16T21:23:52","slug":"wilman-teran-alias-diablo-presenta-sintomas-psicoticos-escucha-dos-voces-que-alternan","status":"publish","type":"post","link":"https:\/\/www.elamazonico.com\/portal\/wilman-teran-alias-diablo-presenta-sintomas-psicoticos-escucha-dos-voces-que-alternan\/","title":{"rendered":"Wilman Ter\u00e1n, alias &#8216;Diablo&#8217;, presenta s\u00edntomas psic\u00f3ticos: &#8216;Escucha dos voces que alternan&#8217;"},"content":{"rendered":"<div class=\"paragraph texto\">\n<p class=\"p_0\">El fiscal general encargado,\u00a0<b><a href=\"https:\/\/www.vistazo.com\/politica\/nacional\/2025-10-16-fiscal-carlos-alarcon-archivar-denuncia-yaku-perez-contra-presidente-daniel-noboa-OL10288134\">Carlos Alarc\u00f3n<\/a><\/b>, evit\u00f3 pronunciarse sobre la posible cooperaci\u00f3n eficaz de\u00a0<u><b>Wilman Ter\u00e1n<\/b><\/u>, expresidente del Consejo de la Judicatura y sentenciado por m\u00faltiples casos de corrupci\u00f3n. Mientras tanto, un\u00a0<u><b>informe psiqui\u00e1trico<\/b><\/u>\u00a0revel\u00f3 que alias \u2018Diablo\u2019 tiene\u00a0<u><b>s\u00edntomas psic\u00f3ticos y pseudoalucinaciones auditivas.<\/b><\/u><\/p>\n<p class=\"p_1\">En los \u00faltimos d\u00edas, se empez\u00f3 a viralizar en redes sociales que Ter\u00e1n habr\u00eda accedido a colaborar con la justicia ecuatoriana. Esta informaci\u00f3n tom\u00f3 fuerza debido al traslado del privado de la libertad desde la\u00a0<u><b>c\u00e1rcel del Encuentro\u00a0<\/b><\/u>en Santa Elena hasta la\u00a0<u><b>C\u00e1rcel 4 de Quito.<\/b><\/u><\/p>\n<p class=\"p_3\">\u2018Alias Diablo\u2019, como se lo denominaba en los chats del caso Met\u00e1stasis, permanece en la capital desde el 9 de enero, ya que\u00a0<u><b>pretend\u00eda prepararse para una audiencia de apelaci\u00f3n en el caso Independencia Judicial<\/b><\/u>, un proceso en el que fue sentenciado a nueve a\u00f1os y cuatro meses de c\u00e1rcel por el delito de obstrucci\u00f3n a la justicia.<\/p>\n<div class=\"Center2Display\">\n<div id=\"Center2\" data-google-query-id=\"CPKk5IT_kJIDFTKlWgUd54M1oA\">\n<div id=\"google_ads_iframe_\/21839199781\/Vistazo\/Vistazo_Center2_0__container__\">La diligencia se iba a llevar a cabo este viernes 16 de enero, pero <u><b>se difiri\u00f3 porque otro de los procesados<\/b><\/u>, que tambi\u00e9n pidi\u00f3 la revisi\u00f3n de la condena, fue sometido a una operaci\u00f3n ocular.<\/div>\n<\/div>\n<\/div>\n<\/div>\n<div class=\"multimediaMacroWrapper img lateral\">\n<figure class=\"contentMedia art-img\">\n<div><img fetchpriority=\"high\" decoding=\"async\" class=\" lazyloaded\" title=\"Wilman Ter\u00e1n fue trasladado a la C\u00e1rcel 4 de Quito.\" src=\"https:\/\/www.vistazo.com\/placeholder\/svg\/viewbox\/768x512\" sizes=\"100vw\" srcset=\"\/\/www.vistazo.com\/binrepository\/768x512\/0c0\/0d0\/none\/12727\/YOFO\/2023102080105-audiencia-vocales-judic_2607725_20260116154531.jpg 768w,\/\/www.vistazo.com\/binrepository\/640x427\/0c0\/0d0\/none\/12727\/YOFC\/2023102080105-audiencia-vocales-judic_2607725_20260116154531.jpg 640w,\/\/www.vistazo.com\/binrepository\/512x341\/0c0\/0d0\/none\/12727\/YOFB\/2023102080105-audiencia-vocales-judic_2607725_20260116154531.jpg 512w,\/\/www.vistazo.com\/binrepository\/384x256\/0c0\/0d0\/none\/12727\/YOFP\/2023102080105-audiencia-vocales-judic_2607725_20260116154531.jpg 384w,\/\/www.vistazo.com\/binrepository\/300x200\/0c0\/0d0\/none\/12727\/YOFA\/2023102080105-audiencia-vocales-judic_2607725_20260116154531.jpg 300w\" alt=\"$!Wilman Ter\u00e1n fue trasladado a la C\u00e1rcel 4 de Quito.\" width=\"768\" height=\"512\" data-srcset=\"\/\/www.vistazo.com\/binrepository\/768x512\/0c0\/0d0\/none\/12727\/YOFO\/2023102080105-audiencia-vocales-judic_2607725_20260116154531.jpg 768w,\/\/www.vistazo.com\/binrepository\/640x427\/0c0\/0d0\/none\/12727\/YOFC\/2023102080105-audiencia-vocales-judic_2607725_20260116154531.jpg 640w,\/\/www.vistazo.com\/binrepository\/512x341\/0c0\/0d0\/none\/12727\/YOFB\/2023102080105-audiencia-vocales-judic_2607725_20260116154531.jpg 512w,\/\/www.vistazo.com\/binrepository\/384x256\/0c0\/0d0\/none\/12727\/YOFP\/2023102080105-audiencia-vocales-judic_2607725_20260116154531.jpg 384w,\/\/www.vistazo.com\/binrepository\/300x200\/0c0\/0d0\/none\/12727\/YOFA\/2023102080105-audiencia-vocales-judic_2607725_20260116154531.jpg 300w\" \/><\/div>\n<div class=\"cutline-byline\"><span class=\"cutline-text\">Wilman Ter\u00e1n fue trasladado a la C\u00e1rcel 4 de Quito.<\/span>\u00a0<span class=\"byline-image\">(Daniel Molineros)<\/span><\/div>\n<\/figure>\n<\/div>\n<h2 class=\"h2vistazo\">\u00bfCOOPERADOR EFICAZ?<\/h2>\n<div class=\"paragraph texto\">\n<p class=\"p_5\">Ante los rumores de que el expresidente de la Judicatura habr\u00eda entregado supuestas pruebas o informaci\u00f3n en contra de pol\u00edticos en el marco de una cooperaci\u00f3n eficaz, el fiscal general encargado, Carlos Alarc\u00f3n,\u00a0<u><b>evit\u00f3 dar detalles y no confirm\u00f3 ni desminti\u00f3 aquella aseveraci\u00f3n que circula en redes sociales.<\/b><\/u><\/p>\n<\/div>\n<div class=\"Citavistazo\">\u201cEs muy importante indicar que la cooperaci\u00f3n eficaz, de conformidad con lo que dispone el art\u00edculo 491 y el art\u00edculo 494 del C\u00f3digo Org\u00e1nico Integral Penal, es secreta. Es decir, yo no puedo pronunciarme ante aquello. Y la norma dice literalmente \u2018secreta\u2019. S\u00ed, reservada\u201d, apunt\u00f3 Alarc\u00f3n en entrevista con Radio Democracia.<\/div>\n<div class=\"paragraph texto\">\n<p class=\"p_6\">En ese sentido, la<u><b>\u00a0Fiscal\u00eda hab\u00eda emitido un comunicado<\/b><\/u>\u00a0el pasado mi\u00e9rcoles 14 de enero en el que recuerda a la opini\u00f3n p\u00fablica que la cooperaci\u00f3n eficaz es una herramienta jur\u00eddica tipificada en el C\u00f3digo Org\u00e1nico Integral Penal (COIP) y que es de car\u00e1cter reservado.<\/p>\n<p class=\"p_8\">\u201cPermite a la FGE llegar a acuerdos con personas procesadas o investigadas que decidan colaborar de manera voluntaria y comprobable con la justicia,\u00a0<u><b>aportando informaci\u00f3n relevante, veraz y oportuna<\/b><\/u>, que contribuya al esclarecimiento de los hechos, la identificaci\u00f3n de otros responsables y el desmantelamiento de estructuras criminales\u201d, manifest\u00f3 la instituci\u00f3n.<\/p>\n<p class=\"p_9\">Agreg\u00f3 que se aplica \u201cbajo estrictos controles judiciales que garantizan la observancia de los derechos de las v\u00edctimas, el principio de proporcionalidad, la motivaci\u00f3n de las decisiones fiscales y la debida\u00a0<u><b>valoraci\u00f3n de la informaci\u00f3n aportada<\/b><\/u>\u201d.<\/p>\n<p class=\"p_10\"><strong>INFORME PSIQUI\u00c1TRICO DE ALIAS \u2018DIABLO\u2019<\/strong><\/p>\n<\/div>\n<div class=\"paragraph texto\">\n<p class=\"p_11\">No obstante, la condici\u00f3n mental de Wilman Ter\u00e1n se habr\u00eda agravado durante su estancia en la c\u00e1rcel.<\/p>\n<p class=\"p_12\">La cadena Ecuavisa report\u00f3 que, el pasado mi\u00e9rcoles 14 de enero, personal del Hospital Pablo Arturo Su\u00e1rez lleg\u00f3 a la C\u00e1rcel 4 para hacerle un\u00a0<u><b>examen psiqui\u00e1trico<\/b><\/u>. El resultado fue que alias \u2018Diablo\u2019 presenta un episodio depresivo grave con\u00a0<u><b>s\u00edntomas psic\u00f3ticos y pseudoalucinaciones auditivas.<\/b><\/u><\/p>\n<\/div>\n<div class=\"Citavistazo\">\u201cHa estado escuchando desde el interior de su cuerpo dos voces que alternan, una de mujer y otra de un hombre, que no sabe precisar qui\u00e9nes son y le dicen: \u2018Camina, tranquilo, t\u00fa vales, d\u00f3cil\u2019\u201d, rese\u00f1a el documento m\u00e9dico presentado por el medio antes citado.<\/div>\n<div class=\"paragraph texto\">\n<p class=\"p_13\">Ter\u00e1n cuenta bajo sus espaldas\u00a0<b>tres condenas<\/b>. Debe pagar nueve a\u00f1os y cuatro meses por delincuencia organizada en el caso Met\u00e1stasis, la misma pena por el caso Obstrucci\u00f3n a la Justicia y una tercera de seis a\u00f1os y ocho meses por asociaci\u00f3n il\u00edcita en el caso Pantalla. <strong>Fuente: Vistazo<\/strong><\/p>\n<\/div>\n","protected":false},"excerpt":{"rendered":"<p>El fiscal general encargado,\u00a0Carlos Alarc\u00f3n, evit\u00f3 pronunciarse sobre la posible cooperaci\u00f3n eficaz de\u00a0Wilman Ter\u00e1n, expresidente del Consejo de la Judicatura y sentenciado por m\u00faltiples casos de corrupci\u00f3n. Mientras tanto, un\u00a0informe psiqui\u00e1trico\u00a0revel\u00f3 que alias \u2018Diablo\u2019 tiene\u00a0s\u00edntomas psic\u00f3ticos y pseudoalucinaciones auditivas. En los \u00faltimos d\u00edas, se empez\u00f3 a viralizar en redes sociales que Ter\u00e1n habr\u00eda accedido a colaborar con la justicia ecuatoriana. Esta informaci\u00f3n tom\u00f3 fuerza debido al traslado del privado de la libertad desde la\u00a0c\u00e1rcel del Encuentro\u00a0en Santa Elena hasta la\u00a0C\u00e1rcel 4 de Quito. \u2018Alias Diablo\u2019, como se lo denominaba en los chats del caso Met\u00e1stasis, permanece en la capital desde el 9 de enero, ya que\u00a0pretend\u00eda prepararse para una audiencia de apelaci\u00f3n en el caso Independencia Judicial, un proceso en el que fue sentenciado a nueve a\u00f1os y cuatro meses de c\u00e1rcel por el delito de obstrucci\u00f3n a la justicia. La diligencia se iba a llevar a cabo este viernes 16 de enero, pero se difiri\u00f3 porque otro de los procesados, que tambi\u00e9n pidi\u00f3 la revisi\u00f3n de la condena, fue sometido a una operaci\u00f3n ocular. Wilman Ter\u00e1n fue trasladado a la C\u00e1rcel 4 de Quito.\u00a0(Daniel Molineros) \u00bfCOOPERADOR EFICAZ? Ante los rumores de que el expresidente de la Judicatura habr\u00eda entregado supuestas pruebas o informaci\u00f3n en contra de pol\u00edticos en el marco de una cooperaci\u00f3n eficaz, el fiscal general encargado, Carlos Alarc\u00f3n,\u00a0evit\u00f3 dar detalles y no confirm\u00f3 ni desminti\u00f3 aquella aseveraci\u00f3n que circula en redes sociales. \u201cEs muy importante indicar que la cooperaci\u00f3n eficaz, de conformidad con lo que dispone el art\u00edculo 491 y el art\u00edculo 494 del C\u00f3digo Org\u00e1nico Integral Penal, es secreta. Es decir, yo no puedo pronunciarme ante aquello. Y la norma dice literalmente \u2018secreta\u2019. S\u00ed, reservada\u201d, apunt\u00f3 Alarc\u00f3n en entrevista con Radio Democracia. En ese sentido, la\u00a0Fiscal\u00eda hab\u00eda emitido un comunicado\u00a0el pasado mi\u00e9rcoles 14 de enero en el que recuerda a la opini\u00f3n p\u00fablica que la cooperaci\u00f3n eficaz es una herramienta jur\u00eddica tipificada en el C\u00f3digo Org\u00e1nico Integral Penal (COIP) y que es de car\u00e1cter reservado. \u201cPermite a la FGE llegar a acuerdos con personas procesadas o investigadas que decidan colaborar de manera voluntaria y comprobable con la justicia,\u00a0aportando informaci\u00f3n relevante, veraz y oportuna, que contribuya al esclarecimiento de los hechos, la identificaci\u00f3n de otros responsables y el desmantelamiento de estructuras criminales\u201d, manifest\u00f3 la instituci\u00f3n. Agreg\u00f3 que se aplica \u201cbajo estrictos controles judiciales que garantizan la observancia de los derechos de las v\u00edctimas, el principio de proporcionalidad, la motivaci\u00f3n de las decisiones fiscales y la debida\u00a0valoraci\u00f3n de la informaci\u00f3n aportada\u201d. INFORME PSIQUI\u00c1TRICO DE ALIAS \u2018DIABLO\u2019 No obstante, la condici\u00f3n mental de Wilman Ter\u00e1n se habr\u00eda agravado durante su estancia en la c\u00e1rcel. La cadena Ecuavisa report\u00f3 que, el pasado mi\u00e9rcoles 14 de enero, personal del Hospital Pablo Arturo Su\u00e1rez lleg\u00f3 a la C\u00e1rcel 4 para hacerle un\u00a0examen psiqui\u00e1trico. El resultado fue que alias \u2018Diablo\u2019 presenta un episodio depresivo grave con\u00a0s\u00edntomas psic\u00f3ticos y pseudoalucinaciones auditivas. \u201cHa estado escuchando desde el interior de su cuerpo dos voces que alternan, una de mujer y otra de un hombre, que no sabe precisar qui\u00e9nes son y le dicen: \u2018Camina, tranquilo, t\u00fa vales, d\u00f3cil\u2019\u201d, rese\u00f1a el documento m\u00e9dico presentado por el medio antes citado. Ter\u00e1n cuenta bajo sus espaldas\u00a0tres condenas. Debe pagar nueve a\u00f1os y cuatro meses por delincuencia organizada en el caso Met\u00e1stasis, la misma pena por el caso Obstrucci\u00f3n a la Justicia y una tercera de seis a\u00f1os y ocho meses por asociaci\u00f3n il\u00edcita en el caso Pantalla. Fuente: Vistazo<\/p>\n","protected":false},"author":1,"featured_media":28821,"comment_status":"closed","ping_status":"closed","sticky":false,"template":"","format":"standard","meta":{"footnotes":""},"categories":[268],"tags":[],"class_list":["post-28820","post","type-post","status-publish","format-standard","has-post-thumbnail","hentry","category-nacionales"],"_links":{"self":[{"href":"https:\/\/www.elamazonico.com\/portal\/wp-json\/wp\/v2\/posts\/28820","targetHints":{"allow":["GET"]}}],"collection":[{"href":"https:\/\/www.elamazonico.com\/portal\/wp-json\/wp\/v2\/posts"}],"about":[{"href":"https:\/\/www.elamazonico.com\/portal\/wp-json\/wp\/v2\/types\/post"}],"author":[{"embeddable":true,"href":"https:\/\/www.elamazonico.com\/portal\/wp-json\/wp\/v2\/users\/1"}],"replies":[{"embeddable":true,"href":"https:\/\/www.elamazonico.com\/portal\/wp-json\/wp\/v2\/comments?post=28820"}],"version-history":[{"count":1,"href":"https:\/\/www.elamazonico.com\/portal\/wp-json\/wp\/v2\/posts\/28820\/revisions"}],"predecessor-version":[{"id":28822,"href":"https:\/\/www.elamazonico.com\/portal\/wp-json\/wp\/v2\/posts\/28820\/revisions\/28822"}],"wp:featuredmedia":[{"embeddable":true,"href":"https:\/\/www.elamazonico.com\/portal\/wp-json\/wp\/v2\/media\/28821"}],"wp:attachment":[{"href":"https:\/\/www.elamazonico.com\/portal\/wp-json\/wp\/v2\/media?parent=28820"}],"wp:term":[{"taxonomy":"category","embeddable":true,"href":"https:\/\/www.elamazonico.com\/portal\/wp-json\/wp\/v2\/categories?post=28820"},{"taxonomy":"post_tag","embeddable":true,"href":"https:\/\/www.elamazonico.com\/portal\/wp-json\/wp\/v2\/tags?post=28820"}],"curies":[{"name":"wp","href":"https:\/\/api.w.org\/{rel}","templated":true}]}}