{"id":28808,"date":"2026-01-16T11:33:07","date_gmt":"2026-01-16T16:33:07","guid":{"rendered":"https:\/\/www.elamazonico.com\/portal\/?p=28808"},"modified":"2026-01-16T11:33:07","modified_gmt":"2026-01-16T16:33:07","slug":"ministerio-de-defensa-despliega-10-000-militares-en-guayas-manabi-y-los-rios","status":"publish","type":"post","link":"https:\/\/www.elamazonico.com\/portal\/ministerio-de-defensa-despliega-10-000-militares-en-guayas-manabi-y-los-rios\/","title":{"rendered":"Ministerio de Defensa despliega 10 000 militares en Guayas, Manab\u00ed y Los R\u00edos"},"content":{"rendered":"<p>El\u00a0<a href=\"https:\/\/www.ecuavisa.com\/ecuador\/ministerio-defensa-suspendio-contrato-comprar-radar-largo-alcance-manabi-20260112-0063.html\" target=\"_blank\" rel=\"noopener\"><strong>Ministerio de Defensa<\/strong><\/a>\u00a0anunci\u00f3 el despliegue de 10 000 uniformados en\u00a0<strong>Guayas<\/strong>,<strong>\u00a0Manab\u00ed<\/strong>\u00a0y<strong>\u00a0Los R\u00edos<\/strong>, las tres provincias que en 2025 registraron los \u00edndices m\u00e1s altos de homicidios intencionales y que a\u00fan concentran elevadas cifras de asesinatos y otros delitos.<\/p>\n<p>Seg\u00fan la cartera de Defensa, esta medida \u201cmarca el inicio de la fase Ofensiva Total\u201d. En ese contexto, el ministro\u00a0<strong>Gian Carlo Loffredo<\/strong>\u00a0orden\u00f3 la instalaci\u00f3n indefinida del Alto Mando Militar en\u00a0<strong>Guayaquil<\/strong>.<\/p>\n<p>\u201cEsta guerra es muy din\u00e1mica y hay que adaptarse y evolucionar\u201d, afirm\u00f3 el funcionario en un video difundido por el Gobierno Nacional.<\/p>\n<div class=\"banner-context\">\n<div id=\"article_desktop_block_2\" class=\"bannersaas banner-desktop\" data-google-query-id=\"CKfSyrO5kJIDFXoSHAAdQhkERw\">Ecuador se encuentra desde 2024 bajo un estado de <strong>conflicto armado interno<\/strong>, declarado por el presidente Daniel Noboa para intensificar la lucha contra las bandas criminales, catalogadas como organizaciones terroristas. Sin embargo, 2025 cerr\u00f3 con un r\u00e9cord de m\u00e1s de 9 100 homicidios, pese a la vigencia de esa declaratoria.<\/div>\n<\/div>\n<p>De acuerdo con el Ministerio de Defensa, los soldados continuar\u00e1n llegando a Guayas, Manab\u00ed y Los R\u00edos hasta este viernes 16 de enero.<\/p>\n","protected":false},"excerpt":{"rendered":"<p>El\u00a0Ministerio de Defensa\u00a0anunci\u00f3 el despliegue de 10 000 uniformados en\u00a0Guayas,\u00a0Manab\u00ed\u00a0y\u00a0Los R\u00edos, las tres provincias que en 2025 registraron los \u00edndices m\u00e1s altos de homicidios intencionales y que a\u00fan concentran elevadas cifras de asesinatos y otros delitos. Seg\u00fan la cartera de Defensa, esta medida \u201cmarca el inicio de la fase Ofensiva Total\u201d. En ese contexto, el ministro\u00a0Gian Carlo Loffredo\u00a0orden\u00f3 la instalaci\u00f3n indefinida del Alto Mando Militar en\u00a0Guayaquil. \u201cEsta guerra es muy din\u00e1mica y hay que adaptarse y evolucionar\u201d, afirm\u00f3 el funcionario en un video difundido por el Gobierno Nacional. Ecuador se encuentra desde 2024 bajo un estado de conflicto armado interno, declarado por el presidente Daniel Noboa para intensificar la lucha contra las bandas criminales, catalogadas como organizaciones terroristas. Sin embargo, 2025 cerr\u00f3 con un r\u00e9cord de m\u00e1s de 9 100 homicidios, pese a la vigencia de esa declaratoria. De acuerdo con el Ministerio de Defensa, los soldados continuar\u00e1n llegando a Guayas, Manab\u00ed y Los R\u00edos hasta este viernes 16 de enero.<\/p>\n","protected":false},"author":1,"featured_media":28809,"comment_status":"closed","ping_status":"closed","sticky":false,"template":"","format":"standard","meta":{"footnotes":""},"categories":[268],"tags":[],"class_list":["post-28808","post","type-post","status-publish","format-standard","has-post-thumbnail","hentry","category-nacionales"],"_links":{"self":[{"href":"https:\/\/www.elamazonico.com\/portal\/wp-json\/wp\/v2\/posts\/28808","targetHints":{"allow":["GET"]}}],"collection":[{"href":"https:\/\/www.elamazonico.com\/portal\/wp-json\/wp\/v2\/posts"}],"about":[{"href":"https:\/\/www.elamazonico.com\/portal\/wp-json\/wp\/v2\/types\/post"}],"author":[{"embeddable":true,"href":"https:\/\/www.elamazonico.com\/portal\/wp-json\/wp\/v2\/users\/1"}],"replies":[{"embeddable":true,"href":"https:\/\/www.elamazonico.com\/portal\/wp-json\/wp\/v2\/comments?post=28808"}],"version-history":[{"count":1,"href":"https:\/\/www.elamazonico.com\/portal\/wp-json\/wp\/v2\/posts\/28808\/revisions"}],"predecessor-version":[{"id":28810,"href":"https:\/\/www.elamazonico.com\/portal\/wp-json\/wp\/v2\/posts\/28808\/revisions\/28810"}],"wp:featuredmedia":[{"embeddable":true,"href":"https:\/\/www.elamazonico.com\/portal\/wp-json\/wp\/v2\/media\/28809"}],"wp:attachment":[{"href":"https:\/\/www.elamazonico.com\/portal\/wp-json\/wp\/v2\/media?parent=28808"}],"wp:term":[{"taxonomy":"category","embeddable":true,"href":"https:\/\/www.elamazonico.com\/portal\/wp-json\/wp\/v2\/categories?post=28808"},{"taxonomy":"post_tag","embeddable":true,"href":"https:\/\/www.elamazonico.com\/portal\/wp-json\/wp\/v2\/tags?post=28808"}],"curies":[{"name":"wp","href":"https:\/\/api.w.org\/{rel}","templated":true}]}}