{"id":28791,"date":"2026-01-15T13:16:02","date_gmt":"2026-01-15T18:16:02","guid":{"rendered":"https:\/\/www.elamazonico.com\/portal\/?p=28791"},"modified":"2026-01-15T13:16:02","modified_gmt":"2026-01-15T18:16:02","slug":"bukele-califica-de-complices-a-los-estados-que-no-vencen-la-criminalidad-ecuatorianos-son-condenados-en-el-salvador","status":"publish","type":"post","link":"https:\/\/www.elamazonico.com\/portal\/bukele-califica-de-complices-a-los-estados-que-no-vencen-la-criminalidad-ecuatorianos-son-condenados-en-el-salvador\/","title":{"rendered":"Bukele califica de &#8216;c\u00f3mplices&#8217; a los Estados que no vencen la criminalidad; ecuatorianos son condenados en El Salvador"},"content":{"rendered":"<div class=\"paragraph texto\">\n<p class=\"p_0\">El presidente de\u00a0<b>El Salvador,\u00a0<a href=\"https:\/\/www.vistazo.com\/cronologia\/-\/meta\/nayib-bukele\" target=\"_blank\" rel=\"noopener noreferrer\">Nayib Bukele<\/a><\/b>, arremeti\u00f3 contra los Estados que no logran vencer a la\u00a0<b>criminalidad<\/b>\u00a0y los calific\u00f3 de\u00a0<b>c\u00f3mplices<\/b>, al sostener que cualquier pa\u00eds tiene la capacidad de imponerse a los grupos delictivos si ejerce con firmeza la\u00a0<b>fuerza del Estado<\/b>.<\/p>\n<p class=\"p_2\">\u201c<u>No hay Estado que no pueda contra los criminales. Si un Estado no vence a la criminalidad es porque el Estado es c\u00f3mplice<\/u>. Una vez el Estado se libera de la complicidad con la delincuencia y va con fuerza hacia los criminales, los vence\u201d, afirm\u00f3 Bukele.<\/p>\n<p class=\"p_3\">Las declaraciones se dieron este mi\u00e9rcoles 14 de enero, durante un acto oficial en el que el mandatario salvadore\u00f1o acompa\u00f1\u00f3 al presidente de\u00a0<b>Costa Rica, Rodrigo Chaves<\/b>, en la colocaci\u00f3n de la primera piedra de una<b>\u00a0megac\u00e1rcel<\/b>\u00a0inspirada en el modelo penitenciario implementado por El Salvador, con el objetivo de combatir el crimen organizado \u201ccon fuerza\u201d.<\/p>\n<div class=\"Center2Display\"><\/div>\n<\/div>\n<div class=\"Citavistazo\">\u00abLa \u00fanica forma de solucionar un problema que ya existe de inseguridad es con la fuerza del Estado.Todo Estado es m\u00e1s fuerte que sus grupos criminales presentes en su territorio\u00bb<\/div>\n<div class=\"html_text\">\n<div class=\"twitter-tweet twitter-tweet-rendered\"><iframe id=\"twitter-widget-0\" class=\"\" title=\"X Post\" src=\"https:\/\/platform.twitter.com\/embed\/Tweet.html?dnt=false&amp;embedId=twitter-widget-0&amp;features=eyJ0ZndfdGltZWxpbmVfbGlzdCI6eyJidWNrZXQiOltdLCJ2ZXJzaW9uIjpudWxsfSwidGZ3X2ZvbGxvd2VyX2NvdW50X3N1bnNldCI6eyJidWNrZXQiOnRydWUsInZlcnNpb24iOm51bGx9LCJ0ZndfdHdlZXRfZWRpdF9iYWNrZW5kIjp7ImJ1Y2tldCI6Im9uIiwidmVyc2lvbiI6bnVsbH0sInRmd19yZWZzcmNfc2Vzc2lvbiI6eyJidWNrZXQiOiJvbiIsInZlcnNpb24iOm51bGx9LCJ0ZndfZm9zbnJfc29mdF9pbnRlcnZlbnRpb25zX2VuYWJsZWQiOnsiYnVja2V0Ijoib24iLCJ2ZXJzaW9uIjpudWxsfSwidGZ3X21peGVkX21lZGlhXzE1ODk3Ijp7ImJ1Y2tldCI6InRyZWF0bWVudCIsInZlcnNpb24iOm51bGx9LCJ0ZndfZXhwZXJpbWVudHNfY29va2llX2V4cGlyYXRpb24iOnsiYnVja2V0IjoxMjA5NjAwLCJ2ZXJzaW9uIjpudWxsfSwidGZ3X3Nob3dfYmlyZHdhdGNoX3Bpdm90c19lbmFibGVkIjp7ImJ1Y2tldCI6Im9uIiwidmVyc2lvbiI6bnVsbH0sInRmd19kdXBsaWNhdGVfc2NyaWJlc190b19zZXR0aW5ncyI6eyJidWNrZXQiOiJvbiIsInZlcnNpb24iOm51bGx9LCJ0ZndfdXNlX3Byb2ZpbGVfaW1hZ2Vfc2hhcGVfZW5hYmxlZCI6eyJidWNrZXQiOiJvbiIsInZlcnNpb24iOm51bGx9LCJ0ZndfdmlkZW9faGxzX2R5bmFtaWNfbWFuaWZlc3RzXzE1MDgyIjp7ImJ1Y2tldCI6InRydWVfYml0cmF0ZSIsInZlcnNpb24iOm51bGx9LCJ0ZndfbGVnYWN5X3RpbWVsaW5lX3N1bnNldCI6eyJidWNrZXQiOnRydWUsInZlcnNpb24iOm51bGx9LCJ0ZndfdHdlZXRfZWRpdF9mcm9udGVuZCI6eyJidWNrZXQiOiJvbiIsInZlcnNpb24iOm51bGx9fQ%3D%3D&amp;frame=false&amp;hideCard=false&amp;hideThread=false&amp;id=2011567017133031780&amp;lang=es&amp;origin=https%3A%2F%2Fwww.vistazo.com%2Factualidad%2Finternacional%2F2026-01-15-bukele-califica-complices-estados-criminalidad-ecuatorianos-condenados-el-salvador-FD10640894&amp;sessionId=e3ad35f4e564fb8a5efe1d292fd147bb8804930c&amp;theme=light&amp;widgetsVersion=2615f7e52b7e0%3A1702314776716&amp;width=550px\" frameborder=\"0\" scrolling=\"no\" allowfullscreen=\"allowfullscreen\" data-tweet-id=\"2011567017133031780\" data-mce-fragment=\"1\"><\/iframe><\/div>\n<\/div>\n<div class=\"paragraph texto\">\n<p class=\"p_4\">En el sitio se iniciar\u00e1 la construcci\u00f3n de la c\u00e1rcel\u00a0<b>Centro de Alta Contenci\u00f3n de Crimen Organizado (CACCO)<\/b>, una obra basada en el\u00a0<b>Centro de Confinamiento del Terrorismo (CECOT)<\/b>, la megac\u00e1rcel salvadore\u00f1a para pandilleros que se ha convertido en el principal s\u00edmbolo de la denominada \u201cguerra\u201d contra las bandas criminales en ese pa\u00eds.<\/p>\n<p class=\"p_5\">\u00abNo hay otra forma de resolverlo m\u00e1s que con fuerza, hay proponentes que hablan de invertir en educaci\u00f3n y darles oportunidades a los\u00a0<b>ni\u00f1os<\/b>, pero eso es antes de que el problema empiece.\u00a0<u>Estos criminales no son ni\u00f1os, se graduaron de la universidad del crimen (&#8230;) La \u00fanica forma de solucionar un problema que ya existe es con fuerza, con la fuerza del Estad<\/u>o. Todo Estado es m\u00e1s fuerte que sus grupos criminales\u00bb, afirm\u00f3 Bukele.<\/p>\n<p class=\"p_7\">La futura CACCO, que costar\u00e1 35 millones de d\u00f3lares, contar\u00e1 con cinco m\u00f3dulos con una capacidad total de 5.100 reclusos, y seg\u00fan el Gobierno servir\u00e1 para encerrar all\u00ed a los presos m\u00e1s violentos.<\/p>\n<p class=\"p_8\">El proyecto se desarrolla en momentos en que Costa Rica enfrenta cifras hist\u00f3ricas de\u00a0<b>homicidios<\/b>, con alrededor de 900 cada a\u00f1o, de los cuales un 70 % es atribuido por las autoridades al narcotr\u00e1fico.<\/p>\n<\/div>\n<h2 class=\"h2vistazo\">El Salvador condena a ecuatorianos por tr\u00e1fico de coca\u00edna<\/h2>\n<div class=\"paragraph texto\">\n<p class=\"p_9\">La Justicia de El Salvador conden\u00f3 a ocho extranjeros a penas de 14 y 17 a\u00f1os de prisi\u00f3n por tr\u00e1fico, posesi\u00f3n y tenencia de droga, valorada en m\u00e1s de 38,9 millones de d\u00f3lares, inform\u00f3 este mi\u00e9rcoles la Fiscal\u00eda General de la Rep\u00fablica (FGR).<\/p>\n<p class=\"p_10\">Se trata de una sentencia contra dos ciudadanos\u00a0<b>ecuatorianos<\/b>\u00a0y seis mexicanos, quienes transportaban un cargamento de 1.550 kilogramos de\u00a0<b>coca\u00edna<\/b>.<\/p>\n<p class=\"p_11\">El operativo de localizaci\u00f3n, captura e incautaci\u00f3n tuvo lugar en julio de 2024, cuando elementos de la Marina Nacional interceptaron en aguas del Pac\u00edfico salvadore\u00f1o, espec\u00edficamente al sur del estero Jaltepeque, en la central localidad de San Luis la Herradura, tres\u00a0<b>embarcaciones<\/b>\u00a0en las que se movilizaba la droga.<\/p>\n<p class=\"p_12\">Los extranjeros procesados y condenados fueron identificados como los\u00a0<b>ecuatorianos<\/b>\u00a0<u>Vicente Teodoro V\u00e9lez Garc\u00eda y Jimmy Efr\u00e9n Bravo Villegas<\/u>, y los mexicanos Lisandro Hern\u00e1ndez Garc\u00eda, Agust\u00edn Gir\u00f3n Dom\u00ednguez, Marcos Agreda Villegas, Santiago L\u00f3pez Guti\u00e9rrez, Ider Camacho Luj\u00e1n y Jonathan Bartolo Ortiz.<\/p>\n<p class=\"p_13\">En 2025 sumaron un poco m\u00e1s de 25 toneladas de droga, la mayor\u00eda coca\u00edna, las que fueron incautadas con un valor de m\u00e1s de 618,7 millones de d\u00f3lares.<\/p>\n<p class=\"p_14\">De acuerdo con declaraciones del titular del Ministerio de la Defensa, Ren\u00e9 Francis Merino, la mayor\u00eda de esta droga fue localizada por la Marina Nacional en aguas del\u00a0<b>Pac\u00edfico<\/b> salvadore\u00f1o. <strong>Fuente: Vistazo<\/strong><\/p>\n<\/div>\n","protected":false},"excerpt":{"rendered":"<p>El presidente de\u00a0El Salvador,\u00a0Nayib Bukele, arremeti\u00f3 contra los Estados que no logran vencer a la\u00a0criminalidad\u00a0y los calific\u00f3 de\u00a0c\u00f3mplices, al sostener que cualquier pa\u00eds tiene la capacidad de imponerse a los grupos delictivos si ejerce con firmeza la\u00a0fuerza del Estado. \u201cNo hay Estado que no pueda contra los criminales. Si un Estado no vence a la criminalidad es porque el Estado es c\u00f3mplice. Una vez el Estado se libera de la complicidad con la delincuencia y va con fuerza hacia los criminales, los vence\u201d, afirm\u00f3 Bukele. Las declaraciones se dieron este mi\u00e9rcoles 14 de enero, durante un acto oficial en el que el mandatario salvadore\u00f1o acompa\u00f1\u00f3 al presidente de\u00a0Costa Rica, Rodrigo Chaves, en la colocaci\u00f3n de la primera piedra de una\u00a0megac\u00e1rcel\u00a0inspirada en el modelo penitenciario implementado por El Salvador, con el objetivo de combatir el crimen organizado \u201ccon fuerza\u201d. \u00abLa \u00fanica forma de solucionar un problema que ya existe de inseguridad es con la fuerza del Estado.Todo Estado es m\u00e1s fuerte que sus grupos criminales presentes en su territorio\u00bb En el sitio se iniciar\u00e1 la construcci\u00f3n de la c\u00e1rcel\u00a0Centro de Alta Contenci\u00f3n de Crimen Organizado (CACCO), una obra basada en el\u00a0Centro de Confinamiento del Terrorismo (CECOT), la megac\u00e1rcel salvadore\u00f1a para pandilleros que se ha convertido en el principal s\u00edmbolo de la denominada \u201cguerra\u201d contra las bandas criminales en ese pa\u00eds. \u00abNo hay otra forma de resolverlo m\u00e1s que con fuerza, hay proponentes que hablan de invertir en educaci\u00f3n y darles oportunidades a los\u00a0ni\u00f1os, pero eso es antes de que el problema empiece.\u00a0Estos criminales no son ni\u00f1os, se graduaron de la universidad del crimen (&#8230;) La \u00fanica forma de solucionar un problema que ya existe es con fuerza, con la fuerza del Estado. Todo Estado es m\u00e1s fuerte que sus grupos criminales\u00bb, afirm\u00f3 Bukele. La futura CACCO, que costar\u00e1 35 millones de d\u00f3lares, contar\u00e1 con cinco m\u00f3dulos con una capacidad total de 5.100 reclusos, y seg\u00fan el Gobierno servir\u00e1 para encerrar all\u00ed a los presos m\u00e1s violentos. El proyecto se desarrolla en momentos en que Costa Rica enfrenta cifras hist\u00f3ricas de\u00a0homicidios, con alrededor de 900 cada a\u00f1o, de los cuales un 70 % es atribuido por las autoridades al narcotr\u00e1fico. El Salvador condena a ecuatorianos por tr\u00e1fico de coca\u00edna La Justicia de El Salvador conden\u00f3 a ocho extranjeros a penas de 14 y 17 a\u00f1os de prisi\u00f3n por tr\u00e1fico, posesi\u00f3n y tenencia de droga, valorada en m\u00e1s de 38,9 millones de d\u00f3lares, inform\u00f3 este mi\u00e9rcoles la Fiscal\u00eda General de la Rep\u00fablica (FGR). Se trata de una sentencia contra dos ciudadanos\u00a0ecuatorianos\u00a0y seis mexicanos, quienes transportaban un cargamento de 1.550 kilogramos de\u00a0coca\u00edna. El operativo de localizaci\u00f3n, captura e incautaci\u00f3n tuvo lugar en julio de 2024, cuando elementos de la Marina Nacional interceptaron en aguas del Pac\u00edfico salvadore\u00f1o, espec\u00edficamente al sur del estero Jaltepeque, en la central localidad de San Luis la Herradura, tres\u00a0embarcaciones\u00a0en las que se movilizaba la droga. Los extranjeros procesados y condenados fueron identificados como los\u00a0ecuatorianos\u00a0Vicente Teodoro V\u00e9lez Garc\u00eda y Jimmy Efr\u00e9n Bravo Villegas, y los mexicanos Lisandro Hern\u00e1ndez Garc\u00eda, Agust\u00edn Gir\u00f3n Dom\u00ednguez, Marcos Agreda Villegas, Santiago L\u00f3pez Guti\u00e9rrez, Ider Camacho Luj\u00e1n y Jonathan Bartolo Ortiz. En 2025 sumaron un poco m\u00e1s de 25 toneladas de droga, la mayor\u00eda coca\u00edna, las que fueron incautadas con un valor de m\u00e1s de 618,7 millones de d\u00f3lares. De acuerdo con declaraciones del titular del Ministerio de la Defensa, Ren\u00e9 Francis Merino, la mayor\u00eda de esta droga fue localizada por la Marina Nacional en aguas del\u00a0Pac\u00edfico salvadore\u00f1o. Fuente: Vistazo<\/p>\n","protected":false},"author":1,"featured_media":28792,"comment_status":"closed","ping_status":"closed","sticky":false,"template":"","format":"standard","meta":{"footnotes":""},"categories":[268],"tags":[],"class_list":["post-28791","post","type-post","status-publish","format-standard","has-post-thumbnail","hentry","category-nacionales"],"_links":{"self":[{"href":"https:\/\/www.elamazonico.com\/portal\/wp-json\/wp\/v2\/posts\/28791","targetHints":{"allow":["GET"]}}],"collection":[{"href":"https:\/\/www.elamazonico.com\/portal\/wp-json\/wp\/v2\/posts"}],"about":[{"href":"https:\/\/www.elamazonico.com\/portal\/wp-json\/wp\/v2\/types\/post"}],"author":[{"embeddable":true,"href":"https:\/\/www.elamazonico.com\/portal\/wp-json\/wp\/v2\/users\/1"}],"replies":[{"embeddable":true,"href":"https:\/\/www.elamazonico.com\/portal\/wp-json\/wp\/v2\/comments?post=28791"}],"version-history":[{"count":1,"href":"https:\/\/www.elamazonico.com\/portal\/wp-json\/wp\/v2\/posts\/28791\/revisions"}],"predecessor-version":[{"id":28793,"href":"https:\/\/www.elamazonico.com\/portal\/wp-json\/wp\/v2\/posts\/28791\/revisions\/28793"}],"wp:featuredmedia":[{"embeddable":true,"href":"https:\/\/www.elamazonico.com\/portal\/wp-json\/wp\/v2\/media\/28792"}],"wp:attachment":[{"href":"https:\/\/www.elamazonico.com\/portal\/wp-json\/wp\/v2\/media?parent=28791"}],"wp:term":[{"taxonomy":"category","embeddable":true,"href":"https:\/\/www.elamazonico.com\/portal\/wp-json\/wp\/v2\/categories?post=28791"},{"taxonomy":"post_tag","embeddable":true,"href":"https:\/\/www.elamazonico.com\/portal\/wp-json\/wp\/v2\/tags?post=28791"}],"curies":[{"name":"wp","href":"https:\/\/api.w.org\/{rel}","templated":true}]}}