{"id":28774,"date":"2026-01-14T20:33:20","date_gmt":"2026-01-15T01:33:20","guid":{"rendered":"https:\/\/www.elamazonico.com\/portal\/?p=28774"},"modified":"2026-01-14T20:33:20","modified_gmt":"2026-01-15T01:33:20","slug":"asesinan-a-policia-mientras-se-movilizaba-en-un-patrullero-en-el-sur-de-guayaquil","status":"publish","type":"post","link":"https:\/\/www.elamazonico.com\/portal\/asesinan-a-policia-mientras-se-movilizaba-en-un-patrullero-en-el-sur-de-guayaquil\/","title":{"rendered":"Asesinan a polic\u00eda mientras se movilizaba en un patrullero en el sur de Guayaquil"},"content":{"rendered":"<div class=\"paragraph texto\">\n<p class=\"p_0\">Un\u00a0<b><a href=\"https:\/\/www.vistazo.com\/amp\/actualidad\/nacional\/2026-01-13-policia-allano-viviendas-isla-mocoli-samborondon-asesinato-alias-marino-CE10638813\">polic\u00eda<\/a><\/b>\u00a0fue asesinado la tarde de este mi\u00e9rcoles 14 de enero durante una persecuci\u00f3n en contra de\u00a0<u><b>criminales que habr\u00edan matado a una persona en el sur de Guayaquil<\/b><\/u>. El agente termin\u00f3 estrell\u00e1ndose en su patrullero tras la balacera y falleci\u00f3.<\/p>\n<p class=\"p_1\">Seg\u00fan reportes preliminares, el polic\u00eda lleg\u00f3 al sector de\u00a0<u><b>Las Acacias<\/b><\/u>\u00a0junto a un compa\u00f1ero tras recibir la alerta de un homicidio. Al arribar al sitio, se encontraron con un cuerpo tendido en el piso, pero\u00a0<u><b>tambi\u00e9n se habr\u00edan topado con los delincuentes<\/b><\/u>.<\/p>\n<p class=\"p_3\">Es as\u00ed como empez\u00f3 una persecuci\u00f3n que lleg\u00f3 hasta la cooperativa Dignidad Popular, en el sector de\u00a0<u><b>Las Malvinas<\/b><\/u>, donde el agente choc\u00f3 contra una vivienda esquinera.<\/p>\n<p class=\"p_4\">En videos de redes sociales se observa que moradores de la zona corren a esconderse al ver la persecuci\u00f3n. Sin embargo,\u00a0<u><b>al poco tiempo, salen para ayudar al polic\u00eda.<\/b><\/u><\/p>\n<p class=\"p_5\">Vecinos comentaron que escucharon varias detonaciones y al acercarse al automotor vieron que el servidor policial ten\u00eda\u00a0<u><b>heridas de bala.<\/b><\/u><\/p>\n<p class=\"p_6\">El uniformado falleci\u00f3 en el lugar, pero\u00a0<u><b>otra persona qued\u00f3 herida como v\u00edctima colateral.<\/b><\/u><\/p>\n<p class=\"p_7\">La Polic\u00eda se desplaz\u00f3 por los alrededores para dar con el paradero de los criminales.<\/p>\n<\/div>\n<div class=\"html_text\">\n<div class=\"twitter-tweet twitter-tweet-rendered\"><iframe id=\"twitter-widget-0\" class=\"\" title=\"X Post\" src=\"https:\/\/platform.twitter.com\/embed\/Tweet.html?dnt=false&amp;embedId=twitter-widget-0&amp;features=eyJ0ZndfdGltZWxpbmVfbGlzdCI6eyJidWNrZXQiOltdLCJ2ZXJzaW9uIjpudWxsfSwidGZ3X2ZvbGxvd2VyX2NvdW50X3N1bnNldCI6eyJidWNrZXQiOnRydWUsInZlcnNpb24iOm51bGx9LCJ0ZndfdHdlZXRfZWRpdF9iYWNrZW5kIjp7ImJ1Y2tldCI6Im9uIiwidmVyc2lvbiI6bnVsbH0sInRmd19yZWZzcmNfc2Vzc2lvbiI6eyJidWNrZXQiOiJvbiIsInZlcnNpb24iOm51bGx9LCJ0ZndfZm9zbnJfc29mdF9pbnRlcnZlbnRpb25zX2VuYWJsZWQiOnsiYnVja2V0Ijoib24iLCJ2ZXJzaW9uIjpudWxsfSwidGZ3X21peGVkX21lZGlhXzE1ODk3Ijp7ImJ1Y2tldCI6InRyZWF0bWVudCIsInZlcnNpb24iOm51bGx9LCJ0ZndfZXhwZXJpbWVudHNfY29va2llX2V4cGlyYXRpb24iOnsiYnVja2V0IjoxMjA5NjAwLCJ2ZXJzaW9uIjpudWxsfSwidGZ3X3Nob3dfYmlyZHdhdGNoX3Bpdm90c19lbmFibGVkIjp7ImJ1Y2tldCI6Im9uIiwidmVyc2lvbiI6bnVsbH0sInRmd19kdXBsaWNhdGVfc2NyaWJlc190b19zZXR0aW5ncyI6eyJidWNrZXQiOiJvbiIsInZlcnNpb24iOm51bGx9LCJ0ZndfdXNlX3Byb2ZpbGVfaW1hZ2Vfc2hhcGVfZW5hYmxlZCI6eyJidWNrZXQiOiJvbiIsInZlcnNpb24iOm51bGx9LCJ0ZndfdmlkZW9faGxzX2R5bmFtaWNfbWFuaWZlc3RzXzE1MDgyIjp7ImJ1Y2tldCI6InRydWVfYml0cmF0ZSIsInZlcnNpb24iOm51bGx9LCJ0ZndfbGVnYWN5X3RpbWVsaW5lX3N1bnNldCI6eyJidWNrZXQiOnRydWUsInZlcnNpb24iOm51bGx9LCJ0ZndfdHdlZXRfZWRpdF9mcm9udGVuZCI6eyJidWNrZXQiOiJvbiIsInZlcnNpb24iOm51bGx9fQ%3D%3D&amp;frame=false&amp;hideCard=false&amp;hideThread=false&amp;id=2011586257210786098&amp;lang=es&amp;maxWidth=560px&amp;origin=https%3A%2F%2Fwww.vistazo.com%2Factualidad%2Fnacional%2F2026-01-14-asesinan-policia-mientras-movilizaba-patrullero-sur-guayaquil-FD10640115&amp;sessionId=8e4b6cf1c652928a50b6de0dcf7e9cdc3cfae291&amp;theme=light&amp;widgetsVersion=2615f7e52b7e0%3A1702314776716&amp;width=550px\" frameborder=\"0\" scrolling=\"no\" allowfullscreen=\"allowfullscreen\" data-tweet-id=\"2011586257210786098\" data-mce-fragment=\"1\"><\/iframe><\/div>\n<\/div>\n<h2 class=\"h2vistazo\">OFRECEN RECOMPENSA<\/h2>\n<div class=\"paragraph texto\">\n<p class=\"p_9\">Tras el hecho, la p\u00e1gina\u00a0<u><b>131 Plan de Recompensas\u00a0<\/b><\/u>public\u00f3 un comunicado en que se\u00f1ala que \u201csi tienes informaci\u00f3n relevante y verificable que permita identificar y ubicar a los responsables del\u00a0<u><b>asesinato de un servidor policial en el sector Malvinas<\/b><\/u>, Guayaquil, tu denuncia puede ser determinante\u201d.<\/p>\n<p class=\"p_10\">Adem\u00e1s, alientan a la gente para que llame al\u00a0<b>#131 de manera gratuita.<\/b><\/p>\n<p class=\"p_11\">Por el momento, se desconoce el monto total de la recompensa, pero la p\u00e1gina se limit\u00f3 a decir que es \u201calta\u201d. <strong>Fuente: Vistazo<\/strong><\/p>\n<\/div>\n","protected":false},"excerpt":{"rendered":"<p>Un\u00a0polic\u00eda\u00a0fue asesinado la tarde de este mi\u00e9rcoles 14 de enero durante una persecuci\u00f3n en contra de\u00a0criminales que habr\u00edan matado a una persona en el sur de Guayaquil. El agente termin\u00f3 estrell\u00e1ndose en su patrullero tras la balacera y falleci\u00f3. Seg\u00fan reportes preliminares, el polic\u00eda lleg\u00f3 al sector de\u00a0Las Acacias\u00a0junto a un compa\u00f1ero tras recibir la alerta de un homicidio. Al arribar al sitio, se encontraron con un cuerpo tendido en el piso, pero\u00a0tambi\u00e9n se habr\u00edan topado con los delincuentes. Es as\u00ed como empez\u00f3 una persecuci\u00f3n que lleg\u00f3 hasta la cooperativa Dignidad Popular, en el sector de\u00a0Las Malvinas, donde el agente choc\u00f3 contra una vivienda esquinera. En videos de redes sociales se observa que moradores de la zona corren a esconderse al ver la persecuci\u00f3n. Sin embargo,\u00a0al poco tiempo, salen para ayudar al polic\u00eda. Vecinos comentaron que escucharon varias detonaciones y al acercarse al automotor vieron que el servidor policial ten\u00eda\u00a0heridas de bala. El uniformado falleci\u00f3 en el lugar, pero\u00a0otra persona qued\u00f3 herida como v\u00edctima colateral. La Polic\u00eda se desplaz\u00f3 por los alrededores para dar con el paradero de los criminales. OFRECEN RECOMPENSA Tras el hecho, la p\u00e1gina\u00a0131 Plan de Recompensas\u00a0public\u00f3 un comunicado en que se\u00f1ala que \u201csi tienes informaci\u00f3n relevante y verificable que permita identificar y ubicar a los responsables del\u00a0asesinato de un servidor policial en el sector Malvinas, Guayaquil, tu denuncia puede ser determinante\u201d. Adem\u00e1s, alientan a la gente para que llame al\u00a0#131 de manera gratuita. Por el momento, se desconoce el monto total de la recompensa, pero la p\u00e1gina se limit\u00f3 a decir que es \u201calta\u201d. Fuente: Vistazo<\/p>\n","protected":false},"author":1,"featured_media":28775,"comment_status":"closed","ping_status":"closed","sticky":false,"template":"","format":"standard","meta":{"footnotes":""},"categories":[268],"tags":[],"class_list":["post-28774","post","type-post","status-publish","format-standard","has-post-thumbnail","hentry","category-nacionales"],"_links":{"self":[{"href":"https:\/\/www.elamazonico.com\/portal\/wp-json\/wp\/v2\/posts\/28774","targetHints":{"allow":["GET"]}}],"collection":[{"href":"https:\/\/www.elamazonico.com\/portal\/wp-json\/wp\/v2\/posts"}],"about":[{"href":"https:\/\/www.elamazonico.com\/portal\/wp-json\/wp\/v2\/types\/post"}],"author":[{"embeddable":true,"href":"https:\/\/www.elamazonico.com\/portal\/wp-json\/wp\/v2\/users\/1"}],"replies":[{"embeddable":true,"href":"https:\/\/www.elamazonico.com\/portal\/wp-json\/wp\/v2\/comments?post=28774"}],"version-history":[{"count":1,"href":"https:\/\/www.elamazonico.com\/portal\/wp-json\/wp\/v2\/posts\/28774\/revisions"}],"predecessor-version":[{"id":28776,"href":"https:\/\/www.elamazonico.com\/portal\/wp-json\/wp\/v2\/posts\/28774\/revisions\/28776"}],"wp:featuredmedia":[{"embeddable":true,"href":"https:\/\/www.elamazonico.com\/portal\/wp-json\/wp\/v2\/media\/28775"}],"wp:attachment":[{"href":"https:\/\/www.elamazonico.com\/portal\/wp-json\/wp\/v2\/media?parent=28774"}],"wp:term":[{"taxonomy":"category","embeddable":true,"href":"https:\/\/www.elamazonico.com\/portal\/wp-json\/wp\/v2\/categories?post=28774"},{"taxonomy":"post_tag","embeddable":true,"href":"https:\/\/www.elamazonico.com\/portal\/wp-json\/wp\/v2\/tags?post=28774"}],"curies":[{"name":"wp","href":"https:\/\/api.w.org\/{rel}","templated":true}]}}