{"id":28753,"date":"2026-01-13T16:49:39","date_gmt":"2026-01-13T21:49:39","guid":{"rendered":"https:\/\/www.elamazonico.com\/portal\/?p=28753"},"modified":"2026-01-13T16:49:39","modified_gmt":"2026-01-13T21:49:39","slug":"caso-mario-godoy-ya-tiene-fecha-en-la-comision-de-fiscalizacion-asi-ha-reaccionado-el-correismo","status":"publish","type":"post","link":"https:\/\/www.elamazonico.com\/portal\/caso-mario-godoy-ya-tiene-fecha-en-la-comision-de-fiscalizacion-asi-ha-reaccionado-el-correismo\/","title":{"rendered":"Caso Mario Godoy ya tiene fecha en la Comisi\u00f3n de Fiscalizaci\u00f3n: as\u00ed ha reaccionado el corre\u00edsmo"},"content":{"rendered":"<div class=\"paragraph texto\">\n<p class=\"p_0\">El proceso contra\u00a0<b><a href=\"https:\/\/www.vistazo.com\/politica\/nacional\/2026-01-11-juicio-politico-mario-godoy-cal-acepto-solicitud-comision-fiscalizacion-NE10635091\" target=\"_blank\" rel=\"noopener noreferrer\">Mario Godoy<\/a><\/b>, presidente del Consejo de la Judicatura, ya fue agendado en la Comisi\u00f3n de Fiscalizaci\u00f3n de la Asamblea Nacional. Este martes 13 de enero, Ferdinand \u00c1lvarez, presidente de la mesa legislativa, confirm\u00f3 que la sesi\u00f3n para conocer el caso se realizar\u00e1 el jueves a las 15:00.<\/p>\n<p class=\"p_2\">\u00c1lvarez explic\u00f3 que en esa jornada se proceder\u00e1 primero a avocar conocimiento del pedido y luego a calificarlo, una vez revisada la documentaci\u00f3n presentada. \u201cPrimero avocamos conocimiento y, ya una vez que hemos revisado la informaci\u00f3n, se somete a votaci\u00f3n la calificaci\u00f3n\u201d, se\u00f1al\u00f3.<\/p>\n<p class=\"p_3\">El Consejo de la Judicatura, presidido por Godoy, est\u00e1 bajo cuestionamientos tras denuncias por presuntas amenazas contra el juez anticorrupci\u00f3n\u00a0<b>Carlos Serrano<\/b>, en un caso vinculado a un ciudadano serbio acusado de\u00a0<b>narcotr\u00e1fico<\/b>, quien habr\u00eda sido cliente de la esposa de Godoy; y por el que habr\u00eda intercedido el exdirector de la Judicatura en la provincia de Pichincha,\u00a0<b>Henry Gaibor<\/b>.<\/p>\n<p class=\"p_4\">El pedido de juicio pol\u00edtico contra Mario Godoy fue presentado por cinco asamble\u00edstas de la bancada de la\u00a0<b>Revoluci\u00f3n Ciudadana<\/b>: Viviana Veloz, Xavier Lasso, Liliana Dur\u00e1n, Ra\u00fal Ch\u00e1vez y Franklin Samaniego. No consta ning\u00fan legislador del movimiento oficialista ADN entre los interpelantes.<\/p>\n<p class=\"p_5\">No obstante, Ferdinand \u00c1lvarez indic\u00f3 que su bancada participar\u00e1 activamente en el proceso. \u201cAportaremos con elementos que sumen a la investigaci\u00f3n del juicio pol\u00edtico\u201d, asegur\u00f3.<\/p>\n<\/div>\n<h2 class=\"h2vistazo\">Reacciones del corre\u00edsmo<\/h2>\n<div class=\"paragraph texto\">\n<p class=\"p_7\">Desde la Revoluci\u00f3n Ciudadana se cuestion\u00f3 la forma en que la Comisi\u00f3n de Fiscalizaci\u00f3n ha manejado los tiempos del proceso. El asamble\u00edsta Xavier Lasso se\u00f1al\u00f3 que el oficialismo estar\u00eda dando tiempo a Godoy para maniobrar dentro de la Judicatura.<\/p>\n<p class=\"p_8\">\u201c<u>El oficialismo dice estar a favor del juicio pol\u00edtico, pero hace todo lo posible para dilatarlo<\/u>. Con ese ox\u00edgeno, Godoy est\u00e1 pidiendo la renuncia de notarios y ya lo hizo con directores provinciales del Consejo de la Judicatura\u201d, afirm\u00f3.<\/p>\n<p class=\"p_9\">Lasso tambi\u00e9n cuestion\u00f3 que, \u00abel presidente de la Comisi\u00f3n de Fiscalizaci\u00f3n convoca a la sesi\u00f3n para conocer el proceso el \u00faltimo d\u00eda del plazo que le otorga la ley,\u00a0<u>ignorando la urgencia del pa\u00eds para tener una justicia libre de las influencias del narcotr\u00e1fico<\/u>\u00ab.<\/p>\n<p class=\"p_10\">De su lado, la legisladora\u00a0<b>Viviana Veloz\u00a0<\/b>enfatiz\u00f3 que as\u00ed como renunci\u00f3 el Presidente encargado de la Corte Nacional de Justicia,\u00a0<b>Jos\u00e9 Suing<\/b>, por la \u00abindignaci\u00f3n ciudadana\u00bb, Mario Godoy deber\u00eda dar un paso al costado.<\/p>\n<p class=\"p_11\">\u00abEso es lo m\u00ednimo en una Rep\u00fablica que respeta la institucionalidad. Pero eso solo ocurre en democracias reales. Aqu\u00ed, en cambio, se aferran al poder, al cargo y usan las instituciones como escudos personales\u00bb, acot\u00f3.<\/p>\n<p class=\"p_12\">Este lunes, Veloz tambi\u00e9n cuestion\u00f3 que la Comisi\u00f3n de Fiscalizaci\u00f3n haya optado por usar los plazos m\u00e1ximos en lugar de los m\u00ednimos establecidos en la ley.<\/p>\n<p class=\"p_13\">\u00abPudieron convocar hoy para calificar el proceso de enjuiciamiento contra Mario Godoy y no lo hicieron ( art.81 LOFL)\u00a0<u>\u00bfLe est\u00e1n dando ox\u00edgeno para que nombre jueces y mueva fichas en el CJ?\u00a0<\/u>\u00bfO reci\u00e9n convocar\u00e1n el viernes porque ni siquiera han convocado a sesiones del Pleno y prefieren la comodidad?<\/p>\n<p class=\"p_14\">Por \u00faltimo, Veloz dijo que \u00abcada d\u00eda de dilaci\u00f3n pone en riesgo la seguridad y la independencia judicial. Queda claro: tienen una consigna, salvar a Mario Godoy\u00bb. <strong>Fuente: Vistazo<\/strong><\/p>\n<\/div>\n","protected":false},"excerpt":{"rendered":"<p>El proceso contra\u00a0Mario Godoy, presidente del Consejo de la Judicatura, ya fue agendado en la Comisi\u00f3n de Fiscalizaci\u00f3n de la Asamblea Nacional. Este martes 13 de enero, Ferdinand \u00c1lvarez, presidente de la mesa legislativa, confirm\u00f3 que la sesi\u00f3n para conocer el caso se realizar\u00e1 el jueves a las 15:00. \u00c1lvarez explic\u00f3 que en esa jornada se proceder\u00e1 primero a avocar conocimiento del pedido y luego a calificarlo, una vez revisada la documentaci\u00f3n presentada. \u201cPrimero avocamos conocimiento y, ya una vez que hemos revisado la informaci\u00f3n, se somete a votaci\u00f3n la calificaci\u00f3n\u201d, se\u00f1al\u00f3. El Consejo de la Judicatura, presidido por Godoy, est\u00e1 bajo cuestionamientos tras denuncias por presuntas amenazas contra el juez anticorrupci\u00f3n\u00a0Carlos Serrano, en un caso vinculado a un ciudadano serbio acusado de\u00a0narcotr\u00e1fico, quien habr\u00eda sido cliente de la esposa de Godoy; y por el que habr\u00eda intercedido el exdirector de la Judicatura en la provincia de Pichincha,\u00a0Henry Gaibor. El pedido de juicio pol\u00edtico contra Mario Godoy fue presentado por cinco asamble\u00edstas de la bancada de la\u00a0Revoluci\u00f3n Ciudadana: Viviana Veloz, Xavier Lasso, Liliana Dur\u00e1n, Ra\u00fal Ch\u00e1vez y Franklin Samaniego. No consta ning\u00fan legislador del movimiento oficialista ADN entre los interpelantes. No obstante, Ferdinand \u00c1lvarez indic\u00f3 que su bancada participar\u00e1 activamente en el proceso. \u201cAportaremos con elementos que sumen a la investigaci\u00f3n del juicio pol\u00edtico\u201d, asegur\u00f3. Reacciones del corre\u00edsmo Desde la Revoluci\u00f3n Ciudadana se cuestion\u00f3 la forma en que la Comisi\u00f3n de Fiscalizaci\u00f3n ha manejado los tiempos del proceso. El asamble\u00edsta Xavier Lasso se\u00f1al\u00f3 que el oficialismo estar\u00eda dando tiempo a Godoy para maniobrar dentro de la Judicatura. \u201cEl oficialismo dice estar a favor del juicio pol\u00edtico, pero hace todo lo posible para dilatarlo. Con ese ox\u00edgeno, Godoy est\u00e1 pidiendo la renuncia de notarios y ya lo hizo con directores provinciales del Consejo de la Judicatura\u201d, afirm\u00f3. Lasso tambi\u00e9n cuestion\u00f3 que, \u00abel presidente de la Comisi\u00f3n de Fiscalizaci\u00f3n convoca a la sesi\u00f3n para conocer el proceso el \u00faltimo d\u00eda del plazo que le otorga la ley,\u00a0ignorando la urgencia del pa\u00eds para tener una justicia libre de las influencias del narcotr\u00e1fico\u00ab. De su lado, la legisladora\u00a0Viviana Veloz\u00a0enfatiz\u00f3 que as\u00ed como renunci\u00f3 el Presidente encargado de la Corte Nacional de Justicia,\u00a0Jos\u00e9 Suing, por la \u00abindignaci\u00f3n ciudadana\u00bb, Mario Godoy deber\u00eda dar un paso al costado. \u00abEso es lo m\u00ednimo en una Rep\u00fablica que respeta la institucionalidad. Pero eso solo ocurre en democracias reales. Aqu\u00ed, en cambio, se aferran al poder, al cargo y usan las instituciones como escudos personales\u00bb, acot\u00f3. Este lunes, Veloz tambi\u00e9n cuestion\u00f3 que la Comisi\u00f3n de Fiscalizaci\u00f3n haya optado por usar los plazos m\u00e1ximos en lugar de los m\u00ednimos establecidos en la ley. \u00abPudieron convocar hoy para calificar el proceso de enjuiciamiento contra Mario Godoy y no lo hicieron ( art.81 LOFL)\u00a0\u00bfLe est\u00e1n dando ox\u00edgeno para que nombre jueces y mueva fichas en el CJ?\u00a0\u00bfO reci\u00e9n convocar\u00e1n el viernes porque ni siquiera han convocado a sesiones del Pleno y prefieren la comodidad? Por \u00faltimo, Veloz dijo que \u00abcada d\u00eda de dilaci\u00f3n pone en riesgo la seguridad y la independencia judicial. Queda claro: tienen una consigna, salvar a Mario Godoy\u00bb. Fuente: Vistazo<\/p>\n","protected":false},"author":1,"featured_media":28755,"comment_status":"closed","ping_status":"closed","sticky":false,"template":"","format":"standard","meta":{"footnotes":""},"categories":[268],"tags":[],"class_list":["post-28753","post","type-post","status-publish","format-standard","has-post-thumbnail","hentry","category-nacionales"],"_links":{"self":[{"href":"https:\/\/www.elamazonico.com\/portal\/wp-json\/wp\/v2\/posts\/28753","targetHints":{"allow":["GET"]}}],"collection":[{"href":"https:\/\/www.elamazonico.com\/portal\/wp-json\/wp\/v2\/posts"}],"about":[{"href":"https:\/\/www.elamazonico.com\/portal\/wp-json\/wp\/v2\/types\/post"}],"author":[{"embeddable":true,"href":"https:\/\/www.elamazonico.com\/portal\/wp-json\/wp\/v2\/users\/1"}],"replies":[{"embeddable":true,"href":"https:\/\/www.elamazonico.com\/portal\/wp-json\/wp\/v2\/comments?post=28753"}],"version-history":[{"count":1,"href":"https:\/\/www.elamazonico.com\/portal\/wp-json\/wp\/v2\/posts\/28753\/revisions"}],"predecessor-version":[{"id":28756,"href":"https:\/\/www.elamazonico.com\/portal\/wp-json\/wp\/v2\/posts\/28753\/revisions\/28756"}],"wp:featuredmedia":[{"embeddable":true,"href":"https:\/\/www.elamazonico.com\/portal\/wp-json\/wp\/v2\/media\/28755"}],"wp:attachment":[{"href":"https:\/\/www.elamazonico.com\/portal\/wp-json\/wp\/v2\/media?parent=28753"}],"wp:term":[{"taxonomy":"category","embeddable":true,"href":"https:\/\/www.elamazonico.com\/portal\/wp-json\/wp\/v2\/categories?post=28753"},{"taxonomy":"post_tag","embeddable":true,"href":"https:\/\/www.elamazonico.com\/portal\/wp-json\/wp\/v2\/tags?post=28753"}],"curies":[{"name":"wp","href":"https:\/\/api.w.org\/{rel}","templated":true}]}}