{"id":28741,"date":"2026-01-13T15:30:38","date_gmt":"2026-01-13T20:30:38","guid":{"rendered":"https:\/\/www.elamazonico.com\/portal\/?p=28741"},"modified":"2026-01-13T15:30:38","modified_gmt":"2026-01-13T20:30:38","slug":"daniella-camacho-la-jueza-de-mutiples-sentencias-a-figuras-del-correismo","status":"publish","type":"post","link":"https:\/\/www.elamazonico.com\/portal\/daniella-camacho-la-jueza-de-mutiples-sentencias-a-figuras-del-correismo\/","title":{"rendered":"Daniella Camacho, la jueza de m\u00fatiples sentencias a figuras del corre\u00edsmo"},"content":{"rendered":"<p>En medio de una nueva sacudida institucional en la funci\u00f3n judicial,\u00a0<a href=\"https:\/\/www.ecuavisa.com\/tema\/daniella-camacho-t106731\" target=\"_blank\" rel=\"noopener\">Daniella Camacho Herold<\/a>, la jueza m\u00e1s antigua de la\u00a0<strong>Corte Nacional de Justicia<\/strong>, asumi\u00f3 desde este lunes 12 de enero la presidencia temporal del m\u00e1ximo tribunal.<\/p>\n<p>Daniella Camacho es\u00a0<strong>Doctora en jurisprudencia<\/strong>, graduada de la Pontificia Universidad Cat\u00f3lica del Ecuador, es Mag\u00edster en derecho procesal con menci\u00f3n penal, se desempe\u00f1\u00f3 como fiscal penal de Pichincha, fiscal de asuntos ind\u00edgenas y exjefa nacional de protecci\u00f3n y asistencia a v\u00edctimas de la Fiscal\u00eda General del Estado. De 2012 a 2018 trabaj\u00f3 como conjueza en la Sala de lo Contencioso Administrativo.<\/p>\n<div class=\"banner-context\"><\/div>\n<div class=\"ck-related-news\">\n<h2 id=\"relatedNews-29\">Camacho y sus sentencias contra el corre\u00edsmo<\/h2>\n<\/div>\n<p>El 26 de enero de 2018 se integr\u00f3 como<strong>\u00a0jueza penal de la Corte Nacional<\/strong>\u00a0tras encabezar la lista de<strong>\u00a0mujeres con el mejor puntaje\u00a0<\/strong>del concurso de renovaci\u00f3n parcial del Alto Tribunal, desde entonces llev\u00f3 adelante varias causas de connotaci\u00f3n social.<\/p>\n<p>Fue parte del Tribunal que\u00a0<strong>conden\u00f3 al exministro de energ\u00eda, Alecksey Mosquera<\/strong>; confirm\u00f3 la sentencia de seis a\u00f1os de prisi\u00f3n al exvicepresidente,\u00a0<strong>Jorge Glas, en el caso Odebrecht.<\/strong>\u00a0Dispuso el arresto del expresidente,\u00a0<strong>Rafael Correa<\/strong>, tras llamarlo a juicio por el secuestro del pol\u00edtico, Fernando Balda. Intervino en el fallo judicial que deriv\u00f3 en la condena a la exvicepresidenta, Mar\u00eda Alejandra Vicu\u00f1a en el caso Diezmos.<\/p>\n<div class=\"banner-context\">\n<div id=\"article_desktop_block_2\" class=\"bannersaas banner-desktop\" data-google-query-id=\"CKfPy7ytiZIDFYcwHAAd38Yf1A\">Tambi\u00e9n llam\u00f3 a juicio a <strong>Rafael Correa, Jorge Glas\u00a0<\/strong>y 19 personas m\u00e1s en el caso Sobornos.<\/div>\n<\/div>\n<p>Actu\u00f3 como integrante del Tribunal que declar\u00f3 la inocencia de Fernando Alvarado y tres personas m\u00e1s en el caso Secom. Y del que resolvi\u00f3 la nulidad procesal de todo lo actuado en el caso Singue.<\/p>\n<p>Actualmente, est\u00e1 frente al<strong>\u00a0caso Ligados<\/strong>, que investiga a exconsejeros de Participaci\u00f3n Ciudadana por presunta asociaci\u00f3n il\u00edcita.<\/p>\n<div class=\"banner-context\"><\/div>\n<div class=\"ck-related-news\">\n<h2 id=\"relatedNews-58\"><strong>Daniella Camacho y su amistad con Wilman Ter\u00e1n<\/strong><\/h2>\n<\/div>\n<p>A lo largo de su trayectoria en la Corte Nacional, a Camacho se la ha relacionado en distintos momentos con el expresidente del Consejo de la Judicatura, sentenciado por casos de corrupci\u00f3n,\u00a0<strong>Wilman Ter\u00e1n.<\/strong><\/p>\n<p>Camacho fue quien impuls\u00f3 su nombre en el Pleno para que fuera incluido en la terna para presidir el Consejo de la Judicatura. Meses m\u00e1s tarde se excus\u00f3 del caso Met\u00e1stasis argumentando una\u00a0<strong>amistad \u00edntima<\/strong>\u00a0con \u00e9l.<\/p>\n","protected":false},"excerpt":{"rendered":"<p>En medio de una nueva sacudida institucional en la funci\u00f3n judicial,\u00a0Daniella Camacho Herold, la jueza m\u00e1s antigua de la\u00a0Corte Nacional de Justicia, asumi\u00f3 desde este lunes 12 de enero la presidencia temporal del m\u00e1ximo tribunal. Daniella Camacho es\u00a0Doctora en jurisprudencia, graduada de la Pontificia Universidad Cat\u00f3lica del Ecuador, es Mag\u00edster en derecho procesal con menci\u00f3n penal, se desempe\u00f1\u00f3 como fiscal penal de Pichincha, fiscal de asuntos ind\u00edgenas y exjefa nacional de protecci\u00f3n y asistencia a v\u00edctimas de la Fiscal\u00eda General del Estado. De 2012 a 2018 trabaj\u00f3 como conjueza en la Sala de lo Contencioso Administrativo. Camacho y sus sentencias contra el corre\u00edsmo El 26 de enero de 2018 se integr\u00f3 como\u00a0jueza penal de la Corte Nacional\u00a0tras encabezar la lista de\u00a0mujeres con el mejor puntaje\u00a0del concurso de renovaci\u00f3n parcial del Alto Tribunal, desde entonces llev\u00f3 adelante varias causas de connotaci\u00f3n social. Fue parte del Tribunal que\u00a0conden\u00f3 al exministro de energ\u00eda, Alecksey Mosquera; confirm\u00f3 la sentencia de seis a\u00f1os de prisi\u00f3n al exvicepresidente,\u00a0Jorge Glas, en el caso Odebrecht.\u00a0Dispuso el arresto del expresidente,\u00a0Rafael Correa, tras llamarlo a juicio por el secuestro del pol\u00edtico, Fernando Balda. Intervino en el fallo judicial que deriv\u00f3 en la condena a la exvicepresidenta, Mar\u00eda Alejandra Vicu\u00f1a en el caso Diezmos. Tambi\u00e9n llam\u00f3 a juicio a Rafael Correa, Jorge Glas\u00a0y 19 personas m\u00e1s en el caso Sobornos. Actu\u00f3 como integrante del Tribunal que declar\u00f3 la inocencia de Fernando Alvarado y tres personas m\u00e1s en el caso Secom. Y del que resolvi\u00f3 la nulidad procesal de todo lo actuado en el caso Singue. Actualmente, est\u00e1 frente al\u00a0caso Ligados, que investiga a exconsejeros de Participaci\u00f3n Ciudadana por presunta asociaci\u00f3n il\u00edcita. Daniella Camacho y su amistad con Wilman Ter\u00e1n A lo largo de su trayectoria en la Corte Nacional, a Camacho se la ha relacionado en distintos momentos con el expresidente del Consejo de la Judicatura, sentenciado por casos de corrupci\u00f3n,\u00a0Wilman Ter\u00e1n. Camacho fue quien impuls\u00f3 su nombre en el Pleno para que fuera incluido en la terna para presidir el Consejo de la Judicatura. Meses m\u00e1s tarde se excus\u00f3 del caso Met\u00e1stasis argumentando una\u00a0amistad \u00edntima\u00a0con \u00e9l.<\/p>\n","protected":false},"author":1,"featured_media":28742,"comment_status":"closed","ping_status":"closed","sticky":false,"template":"","format":"standard","meta":{"footnotes":""},"categories":[268],"tags":[],"class_list":["post-28741","post","type-post","status-publish","format-standard","has-post-thumbnail","hentry","category-nacionales"],"_links":{"self":[{"href":"https:\/\/www.elamazonico.com\/portal\/wp-json\/wp\/v2\/posts\/28741","targetHints":{"allow":["GET"]}}],"collection":[{"href":"https:\/\/www.elamazonico.com\/portal\/wp-json\/wp\/v2\/posts"}],"about":[{"href":"https:\/\/www.elamazonico.com\/portal\/wp-json\/wp\/v2\/types\/post"}],"author":[{"embeddable":true,"href":"https:\/\/www.elamazonico.com\/portal\/wp-json\/wp\/v2\/users\/1"}],"replies":[{"embeddable":true,"href":"https:\/\/www.elamazonico.com\/portal\/wp-json\/wp\/v2\/comments?post=28741"}],"version-history":[{"count":1,"href":"https:\/\/www.elamazonico.com\/portal\/wp-json\/wp\/v2\/posts\/28741\/revisions"}],"predecessor-version":[{"id":28743,"href":"https:\/\/www.elamazonico.com\/portal\/wp-json\/wp\/v2\/posts\/28741\/revisions\/28743"}],"wp:featuredmedia":[{"embeddable":true,"href":"https:\/\/www.elamazonico.com\/portal\/wp-json\/wp\/v2\/media\/28742"}],"wp:attachment":[{"href":"https:\/\/www.elamazonico.com\/portal\/wp-json\/wp\/v2\/media?parent=28741"}],"wp:term":[{"taxonomy":"category","embeddable":true,"href":"https:\/\/www.elamazonico.com\/portal\/wp-json\/wp\/v2\/categories?post=28741"},{"taxonomy":"post_tag","embeddable":true,"href":"https:\/\/www.elamazonico.com\/portal\/wp-json\/wp\/v2\/tags?post=28741"}],"curies":[{"name":"wp","href":"https:\/\/api.w.org\/{rel}","templated":true}]}}