{"id":28738,"date":"2026-01-13T15:24:43","date_gmt":"2026-01-13T20:24:43","guid":{"rendered":"https:\/\/www.elamazonico.com\/portal\/?p=28738"},"modified":"2026-01-13T15:24:43","modified_gmt":"2026-01-13T20:24:43","slug":"sri-amplia-plazos-para-declarar-declaraciones-tributarias","status":"publish","type":"post","link":"https:\/\/www.elamazonico.com\/portal\/sri-amplia-plazos-para-declarar-declaraciones-tributarias\/","title":{"rendered":"SRI ampl\u00eda plazos para declarar declaraciones tributarias"},"content":{"rendered":"<p>El Servicio de Rentas Internas (SRI) inform\u00f3 este martes 13 de enero, que otorg\u00f3 una\u00a0<b>pr\u00f3rroga extraordinaria<\/b>\u00a0para la presentaci\u00f3n de\u00a0<b>declaraciones y anexos tributarios\u00a0<\/b>cuyo vencimiento estaba fijado para el\u00a0<b>12 de enero.<\/b><\/p>\n<p>La decisi\u00f3n que consta en la\u00a0<b>resoluci\u00f3n NAC-DGERCGC26-000000002,<\/b>\u00a0se tom\u00f3 luego de que la entidad registrara intermitencias en sus plataformas digitales, ocasionadas por el alto volumen de transacciones y de informaci\u00f3n procesada durante la jornada. Estas fallas impidieron que numerosos contribuyentes pudieran cumplir con sus obligaciones en las fechas se\u00f1aladas.<\/p>\n<p data-start=\"1354\" data-end=\"1697\">La ampliaci\u00f3n del plazo se aplicar\u00e1 de acuerdo con el n<b>oveno d\u00edgito del Registro \u00danico de Contribuyentes (RUC)\u00a0<\/b>e incluye tambi\u00e9n a los contribuyentes especiales. Seg\u00fan el nuevo cronograma, quienes tengan RUC terminado en\u00a0<b>1 y 2<\/b>\u00a0podr\u00e1n declarar hasta el<b>\u00a021 de enero,\u00a0<\/b>mientras que los contribuyentes especiales tendr\u00e1n plazo hasta el\u00a0<b>15 de enero.<\/b><\/p>\n<p data-start=\"1699\" data-end=\"1879\">El SRI precis\u00f3 que las declaraciones realizadas dentro de estas nuevas fechas\u00a0<b>no generar\u00e1n intereses ni sanciones<\/b>, siempre que se respeten los plazos establecidos.<\/p>\n<p data-start=\"1881\" data-end=\"2106\">La entidad tributaria recomend\u00f3 a los usuarios verificar con anticipaci\u00f3n el calendario correspondiente a su RUC y realizar el tr\u00e1mite con tiempo para evitar nuevos inconvenientes derivados de la alta demanda en los sistemas.<\/p>\n","protected":false},"excerpt":{"rendered":"<p>El Servicio de Rentas Internas (SRI) inform\u00f3 este martes 13 de enero, que otorg\u00f3 una\u00a0pr\u00f3rroga extraordinaria\u00a0para la presentaci\u00f3n de\u00a0declaraciones y anexos tributarios\u00a0cuyo vencimiento estaba fijado para el\u00a012 de enero. La decisi\u00f3n que consta en la\u00a0resoluci\u00f3n NAC-DGERCGC26-000000002,\u00a0se tom\u00f3 luego de que la entidad registrara intermitencias en sus plataformas digitales, ocasionadas por el alto volumen de transacciones y de informaci\u00f3n procesada durante la jornada. Estas fallas impidieron que numerosos contribuyentes pudieran cumplir con sus obligaciones en las fechas se\u00f1aladas. La ampliaci\u00f3n del plazo se aplicar\u00e1 de acuerdo con el noveno d\u00edgito del Registro \u00danico de Contribuyentes (RUC)\u00a0e incluye tambi\u00e9n a los contribuyentes especiales. Seg\u00fan el nuevo cronograma, quienes tengan RUC terminado en\u00a01 y 2\u00a0podr\u00e1n declarar hasta el\u00a021 de enero,\u00a0mientras que los contribuyentes especiales tendr\u00e1n plazo hasta el\u00a015 de enero. El SRI precis\u00f3 que las declaraciones realizadas dentro de estas nuevas fechas\u00a0no generar\u00e1n intereses ni sanciones, siempre que se respeten los plazos establecidos. La entidad tributaria recomend\u00f3 a los usuarios verificar con anticipaci\u00f3n el calendario correspondiente a su RUC y realizar el tr\u00e1mite con tiempo para evitar nuevos inconvenientes derivados de la alta demanda en los sistemas.<\/p>\n","protected":false},"author":1,"featured_media":28739,"comment_status":"closed","ping_status":"closed","sticky":false,"template":"","format":"standard","meta":{"footnotes":""},"categories":[268],"tags":[],"class_list":["post-28738","post","type-post","status-publish","format-standard","has-post-thumbnail","hentry","category-nacionales"],"_links":{"self":[{"href":"https:\/\/www.elamazonico.com\/portal\/wp-json\/wp\/v2\/posts\/28738","targetHints":{"allow":["GET"]}}],"collection":[{"href":"https:\/\/www.elamazonico.com\/portal\/wp-json\/wp\/v2\/posts"}],"about":[{"href":"https:\/\/www.elamazonico.com\/portal\/wp-json\/wp\/v2\/types\/post"}],"author":[{"embeddable":true,"href":"https:\/\/www.elamazonico.com\/portal\/wp-json\/wp\/v2\/users\/1"}],"replies":[{"embeddable":true,"href":"https:\/\/www.elamazonico.com\/portal\/wp-json\/wp\/v2\/comments?post=28738"}],"version-history":[{"count":1,"href":"https:\/\/www.elamazonico.com\/portal\/wp-json\/wp\/v2\/posts\/28738\/revisions"}],"predecessor-version":[{"id":28740,"href":"https:\/\/www.elamazonico.com\/portal\/wp-json\/wp\/v2\/posts\/28738\/revisions\/28740"}],"wp:featuredmedia":[{"embeddable":true,"href":"https:\/\/www.elamazonico.com\/portal\/wp-json\/wp\/v2\/media\/28739"}],"wp:attachment":[{"href":"https:\/\/www.elamazonico.com\/portal\/wp-json\/wp\/v2\/media?parent=28738"}],"wp:term":[{"taxonomy":"category","embeddable":true,"href":"https:\/\/www.elamazonico.com\/portal\/wp-json\/wp\/v2\/categories?post=28738"},{"taxonomy":"post_tag","embeddable":true,"href":"https:\/\/www.elamazonico.com\/portal\/wp-json\/wp\/v2\/tags?post=28738"}],"curies":[{"name":"wp","href":"https:\/\/api.w.org\/{rel}","templated":true}]}}