{"id":28735,"date":"2026-01-13T10:22:28","date_gmt":"2026-01-13T15:22:28","guid":{"rendered":"https:\/\/www.elamazonico.com\/portal\/?p=28735"},"modified":"2026-01-13T10:22:39","modified_gmt":"2026-01-13T15:22:39","slug":"ministra-de-ambiente-y-energia-confirmo-que-ya-se-envio-el-texto-para-modificar-la-ley-de-energia","status":"publish","type":"post","link":"https:\/\/www.elamazonico.com\/portal\/ministra-de-ambiente-y-energia-confirmo-que-ya-se-envio-el-texto-para-modificar-la-ley-de-energia\/","title":{"rendered":"Ministra de Ambiente y Energ\u00eda confirm\u00f3 que ya se envi\u00f3 el texto para modificar la Ley de Energ\u00eda"},"content":{"rendered":"<p><strong>In\u00e9s Manzano<\/strong>, ministra de Ambiente y Energ\u00eda, explic\u00f3 que se envi\u00f3 el texto para modificar la\u00a0<strong>Ley de Energ\u00eda a la Secretar\u00eda Jur\u00eddica de la Presidencia<\/strong>. La medida se tom\u00f3 tras la decisi\u00f3n de la\u00a0<strong>Corte Constitucional<\/strong>\u00a0(CC) que declar\u00f3 inconstitucional el art\u00edculo 25 de esta norma.<\/p>\n<p>En entrevista al programa De Lunes a Lunes, de Teleamazonas, Manzano dijo que se busca reformular los mecanismos de delegaci\u00f3n y contrataci\u00f3n en el\u00a0<strong>sector el\u00e9ctrico<\/strong>; sin frenar los ya existentes, pero ajust\u00e1ndolos a las observaciones realizadas por la CC.<\/p>\n<p>En ese marco, mencion\u00f3 que la idea es dar seguridad jur\u00eddica tanto al Estado como a los inversionistas privados.<\/p>\n<h2>Cr\u00edticas a la Corte Constitucional<\/h2>\n<p>Manzano tambi\u00e9n cuestion\u00f3 a la Corte Constitucional, que trat\u00f3 el tema con rapidez. Para ella, el debate jur\u00eddico ha estado atravesado por interpretaciones t\u00e9cnicas deficientes.<\/p>\n<p>\u201cEste es un tema desde el a\u00f1o 2021. Y hay un resorteo y etc\u00e9tera, entonces cambian y de repente, en menos de un mes, se vuelven expertos el\u00e9ctricos, pero muy malos expertos el\u00e9ctricos como otros que yo conozco. Pero en la Corte, realmente, lo que se ve es que no entendieron todo el art\u00edculo\u201d, dijo en el medio mencionado.<\/p>\n<p>La ministra adicionalmente asegur\u00f3 que no se paralizan las delegaciones al sector privado, pero s\u00ed deber\u00e1n replantear algunos procesos.<\/p>\n<p>Hay proyectos en marcha como un ciclo combinado de\u00a0<strong>340 megavatios<\/strong>\u00a0a cargo de\u00a0<strong>Celec<\/strong>, que ser\u00e1 ejecutado con la empresa italiana Ansaldo. Ese se aprob\u00f3 el 31 de diciembre de 2025.<\/p>\n<h2>\u00bfHabr\u00e1 apagones?<\/h2>\n<p>In\u00e9s Manzano fue enf\u00e1tica en que no habr\u00e1 apagones en el 2026, ya que se han realizado procesos para potenciar la\u00a0<strong>matriz energ\u00e9tica<\/strong>. Por ejemplo se ha comprado energ\u00eda a Colombia y se han repotenciado algunas subestaciones.<\/p>\n<p>Adem\u00e1s se recuperaron cerca de 838 megavatios; de ellos, 264 son de la\u00a0<strong>hidroel\u00e9ctrica<\/strong>\u00a0Yurimagua. A estos se suman la generaci\u00f3n t\u00e9rmica flotante y\u00a0<strong>rehabilitaci\u00f3n de centrales.<\/strong><\/p>\n<p>\u201cHay que hacer todo lo que tengas en tus manos, porque a m\u00ed lo que me importa es que haya energ\u00eda para todos\u201d, manifest\u00f3 la titular del ramo.<\/p>\n<h2>\u00bfPor qu\u00e9 se pidi\u00f3 a los privados que prendieran sus generadores?<\/h2>\n<p>La ministra de Ambiente y Energ\u00eda dijo que el pedido a las empresas privadas de que prendieran sus generadores es una estrategia para comprarles\u00a0<strong>energ\u00eda<\/strong>.<\/p>\n<p>\u201cNo es obligatorio. Hay que ayudar a la inversi\u00f3n que tienen los privados. Tenemos 470 megavatios de privados que invirtieron en generadores el\u00e9ctricos\u201d, recalc\u00f3 Manzano.<\/p>\n<p>El pedido se enmarca en la disposici\u00f3n de\u00a0<strong>Cenace<\/strong>\u00a0que dice que es voluntario y el \u00fanico requisito obligatorio es que te califiques para posteriormente recibir la remuneraci\u00f3n. \u201cSe les paga; no es gratis\u201d, indic\u00f3.<\/p>\n<p>Y aclar\u00f3 que \u201cNo es un pedido de\u00a0<strong>desconexi\u00f3n<\/strong>. Es pedido de que si tienes generador, con\u00e9ctate. V\u00e9ndeme energ\u00eda; as\u00ed como le compro a Colombia le puedo comprar a los privados y ayudo a quienes hicieron la inversi\u00f3n\u201d.<\/p>\n<p>Mencion\u00f3 a empresas que ya lo han conectado sus sistemas como Pronaca, Santa Priscila y El Coral. Tambi\u00e9n hay otras en Cuenca.<\/p>\n","protected":false},"excerpt":{"rendered":"<p>In\u00e9s Manzano, ministra de Ambiente y Energ\u00eda, explic\u00f3 que se envi\u00f3 el texto para modificar la\u00a0Ley de Energ\u00eda a la Secretar\u00eda Jur\u00eddica de la Presidencia. La medida se tom\u00f3 tras la decisi\u00f3n de la\u00a0Corte Constitucional\u00a0(CC) que declar\u00f3 inconstitucional el art\u00edculo 25 de esta norma. En entrevista al programa De Lunes a Lunes, de Teleamazonas, Manzano dijo que se busca reformular los mecanismos de delegaci\u00f3n y contrataci\u00f3n en el\u00a0sector el\u00e9ctrico; sin frenar los ya existentes, pero ajust\u00e1ndolos a las observaciones realizadas por la CC. En ese marco, mencion\u00f3 que la idea es dar seguridad jur\u00eddica tanto al Estado como a los inversionistas privados. Cr\u00edticas a la Corte Constitucional Manzano tambi\u00e9n cuestion\u00f3 a la Corte Constitucional, que trat\u00f3 el tema con rapidez. Para ella, el debate jur\u00eddico ha estado atravesado por interpretaciones t\u00e9cnicas deficientes. \u201cEste es un tema desde el a\u00f1o 2021. Y hay un resorteo y etc\u00e9tera, entonces cambian y de repente, en menos de un mes, se vuelven expertos el\u00e9ctricos, pero muy malos expertos el\u00e9ctricos como otros que yo conozco. Pero en la Corte, realmente, lo que se ve es que no entendieron todo el art\u00edculo\u201d, dijo en el medio mencionado. La ministra adicionalmente asegur\u00f3 que no se paralizan las delegaciones al sector privado, pero s\u00ed deber\u00e1n replantear algunos procesos. Hay proyectos en marcha como un ciclo combinado de\u00a0340 megavatios\u00a0a cargo de\u00a0Celec, que ser\u00e1 ejecutado con la empresa italiana Ansaldo. Ese se aprob\u00f3 el 31 de diciembre de 2025. \u00bfHabr\u00e1 apagones? In\u00e9s Manzano fue enf\u00e1tica en que no habr\u00e1 apagones en el 2026, ya que se han realizado procesos para potenciar la\u00a0matriz energ\u00e9tica. Por ejemplo se ha comprado energ\u00eda a Colombia y se han repotenciado algunas subestaciones. Adem\u00e1s se recuperaron cerca de 838 megavatios; de ellos, 264 son de la\u00a0hidroel\u00e9ctrica\u00a0Yurimagua. A estos se suman la generaci\u00f3n t\u00e9rmica flotante y\u00a0rehabilitaci\u00f3n de centrales. \u201cHay que hacer todo lo que tengas en tus manos, porque a m\u00ed lo que me importa es que haya energ\u00eda para todos\u201d, manifest\u00f3 la titular del ramo. \u00bfPor qu\u00e9 se pidi\u00f3 a los privados que prendieran sus generadores? La ministra de Ambiente y Energ\u00eda dijo que el pedido a las empresas privadas de que prendieran sus generadores es una estrategia para comprarles\u00a0energ\u00eda. \u201cNo es obligatorio. Hay que ayudar a la inversi\u00f3n que tienen los privados. Tenemos 470 megavatios de privados que invirtieron en generadores el\u00e9ctricos\u201d, recalc\u00f3 Manzano. El pedido se enmarca en la disposici\u00f3n de\u00a0Cenace\u00a0que dice que es voluntario y el \u00fanico requisito obligatorio es que te califiques para posteriormente recibir la remuneraci\u00f3n. \u201cSe les paga; no es gratis\u201d, indic\u00f3. Y aclar\u00f3 que \u201cNo es un pedido de\u00a0desconexi\u00f3n. Es pedido de que si tienes generador, con\u00e9ctate. V\u00e9ndeme energ\u00eda; as\u00ed como le compro a Colombia le puedo comprar a los privados y ayudo a quienes hicieron la inversi\u00f3n\u201d. Mencion\u00f3 a empresas que ya lo han conectado sus sistemas como Pronaca, Santa Priscila y El Coral. Tambi\u00e9n hay otras en Cuenca.<\/p>\n","protected":false},"author":1,"featured_media":28736,"comment_status":"closed","ping_status":"closed","sticky":false,"template":"","format":"standard","meta":{"footnotes":""},"categories":[268],"tags":[],"class_list":["post-28735","post","type-post","status-publish","format-standard","has-post-thumbnail","hentry","category-nacionales"],"_links":{"self":[{"href":"https:\/\/www.elamazonico.com\/portal\/wp-json\/wp\/v2\/posts\/28735","targetHints":{"allow":["GET"]}}],"collection":[{"href":"https:\/\/www.elamazonico.com\/portal\/wp-json\/wp\/v2\/posts"}],"about":[{"href":"https:\/\/www.elamazonico.com\/portal\/wp-json\/wp\/v2\/types\/post"}],"author":[{"embeddable":true,"href":"https:\/\/www.elamazonico.com\/portal\/wp-json\/wp\/v2\/users\/1"}],"replies":[{"embeddable":true,"href":"https:\/\/www.elamazonico.com\/portal\/wp-json\/wp\/v2\/comments?post=28735"}],"version-history":[{"count":1,"href":"https:\/\/www.elamazonico.com\/portal\/wp-json\/wp\/v2\/posts\/28735\/revisions"}],"predecessor-version":[{"id":28737,"href":"https:\/\/www.elamazonico.com\/portal\/wp-json\/wp\/v2\/posts\/28735\/revisions\/28737"}],"wp:featuredmedia":[{"embeddable":true,"href":"https:\/\/www.elamazonico.com\/portal\/wp-json\/wp\/v2\/media\/28736"}],"wp:attachment":[{"href":"https:\/\/www.elamazonico.com\/portal\/wp-json\/wp\/v2\/media?parent=28735"}],"wp:term":[{"taxonomy":"category","embeddable":true,"href":"https:\/\/www.elamazonico.com\/portal\/wp-json\/wp\/v2\/categories?post=28735"},{"taxonomy":"post_tag","embeddable":true,"href":"https:\/\/www.elamazonico.com\/portal\/wp-json\/wp\/v2\/tags?post=28735"}],"curies":[{"name":"wp","href":"https:\/\/api.w.org\/{rel}","templated":true}]}}