{"id":28729,"date":"2026-01-13T10:04:25","date_gmt":"2026-01-13T15:04:25","guid":{"rendered":"https:\/\/www.elamazonico.com\/portal\/?p=28729"},"modified":"2026-01-13T10:04:25","modified_gmt":"2026-01-13T15:04:25","slug":"cayo-alias-la-senora-en-guayaquil-habria-enviado-20-toneladas-de-droga-al-exterior","status":"publish","type":"post","link":"https:\/\/www.elamazonico.com\/portal\/cayo-alias-la-senora-en-guayaquil-habria-enviado-20-toneladas-de-droga-al-exterior\/","title":{"rendered":"Cay\u00f3 alias &#8216;La Se\u00f1ora&#8217; en Guayaquil: habr\u00eda enviado 20 toneladas de droga al exterior"},"content":{"rendered":"<div class=\"paragraph texto\">\n<p class=\"p_0\">La\u00a0<a href=\"https:\/\/www.vistazo.com\/actualidad\/nacional\/2025-12-15-policia-desplego-operativo-presunto-explosivo-suburbio-guayaquil-IC10565962\">Polic\u00eda Nacional del Ecuador<\/a>\u00a0inform\u00f3 sobre la detenci\u00f3n de Carmen M.,<u><b>\u00a0alias \u2018La Se\u00f1ora\u2019<\/b><\/u>, quien habr\u00eda enviado aproximadamente\u00a0<b>20 toneladas de droga hacia el exterior<\/b>.<\/p>\n<p class=\"p_1\">El operativo se llev\u00f3 a cabo en el\u00a0<u><b>Aeropuerto Internacional de Guayaquil<\/b><\/u>\u00a0como resultado de labores investigativas coordinadas con\u00a0<u><b>Homeland Security Investigations (HSI).<\/b><\/u><\/p>\n<\/div>\n<div class=\"Citavistazo\">\u201cEst\u00e1 presuntamente vinculada al delito de tr\u00e1fico il\u00edcito de sustancias catalogadas sujetas a fiscalizaci\u00f3n\u201d, escribi\u00f3 la Polic\u00eda sobre la mujer.<\/div>\n<div class=\"html_text\">\n<div class=\"twitter-tweet twitter-tweet-rendered\"><iframe id=\"twitter-widget-0\" class=\"\" title=\"X Post\" src=\"https:\/\/platform.twitter.com\/embed\/Tweet.html?dnt=false&amp;embedId=twitter-widget-0&amp;features=eyJ0ZndfdGltZWxpbmVfbGlzdCI6eyJidWNrZXQiOltdLCJ2ZXJzaW9uIjpudWxsfSwidGZ3X2ZvbGxvd2VyX2NvdW50X3N1bnNldCI6eyJidWNrZXQiOnRydWUsInZlcnNpb24iOm51bGx9LCJ0ZndfdHdlZXRfZWRpdF9iYWNrZW5kIjp7ImJ1Y2tldCI6Im9uIiwidmVyc2lvbiI6bnVsbH0sInRmd19yZWZzcmNfc2Vzc2lvbiI6eyJidWNrZXQiOiJvbiIsInZlcnNpb24iOm51bGx9LCJ0ZndfZm9zbnJfc29mdF9pbnRlcnZlbnRpb25zX2VuYWJsZWQiOnsiYnVja2V0Ijoib24iLCJ2ZXJzaW9uIjpudWxsfSwidGZ3X21peGVkX21lZGlhXzE1ODk3Ijp7ImJ1Y2tldCI6InRyZWF0bWVudCIsInZlcnNpb24iOm51bGx9LCJ0ZndfZXhwZXJpbWVudHNfY29va2llX2V4cGlyYXRpb24iOnsiYnVja2V0IjoxMjA5NjAwLCJ2ZXJzaW9uIjpudWxsfSwidGZ3X3Nob3dfYmlyZHdhdGNoX3Bpdm90c19lbmFibGVkIjp7ImJ1Y2tldCI6Im9uIiwidmVyc2lvbiI6bnVsbH0sInRmd19kdXBsaWNhdGVfc2NyaWJlc190b19zZXR0aW5ncyI6eyJidWNrZXQiOiJvbiIsInZlcnNpb24iOm51bGx9LCJ0ZndfdXNlX3Byb2ZpbGVfaW1hZ2Vfc2hhcGVfZW5hYmxlZCI6eyJidWNrZXQiOiJvbiIsInZlcnNpb24iOm51bGx9LCJ0ZndfdmlkZW9faGxzX2R5bmFtaWNfbWFuaWZlc3RzXzE1MDgyIjp7ImJ1Y2tldCI6InRydWVfYml0cmF0ZSIsInZlcnNpb24iOm51bGx9LCJ0ZndfbGVnYWN5X3RpbWVsaW5lX3N1bnNldCI6eyJidWNrZXQiOnRydWUsInZlcnNpb24iOm51bGx9LCJ0ZndfdHdlZXRfZWRpdF9mcm9udGVuZCI6eyJidWNrZXQiOiJvbiIsInZlcnNpb24iOm51bGx9fQ%3D%3D&amp;frame=false&amp;hideCard=false&amp;hideThread=false&amp;id=2010919793881166331&amp;lang=es&amp;maxWidth=560px&amp;origin=https%3A%2F%2Fwww.vistazo.com%2Factualidad%2Fnacional%2F2026-01-12-detienen-alias-la-senora-aeropuerto-guayaquil-enviado-20-toneladas-droga-exterior-IE10637971&amp;sessionId=e810c3a0c6a46e782cbc55855af96d81e600a841&amp;theme=light&amp;widgetsVersion=2615f7e52b7e0%3A1702314776716&amp;width=550px\" frameborder=\"0\" scrolling=\"no\" allowfullscreen=\"allowfullscreen\" data-tweet-id=\"2010919793881166331\" data-mce-fragment=\"1\"><\/iframe><\/div>\n<\/div>\n<div class=\"paragraph texto\">\n<p class=\"p_3\">Agreg\u00f3 que las investigaciones empezaron en el a\u00f1o 2020 y \u201cdeterminaron que la detenida habr\u00eda\u00a0<u><b>cumplido un rol como cabecilla de una organizaci\u00f3n criminal transnacional<\/b><\/u>, responsable del env\u00edo de aproximadamente 20 toneladas de droga hacia el exterior\u201d.<\/p>\n<p class=\"p_5\">Alias \u2018La Se\u00f1ora\u2019 fue\u00a0<u><b>puesta a \u00f3rdenes de la autoridad competente.<\/b><\/u><\/p>\n<p class=\"p_6\">Por el momento, las autoridades no han brindado mayores detalles sobre la banda a la que pertenece la mujer.<\/p>\n<\/div>\n","protected":false},"excerpt":{"rendered":"<p>La\u00a0Polic\u00eda Nacional del Ecuador\u00a0inform\u00f3 sobre la detenci\u00f3n de Carmen M.,\u00a0alias \u2018La Se\u00f1ora\u2019, quien habr\u00eda enviado aproximadamente\u00a020 toneladas de droga hacia el exterior. El operativo se llev\u00f3 a cabo en el\u00a0Aeropuerto Internacional de Guayaquil\u00a0como resultado de labores investigativas coordinadas con\u00a0Homeland Security Investigations (HSI). \u201cEst\u00e1 presuntamente vinculada al delito de tr\u00e1fico il\u00edcito de sustancias catalogadas sujetas a fiscalizaci\u00f3n\u201d, escribi\u00f3 la Polic\u00eda sobre la mujer. Agreg\u00f3 que las investigaciones empezaron en el a\u00f1o 2020 y \u201cdeterminaron que la detenida habr\u00eda\u00a0cumplido un rol como cabecilla de una organizaci\u00f3n criminal transnacional, responsable del env\u00edo de aproximadamente 20 toneladas de droga hacia el exterior\u201d. Alias \u2018La Se\u00f1ora\u2019 fue\u00a0puesta a \u00f3rdenes de la autoridad competente. Por el momento, las autoridades no han brindado mayores detalles sobre la banda a la que pertenece la mujer.<\/p>\n","protected":false},"author":1,"featured_media":28730,"comment_status":"closed","ping_status":"closed","sticky":false,"template":"","format":"standard","meta":{"footnotes":""},"categories":[268],"tags":[],"class_list":["post-28729","post","type-post","status-publish","format-standard","has-post-thumbnail","hentry","category-nacionales"],"_links":{"self":[{"href":"https:\/\/www.elamazonico.com\/portal\/wp-json\/wp\/v2\/posts\/28729","targetHints":{"allow":["GET"]}}],"collection":[{"href":"https:\/\/www.elamazonico.com\/portal\/wp-json\/wp\/v2\/posts"}],"about":[{"href":"https:\/\/www.elamazonico.com\/portal\/wp-json\/wp\/v2\/types\/post"}],"author":[{"embeddable":true,"href":"https:\/\/www.elamazonico.com\/portal\/wp-json\/wp\/v2\/users\/1"}],"replies":[{"embeddable":true,"href":"https:\/\/www.elamazonico.com\/portal\/wp-json\/wp\/v2\/comments?post=28729"}],"version-history":[{"count":1,"href":"https:\/\/www.elamazonico.com\/portal\/wp-json\/wp\/v2\/posts\/28729\/revisions"}],"predecessor-version":[{"id":28731,"href":"https:\/\/www.elamazonico.com\/portal\/wp-json\/wp\/v2\/posts\/28729\/revisions\/28731"}],"wp:featuredmedia":[{"embeddable":true,"href":"https:\/\/www.elamazonico.com\/portal\/wp-json\/wp\/v2\/media\/28730"}],"wp:attachment":[{"href":"https:\/\/www.elamazonico.com\/portal\/wp-json\/wp\/v2\/media?parent=28729"}],"wp:term":[{"taxonomy":"category","embeddable":true,"href":"https:\/\/www.elamazonico.com\/portal\/wp-json\/wp\/v2\/categories?post=28729"},{"taxonomy":"post_tag","embeddable":true,"href":"https:\/\/www.elamazonico.com\/portal\/wp-json\/wp\/v2\/tags?post=28729"}],"curies":[{"name":"wp","href":"https:\/\/api.w.org\/{rel}","templated":true}]}}