{"id":28726,"date":"2026-01-13T09:57:13","date_gmt":"2026-01-13T14:57:13","guid":{"rendered":"https:\/\/www.elamazonico.com\/portal\/?p=28726"},"modified":"2026-01-13T09:57:13","modified_gmt":"2026-01-13T14:57:13","slug":"ines-manzano-niega-obligatoriedad-de-desconexiones-electricas-a-las-empresas-si-tienes-generador-vendeme-la-energia","status":"publish","type":"post","link":"https:\/\/www.elamazonico.com\/portal\/ines-manzano-niega-obligatoriedad-de-desconexiones-electricas-a-las-empresas-si-tienes-generador-vendeme-la-energia\/","title":{"rendered":"In\u00e9s Manzano niega obligatoriedad de desconexiones el\u00e9ctricas a las empresas: &#8216;si tienes generador, v\u00e9ndeme la energ\u00eda&#8217;"},"content":{"rendered":"<div class=\"paragraph texto\">\n<p class=\"p_0\">La ministra de Ambiente y Energ\u00eda,\u00a0<b>In\u00e9s Manzano<\/b>, descart\u00f3 que Ecuador enfrente\u00a0<b><a href=\"https:\/\/www.vistazo.com\/actualidad\/nacional\/2026-01-11-ministerio-ambiente-energia-reformas-legales-sector-electrico-fallo-corte-constitucional-IE10634950\" target=\"_blank\" rel=\"noopener noreferrer\">apagones<\/a><\/b>\u00a0y rechaz\u00f3 que exista una obligaci\u00f3n para que el sector\u00a0<b>industrial<\/b>\u00a0se desconecte del sistema el\u00e9ctrico nacional. La funcionaria calific\u00f3 como falsas las versiones que hablan de apagados forzosos para las empresas.<\/p>\n<p class=\"p_2\">Durante una entrevista transmitida la noche de este lunes 12 de enero de 2026, Manzano fue enf\u00e1tica al negar que exista una imposici\u00f3n para que industrias deban dejar de consumir energ\u00eda por horas o d\u00edas. \u00abEs falso. Mentira. Que me lo digan en la cara, porque hay un oficio de la Empresa El\u00e9ctrica de Quito y no puede ser obligatorio\u00bb, sostuvo.<\/p>\n<p class=\"p_3\">Asimismo, explic\u00f3 que hay 470 megavatios provenientes de\u00a0<b>generadores privados<\/b>\u00a0que invirtieron en producci\u00f3n el\u00e9ctrica y que pueden aportar al sistema nacional.<\/p>\n<p class=\"p_4\">Manzano aclar\u00f3 que existen disposiciones vigentes desde 2023, cuando se inici\u00f3 la\u00a0<b>crisis energ\u00e9tica<\/b>, que regulan la participaci\u00f3n del sector industrial, pero aclar\u00f3 que la resoluci\u00f3n del CENACE establece que su aporte es\u00a0<b>voluntario<\/b>.<\/p>\n<p class=\"p_5\">\u00abLo \u00fanico que es obligatorio es que tienes que calificar, porque se les\u00a0<b>paga<\/b>. El pedido es que\u00a0<u>si tienes generador, con\u00e9ctate, v\u00e9ndeme la energ\u00eda<\/u>, as\u00ed como se le compra a Colombia, se puede comprar a los privados que invirtieron en generaci\u00f3n\u00bb, enfatiz\u00f3.<\/p>\n<div id=\"teads0\" class=\"teads-player native\"><strong>Incentivos por generaci\u00f3n el\u00e9ctrica<\/strong><\/div>\n<\/div>\n<div class=\"paragraph texto\">\n<p class=\"p_6\">El Ministerio de Ambiente y Energ\u00eda inform\u00f3 adem\u00e1s que el plan estrat\u00e9gico para el sector el\u00e9ctrico contempla\u00a0<b>incentivos<\/b>\u00a0dirigidos a usuarios y empresas que cuentan con sistemas de autogeneraci\u00f3n.<\/p>\n<p class=\"p_8\">En ese marco, la\u00a0<b>Empresa El\u00e9ctrica Quit<\/b>o remiti\u00f3 una circular a DK Management Services y a otras\u00a0<b>compa\u00f1\u00edas<\/b>\u00a0que poseen equipos electr\u00f3genos, en cumplimiento de la Regulaci\u00f3n ARCONEL 003\/24.<\/p>\n<p class=\"p_9\">Seg\u00fan esta normativa, m\u00e1s de 500 equipos electr\u00f3genos se encuentran\u00a0<b>calificados<\/b>\u00a0a escala nacional. Actualmente, estos generadores ya aportan 176 megavatios al Sistema Nacional Interconectado, lo que refuerza la capacidad de abastecimiento el\u00e9ctrico del pa\u00eds.<\/p>\n<p class=\"p_10\">Manzano ha destacado que, a diferencia de lo ocurrido en 2024, cuando la falta de\u00a0<b>lluvias<\/b>\u00a0deriv\u00f3 en una crisis energ\u00e9tica, en 2026 el pa\u00eds cuenta con\u00a0<b>reservas<\/b>\u00a0suficientes. \u201cVamos a hacer una comparaci\u00f3n: en 2024 no hab\u00eda lluvias ni energ\u00eda; en 2026 no hay lluvias, pero s\u00ed hay energ\u00eda. \u00bfQu\u00e9 significa esto? Que lo que hicimos todo el a\u00f1o pasado, mantener nuestro embalse\u00a0<b>Mazar<\/b>, que es el m\u00e1s importante porque no es uno de pasada, siempre al tope\u00bb, explic\u00f3.<\/p>\n<p class=\"p_11\">La ministra subray\u00f3 que esta previsi\u00f3n permiti\u00f3 almacenar agua en \u00e9poca lluviosa y hoy aprovecharla, junto con el aporte de otras centrales hidroel\u00e9ctricas, para garantizar el suministro el\u00e9ctrico a escala nacional. <strong>Fuente: Vistazo<\/strong><\/p>\n<\/div>\n<div class=\"multimediaMacroWrapper img lateral\">\n<figure class=\"contentMedia art-img\">\n<div><img fetchpriority=\"high\" decoding=\"async\" class=\" lazyloaded\" title=\"In\u00e9s Manzano niega obligatoriedad de desconexiones el\u00e9ctricas a las empresas: 'si tienes generador, v\u00e9ndeme la energ\u00eda'\" src=\"https:\/\/www.vistazo.com\/placeholder\/svg\/viewbox\/768x1184\" sizes=\"100vw\" srcset=\"\/\/www.vistazo.com\/binrepository\/768x1184\/0c0\/0d0\/none\/12727\/QUXN\/oficio_2606111_20260113072423.jpg 768w,\/\/www.vistazo.com\/binrepository\/640x987\/0c0\/0d0\/none\/12727\/SDOI\/oficio_2606111_20260113072423.jpg 640w,\/\/www.vistazo.com\/binrepository\/512x789\/0c0\/0d0\/none\/12727\/SDAC\/oficio_2606111_20260113072423.jpg 512w,\/\/www.vistazo.com\/binrepository\/384x592\/0c0\/0d0\/none\/12727\/SDLI\/oficio_2606111_20260113072423.jpg 384w,\/\/www.vistazo.com\/binrepository\/300x463\/0c0\/0d0\/none\/12727\/SDKK\/oficio_2606111_20260113072423.jpg 300w\" alt=\"$!In\u00e9s Manzano niega obligatoriedad de desconexiones el\u00e9ctricas a las empresas: 'si tienes generador, v\u00e9ndeme la energ\u00eda'\" width=\"768\" height=\"1184\" data-srcset=\"\/\/www.vistazo.com\/binrepository\/768x1184\/0c0\/0d0\/none\/12727\/QUXN\/oficio_2606111_20260113072423.jpg 768w,\/\/www.vistazo.com\/binrepository\/640x987\/0c0\/0d0\/none\/12727\/SDOI\/oficio_2606111_20260113072423.jpg 640w,\/\/www.vistazo.com\/binrepository\/512x789\/0c0\/0d0\/none\/12727\/SDAC\/oficio_2606111_20260113072423.jpg 512w,\/\/www.vistazo.com\/binrepository\/384x592\/0c0\/0d0\/none\/12727\/SDLI\/oficio_2606111_20260113072423.jpg 384w,\/\/www.vistazo.com\/binrepository\/300x463\/0c0\/0d0\/none\/12727\/SDKK\/oficio_2606111_20260113072423.jpg 300w\" \/><\/div>\n<\/figure>\n<\/div>\n","protected":false},"excerpt":{"rendered":"<p>La ministra de Ambiente y Energ\u00eda,\u00a0In\u00e9s Manzano, descart\u00f3 que Ecuador enfrente\u00a0apagones\u00a0y rechaz\u00f3 que exista una obligaci\u00f3n para que el sector\u00a0industrial\u00a0se desconecte del sistema el\u00e9ctrico nacional. La funcionaria calific\u00f3 como falsas las versiones que hablan de apagados forzosos para las empresas. Durante una entrevista transmitida la noche de este lunes 12 de enero de 2026, Manzano fue enf\u00e1tica al negar que exista una imposici\u00f3n para que industrias deban dejar de consumir energ\u00eda por horas o d\u00edas. \u00abEs falso. Mentira. Que me lo digan en la cara, porque hay un oficio de la Empresa El\u00e9ctrica de Quito y no puede ser obligatorio\u00bb, sostuvo. Asimismo, explic\u00f3 que hay 470 megavatios provenientes de\u00a0generadores privados\u00a0que invirtieron en producci\u00f3n el\u00e9ctrica y que pueden aportar al sistema nacional. Manzano aclar\u00f3 que existen disposiciones vigentes desde 2023, cuando se inici\u00f3 la\u00a0crisis energ\u00e9tica, que regulan la participaci\u00f3n del sector industrial, pero aclar\u00f3 que la resoluci\u00f3n del CENACE establece que su aporte es\u00a0voluntario. \u00abLo \u00fanico que es obligatorio es que tienes que calificar, porque se les\u00a0paga. El pedido es que\u00a0si tienes generador, con\u00e9ctate, v\u00e9ndeme la energ\u00eda, as\u00ed como se le compra a Colombia, se puede comprar a los privados que invirtieron en generaci\u00f3n\u00bb, enfatiz\u00f3. Incentivos por generaci\u00f3n el\u00e9ctrica El Ministerio de Ambiente y Energ\u00eda inform\u00f3 adem\u00e1s que el plan estrat\u00e9gico para el sector el\u00e9ctrico contempla\u00a0incentivos\u00a0dirigidos a usuarios y empresas que cuentan con sistemas de autogeneraci\u00f3n. En ese marco, la\u00a0Empresa El\u00e9ctrica Quito remiti\u00f3 una circular a DK Management Services y a otras\u00a0compa\u00f1\u00edas\u00a0que poseen equipos electr\u00f3genos, en cumplimiento de la Regulaci\u00f3n ARCONEL 003\/24. Seg\u00fan esta normativa, m\u00e1s de 500 equipos electr\u00f3genos se encuentran\u00a0calificados\u00a0a escala nacional. Actualmente, estos generadores ya aportan 176 megavatios al Sistema Nacional Interconectado, lo que refuerza la capacidad de abastecimiento el\u00e9ctrico del pa\u00eds. Manzano ha destacado que, a diferencia de lo ocurrido en 2024, cuando la falta de\u00a0lluvias\u00a0deriv\u00f3 en una crisis energ\u00e9tica, en 2026 el pa\u00eds cuenta con\u00a0reservas\u00a0suficientes. \u201cVamos a hacer una comparaci\u00f3n: en 2024 no hab\u00eda lluvias ni energ\u00eda; en 2026 no hay lluvias, pero s\u00ed hay energ\u00eda. \u00bfQu\u00e9 significa esto? Que lo que hicimos todo el a\u00f1o pasado, mantener nuestro embalse\u00a0Mazar, que es el m\u00e1s importante porque no es uno de pasada, siempre al tope\u00bb, explic\u00f3. La ministra subray\u00f3 que esta previsi\u00f3n permiti\u00f3 almacenar agua en \u00e9poca lluviosa y hoy aprovecharla, junto con el aporte de otras centrales hidroel\u00e9ctricas, para garantizar el suministro el\u00e9ctrico a escala nacional. Fuente: Vistazo<\/p>\n","protected":false},"author":1,"featured_media":28727,"comment_status":"closed","ping_status":"closed","sticky":false,"template":"","format":"standard","meta":{"footnotes":""},"categories":[268],"tags":[],"class_list":["post-28726","post","type-post","status-publish","format-standard","has-post-thumbnail","hentry","category-nacionales"],"_links":{"self":[{"href":"https:\/\/www.elamazonico.com\/portal\/wp-json\/wp\/v2\/posts\/28726","targetHints":{"allow":["GET"]}}],"collection":[{"href":"https:\/\/www.elamazonico.com\/portal\/wp-json\/wp\/v2\/posts"}],"about":[{"href":"https:\/\/www.elamazonico.com\/portal\/wp-json\/wp\/v2\/types\/post"}],"author":[{"embeddable":true,"href":"https:\/\/www.elamazonico.com\/portal\/wp-json\/wp\/v2\/users\/1"}],"replies":[{"embeddable":true,"href":"https:\/\/www.elamazonico.com\/portal\/wp-json\/wp\/v2\/comments?post=28726"}],"version-history":[{"count":1,"href":"https:\/\/www.elamazonico.com\/portal\/wp-json\/wp\/v2\/posts\/28726\/revisions"}],"predecessor-version":[{"id":28728,"href":"https:\/\/www.elamazonico.com\/portal\/wp-json\/wp\/v2\/posts\/28726\/revisions\/28728"}],"wp:featuredmedia":[{"embeddable":true,"href":"https:\/\/www.elamazonico.com\/portal\/wp-json\/wp\/v2\/media\/28727"}],"wp:attachment":[{"href":"https:\/\/www.elamazonico.com\/portal\/wp-json\/wp\/v2\/media?parent=28726"}],"wp:term":[{"taxonomy":"category","embeddable":true,"href":"https:\/\/www.elamazonico.com\/portal\/wp-json\/wp\/v2\/categories?post=28726"},{"taxonomy":"post_tag","embeddable":true,"href":"https:\/\/www.elamazonico.com\/portal\/wp-json\/wp\/v2\/tags?post=28726"}],"curies":[{"name":"wp","href":"https:\/\/api.w.org\/{rel}","templated":true}]}}