{"id":28719,"date":"2026-01-13T07:56:24","date_gmt":"2026-01-13T12:56:24","guid":{"rendered":"https:\/\/www.elamazonico.com\/portal\/?p=28719"},"modified":"2026-01-13T07:56:24","modified_gmt":"2026-01-13T12:56:24","slug":"jose-suing-renuncia-a-la-presidencia-de-la-corte-nacional-de-justicia-y-su-reemplazo-queda-en-suspenso","status":"publish","type":"post","link":"https:\/\/www.elamazonico.com\/portal\/jose-suing-renuncia-a-la-presidencia-de-la-corte-nacional-de-justicia-y-su-reemplazo-queda-en-suspenso\/","title":{"rendered":"Jos\u00e9 Suing renuncia a la presidencia de la Corte Nacional de Justicia y su reemplazo queda en suspenso"},"content":{"rendered":"<p>La sesi\u00f3n extraordinaria del Pleno de la Corte Nacional de Justicia (CNJ) tuvo un giro inesperado este lunes, 12 de enero de 2026, cuando el juez Jos\u00e9 Suing renunci\u00f3 como presidente encargado, antes de que se instalara para decidir si continuaba en el cargo o se nombraba un reemplazo.<\/p>\n<p>La renuncia de Suing oblig\u00f3 a Daniella Camacho, la jueza con mayor antig\u00fcedad en el organismo, a asumir temporalmente las riendas del alto tribunal. Pero clausur\u00f3 la sesi\u00f3n enseguida, sin que se evidenciaran consensos para designar de inmediato a un reemplazo de Suing.<\/p>\n<p>Tambi\u00e9n, antes de la instalaci\u00f3n de esta sesi\u00f3n, la jueza Enma Tapia renunci\u00f3 como presidenta subrogante, por lo que se\u00f1al\u00f3 que se deber\u00e1 discutir qui\u00e9n la preside.<\/p>\n<p>A continuaci\u00f3n puede revisar una actualizaci\u00f3n en tiempo real de esta sesi\u00f3n:<\/p>\n<p>12\/01\/2026<\/p>\n<p>17:00 <strong>\u00bfLa Corte Nacional queda en acefal\u00eda con la renuncia de Suing?<\/strong><br \/>\nEl art\u00edculo 198 del C\u00f3digo Org\u00e1nico de la Funci\u00f3n Judicial dice que \u00aben caso de impedimento o ausencia temporal, le subrogar\u00e1 la jueza o juez m\u00e1s antiguo; de haber dos o m\u00e1s designados al mismo tiempo, lo ser\u00e1 el primer nombrado. Si la ausencia es definitiva, se convocar\u00e1 de inmediato al Pleno para elegir nueva Presidenta o Presidente, quien \u00fanicamente completar\u00e1 el per\u00edodo\u00bb.<\/p>\n<p>12\/01\/2026<\/p>\n<p>16:57\u00a0<strong>Daniella Camacho clausura sesi\u00f3n extraordinaria de la Corte Nacional<\/strong><br \/>\nLa jueza Daniella Camacho clausur\u00f3 la sesi\u00f3n y dej\u00f3 en suspenso la elecci\u00f3n del reemplazo de Jos\u00e9 Suing como presidente encargado de la Corte Nacional de Justicia, debido a que dio un paso al costado antes de que se instalara la reuni\u00f3n extraordinaria.<\/p>\n<p>Daniella Camacho, jueza de la Corte Nacional de Justicia, en la audiencia de revisi\u00f3n de medidas cautelares en el caso Ligados, el 6 de mayo de 2025.CNJ<br \/>\n12\/01\/2026<\/p>\n<p>16:43\u00a0<strong>Jos\u00e9 Suing renuncia y Daniella Camacho lidera sesi\u00f3n del Pleno<\/strong><br \/>\n\u00abNo me aferro al cargo, no es parte de una ambici\u00f3n personal\u00bb, dijo el magistrado Jos\u00e9 Suing, quien present\u00f3 su renuncia al cargo de presidente encargado de la Corte Nacional, al tiempo de reconocer el \u00abescenario de tensi\u00f3n\u00bb en el alto tribunal por su respaldo a Mario Godoy.<\/p>\n<p>A su vez, Suing rechaz\u00f3 los ataques en contra de su familia en los \u00faltimos d\u00edas, en alusi\u00f3n a que en redes sociales se se\u00f1ala que uno de sus hijos habr\u00eda sido nombrado en una representaci\u00f3n diplom\u00e1tica de Ecuador en Espa\u00f1a.<\/p>\n<p>Lo dijo antes de que el Pleno de la Corte Nacional se instalara en la sesi\u00f3n extraordinaria. La vicepresidenta encargada, Emma Tapia, tambi\u00e9n renunci\u00f3 a este cargo.<\/p>\n<p>Al asumir el encargo, Daniella Camacho, jueza de mayor antig\u00fcedad, rechaz\u00f3 los ataques personales por \u00abparte de trolls\u00bb en contra de los jueces.<\/p>\n<p>12\/01\/2026<\/p>\n<p>16:30 <strong>\u00bfQui\u00e9n dirigir\u00e1 esta sesi\u00f3n del Pleno?<\/strong><br \/>\nLa presidenta subrogante, Enma Tapia, se\u00f1al\u00f3 que antes de la instalaci\u00f3n de la sesi\u00f3n debe resolverse qui\u00e9n la presidir\u00e1. La magistrada indic\u00f3 a Ecuavisa que Suing no puede hacerlo por tener un inter\u00e9s directo en el caso y que ella tampoco asumir\u00e1 esa funci\u00f3n, debido a que present\u00f3 su renuncia al cargo la ma\u00f1ana de este martes.<\/p>\n<p>Para Tapia, la\u00a0jueza Daniella Camacho\u00a0debe dirigir la sesi\u00f3n, bajo el mismo criterio con el que\u00a0Jos\u00e9 Suing\u00a0la presidi\u00f3 en febrero de 2024, cuando revisaron la presidencia de Iv\u00e1n Saquicela. Camacho es la jueza con mayor antiguedad en la Corte.<\/p>\n<p>12\/01\/2026<\/p>\n<p>16:30 <strong>\u00bfQui\u00e9nes decidir\u00e1n la suerte de Jos\u00e9 Suing?<\/strong><br \/>\nUno de los puntos que genera mayor pol\u00e9mica es qui\u00e9nes est\u00e1n facultados para votar a favor de la destituci\u00f3n o ratificaci\u00f3n de Suing. Al menos nueve de los 13 jueces titulares sostienen que \u00fanicamente ellos pueden tomar esa decisi\u00f3n, tal como ocurri\u00f3 durante su designaci\u00f3n. Sin embargo, Suing tambi\u00e9n convoc\u00f3 a ocho jueces temporales para completar los 21 integrantes del Pleno.<\/p>\n<p>12\/01\/2026<\/p>\n<p>16:30\u00a0<strong>\u00bfCu\u00e1l es el orden del d\u00eda de la sesi\u00f3n del Pleno?<\/strong><br \/>\nEl orden del d\u00eda tiene como \u00fanico punto: \u00abconocimiento y resoluci\u00f3n sobre el encargo realizado a las autoridades de la Corte Nacional de Justicia\u00bb.<\/p>\n<p>12\/01\/2026<\/p>\n<p>16:30\u00a0<strong>\u00bfPor qu\u00e9 se da esta reuni\u00f3n?<\/strong><br \/>\nJos\u00e9 Suing, presidente de la Corte, se vio orillado a convocar al Pleno, tras su respaldo a Mario Godoy, presidente del Consejo de la Judicatura.<\/p>\n<p>En su momento, Suing impuls\u00f3 la nominaci\u00f3n de Mario Godoy para la presidencia de la Judicatura y, lejos de exigirle explicaciones cuando el juez anticorrupci\u00f3n Carlos Serrano denunci\u00f3 presiones para favorecer a un narcotraficante serbio \u2014defendido por la esposa de Godoy\u2014, sostuvo que deb\u00eda respetarse el principio de inocencia.<\/p>\n<p>\u00abEs un tema delicado. Yo s\u00ed creo que todav\u00eda le cubre el principio de inocencia, todav\u00eda tenemos que pensar en el debido proceso, en el derecho de defensa que le asiste al doctor Godoy\u00bb, dijo Suing en el programa De Lunes a Lunes de Teleamazonas, el 5 de enero.<\/p>\n<p>Jos\u00e9 Suing Nagua se desempe\u00f1aba como presidente encargado de la Corte Nacional de Justicia desde el 7 de febrero de 2024, cuando fue elegido por los jueces de ese tribunal en reemplazo de Iv\u00e1n Saquicela Rodas. <strong>Fuente: Primicias<\/strong><\/p>\n","protected":false},"excerpt":{"rendered":"<p>La sesi\u00f3n extraordinaria del Pleno de la Corte Nacional de Justicia (CNJ) tuvo un giro inesperado este lunes, 12 de enero de 2026, cuando el juez Jos\u00e9 Suing renunci\u00f3 como presidente encargado, antes de que se instalara para decidir si continuaba en el cargo o se nombraba un reemplazo. La renuncia de Suing oblig\u00f3 a Daniella Camacho, la jueza con mayor antig\u00fcedad en el organismo, a asumir temporalmente las riendas del alto tribunal. Pero clausur\u00f3 la sesi\u00f3n enseguida, sin que se evidenciaran consensos para designar de inmediato a un reemplazo de Suing. Tambi\u00e9n, antes de la instalaci\u00f3n de esta sesi\u00f3n, la jueza Enma Tapia renunci\u00f3 como presidenta subrogante, por lo que se\u00f1al\u00f3 que se deber\u00e1 discutir qui\u00e9n la preside. A continuaci\u00f3n puede revisar una actualizaci\u00f3n en tiempo real de esta sesi\u00f3n: 12\/01\/2026 17:00 \u00bfLa Corte Nacional queda en acefal\u00eda con la renuncia de Suing? El art\u00edculo 198 del C\u00f3digo Org\u00e1nico de la Funci\u00f3n Judicial dice que \u00aben caso de impedimento o ausencia temporal, le subrogar\u00e1 la jueza o juez m\u00e1s antiguo; de haber dos o m\u00e1s designados al mismo tiempo, lo ser\u00e1 el primer nombrado. Si la ausencia es definitiva, se convocar\u00e1 de inmediato al Pleno para elegir nueva Presidenta o Presidente, quien \u00fanicamente completar\u00e1 el per\u00edodo\u00bb. 12\/01\/2026 16:57\u00a0Daniella Camacho clausura sesi\u00f3n extraordinaria de la Corte Nacional La jueza Daniella Camacho clausur\u00f3 la sesi\u00f3n y dej\u00f3 en suspenso la elecci\u00f3n del reemplazo de Jos\u00e9 Suing como presidente encargado de la Corte Nacional de Justicia, debido a que dio un paso al costado antes de que se instalara la reuni\u00f3n extraordinaria. Daniella Camacho, jueza de la Corte Nacional de Justicia, en la audiencia de revisi\u00f3n de medidas cautelares en el caso Ligados, el 6 de mayo de 2025.CNJ 12\/01\/2026 16:43\u00a0Jos\u00e9 Suing renuncia y Daniella Camacho lidera sesi\u00f3n del Pleno \u00abNo me aferro al cargo, no es parte de una ambici\u00f3n personal\u00bb, dijo el magistrado Jos\u00e9 Suing, quien present\u00f3 su renuncia al cargo de presidente encargado de la Corte Nacional, al tiempo de reconocer el \u00abescenario de tensi\u00f3n\u00bb en el alto tribunal por su respaldo a Mario Godoy. A su vez, Suing rechaz\u00f3 los ataques en contra de su familia en los \u00faltimos d\u00edas, en alusi\u00f3n a que en redes sociales se se\u00f1ala que uno de sus hijos habr\u00eda sido nombrado en una representaci\u00f3n diplom\u00e1tica de Ecuador en Espa\u00f1a. Lo dijo antes de que el Pleno de la Corte Nacional se instalara en la sesi\u00f3n extraordinaria. La vicepresidenta encargada, Emma Tapia, tambi\u00e9n renunci\u00f3 a este cargo. Al asumir el encargo, Daniella Camacho, jueza de mayor antig\u00fcedad, rechaz\u00f3 los ataques personales por \u00abparte de trolls\u00bb en contra de los jueces. 12\/01\/2026 16:30 \u00bfQui\u00e9n dirigir\u00e1 esta sesi\u00f3n del Pleno? La presidenta subrogante, Enma Tapia, se\u00f1al\u00f3 que antes de la instalaci\u00f3n de la sesi\u00f3n debe resolverse qui\u00e9n la presidir\u00e1. La magistrada indic\u00f3 a Ecuavisa que Suing no puede hacerlo por tener un inter\u00e9s directo en el caso y que ella tampoco asumir\u00e1 esa funci\u00f3n, debido a que present\u00f3 su renuncia al cargo la ma\u00f1ana de este martes. Para Tapia, la\u00a0jueza Daniella Camacho\u00a0debe dirigir la sesi\u00f3n, bajo el mismo criterio con el que\u00a0Jos\u00e9 Suing\u00a0la presidi\u00f3 en febrero de 2024, cuando revisaron la presidencia de Iv\u00e1n Saquicela. Camacho es la jueza con mayor antiguedad en la Corte. 12\/01\/2026 16:30 \u00bfQui\u00e9nes decidir\u00e1n la suerte de Jos\u00e9 Suing? Uno de los puntos que genera mayor pol\u00e9mica es qui\u00e9nes est\u00e1n facultados para votar a favor de la destituci\u00f3n o ratificaci\u00f3n de Suing. Al menos nueve de los 13 jueces titulares sostienen que \u00fanicamente ellos pueden tomar esa decisi\u00f3n, tal como ocurri\u00f3 durante su designaci\u00f3n. Sin embargo, Suing tambi\u00e9n convoc\u00f3 a ocho jueces temporales para completar los 21 integrantes del Pleno. 12\/01\/2026 16:30\u00a0\u00bfCu\u00e1l es el orden del d\u00eda de la sesi\u00f3n del Pleno? El orden del d\u00eda tiene como \u00fanico punto: \u00abconocimiento y resoluci\u00f3n sobre el encargo realizado a las autoridades de la Corte Nacional de Justicia\u00bb. 12\/01\/2026 16:30\u00a0\u00bfPor qu\u00e9 se da esta reuni\u00f3n? Jos\u00e9 Suing, presidente de la Corte, se vio orillado a convocar al Pleno, tras su respaldo a Mario Godoy, presidente del Consejo de la Judicatura. En su momento, Suing impuls\u00f3 la nominaci\u00f3n de Mario Godoy para la presidencia de la Judicatura y, lejos de exigirle explicaciones cuando el juez anticorrupci\u00f3n Carlos Serrano denunci\u00f3 presiones para favorecer a un narcotraficante serbio \u2014defendido por la esposa de Godoy\u2014, sostuvo que deb\u00eda respetarse el principio de inocencia. \u00abEs un tema delicado. Yo s\u00ed creo que todav\u00eda le cubre el principio de inocencia, todav\u00eda tenemos que pensar en el debido proceso, en el derecho de defensa que le asiste al doctor Godoy\u00bb, dijo Suing en el programa De Lunes a Lunes de Teleamazonas, el 5 de enero. Jos\u00e9 Suing Nagua se desempe\u00f1aba como presidente encargado de la Corte Nacional de Justicia desde el 7 de febrero de 2024, cuando fue elegido por los jueces de ese tribunal en reemplazo de Iv\u00e1n Saquicela Rodas. Fuente: Primicias<\/p>\n","protected":false},"author":1,"featured_media":28720,"comment_status":"closed","ping_status":"closed","sticky":false,"template":"","format":"standard","meta":{"footnotes":""},"categories":[268],"tags":[],"class_list":["post-28719","post","type-post","status-publish","format-standard","has-post-thumbnail","hentry","category-nacionales"],"_links":{"self":[{"href":"https:\/\/www.elamazonico.com\/portal\/wp-json\/wp\/v2\/posts\/28719","targetHints":{"allow":["GET"]}}],"collection":[{"href":"https:\/\/www.elamazonico.com\/portal\/wp-json\/wp\/v2\/posts"}],"about":[{"href":"https:\/\/www.elamazonico.com\/portal\/wp-json\/wp\/v2\/types\/post"}],"author":[{"embeddable":true,"href":"https:\/\/www.elamazonico.com\/portal\/wp-json\/wp\/v2\/users\/1"}],"replies":[{"embeddable":true,"href":"https:\/\/www.elamazonico.com\/portal\/wp-json\/wp\/v2\/comments?post=28719"}],"version-history":[{"count":1,"href":"https:\/\/www.elamazonico.com\/portal\/wp-json\/wp\/v2\/posts\/28719\/revisions"}],"predecessor-version":[{"id":28721,"href":"https:\/\/www.elamazonico.com\/portal\/wp-json\/wp\/v2\/posts\/28719\/revisions\/28721"}],"wp:featuredmedia":[{"embeddable":true,"href":"https:\/\/www.elamazonico.com\/portal\/wp-json\/wp\/v2\/media\/28720"}],"wp:attachment":[{"href":"https:\/\/www.elamazonico.com\/portal\/wp-json\/wp\/v2\/media?parent=28719"}],"wp:term":[{"taxonomy":"category","embeddable":true,"href":"https:\/\/www.elamazonico.com\/portal\/wp-json\/wp\/v2\/categories?post=28719"},{"taxonomy":"post_tag","embeddable":true,"href":"https:\/\/www.elamazonico.com\/portal\/wp-json\/wp\/v2\/tags?post=28719"}],"curies":[{"name":"wp","href":"https:\/\/api.w.org\/{rel}","templated":true}]}}