{"id":28702,"date":"2026-01-12T12:00:57","date_gmt":"2026-01-12T17:00:57","guid":{"rendered":"https:\/\/www.elamazonico.com\/portal\/?p=28702"},"modified":"2026-01-12T12:01:01","modified_gmt":"2026-01-12T17:01:01","slug":"caudales-de-los-rios-que-alimentan-a-mazar-empiezan-a-recuperarse-tras-lluvias-en-el-sur-de-ecuador","status":"publish","type":"post","link":"https:\/\/www.elamazonico.com\/portal\/caudales-de-los-rios-que-alimentan-a-mazar-empiezan-a-recuperarse-tras-lluvias-en-el-sur-de-ecuador\/","title":{"rendered":"Caudales de los r\u00edos que alimentan a Mazar empiezan a recuperarse tras lluvias en el sur de Ecuador"},"content":{"rendered":"<p>La disminuci\u00f3n de lluvias desde diciembre de 2025 provoc\u00f3 la ca\u00edda acelerada del embalse de Mazar, ubicado en el sur de Ecuador. Pero, desde el 9 de enero, las precipitaciones han permitido que los r\u00edos de Cuenca, que alimentan el complejo hidroel\u00e9ctrico, empiecen a recuperarse.<\/p>\n<p>El jueves 8 de enero, tres de los cuatro r\u00edos de Cuenca se encontraban en estado bajo, con caudales inferiores a los 2 metros c\u00fabicos por segundo, indicadores que son preocupantes porque implican la disminuci\u00f3n de las reservas de agua.<\/p>\n<p>Pero desde ese d\u00eda hasta el 12 de enero, las lluvias han regresado al Austro ecuatoriano, aunque no con gran intensidad.<\/p>\n<p>Este lunes 12, los cuatro r\u00edos de Cuenca: Tomebamba, Yanuncay, Tarqui y Mach\u00e1ngara se encuentran en estado normal, seg\u00fan el reporte de la Red Hidrometeorol\u00f3gica de ETAPA.<\/p>\n<div class=\"container container-header datawrapper-eVZ9B-rpmls8\">\n<h3 class=\"block-headline datawrapper-eVZ9B-16cs784 \">Aumento de caudales de los r\u00edos de Cuenca<\/h3>\n<p class=\"block-description datawrapper-eVZ9B-1mtcx6q \">Que alimentan al embalse de Mazar, en el r\u00edo Paute<\/p>\n<\/div>\n<div id=\"chart\" class=\"dw-chart-body vis-height-fixed datawrapper-eVZ9B-2irvu4 svelte-labfc\">\n<div class=\"dw-chart-body-content svelte-labfc\" aria-hidden=\"false\">\n<div class=\"table-container svelte-1xam9h\">\n<div class=\"table-scroll svelte-1xam9h\">\n<table class=\"medium datawrapper-eVZ9B-1mt1bh3 svelte-1xam9h resortable\" cellspacing=\"0\">\n<caption class=\"sr-only\">Tabla con 3 columnas y 4 filas. Ordenado de forma ascendente<\/caption>\n<thead>\n<tr class=\"datawrapper-eVZ9B-1wbuely svelte-1xam9h\">\n<th class=\"first force-padding type-text inverted align-left resortable cell svelte-e11vcc\" colspan=\"1\" scope=\"col\" data-column=\"R\u00edo\" data-row=\"-1\"><button class=\"sort svelte-1xam9h\"><span class=\"content dw-bold\">R\u00edo<\/span><\/button><\/th>\n<th class=\"force-padding type-text inverted align-left resortable cell svelte-e11vcc\" colspan=\"1\" scope=\"col\" data-column=\"Caudal 8 de enero\" data-row=\"-1\"><button class=\"sort svelte-1xam9h\"><span class=\"content dw-bold\">Caudal 8 de enero<\/span><\/button><\/th>\n<th class=\"last force-padding type-text inverted align-left resortable cell svelte-e11vcc\" colspan=\"1\" scope=\"col\" data-column=\"Caudal 12 de enero*\" data-row=\"-1\"><button class=\"sort svelte-1xam9h\"><span class=\"content dw-bold\">Caudal 12 de enero*<\/span><\/button><\/th>\n<\/tr>\n<\/thead>\n<tbody>\n<tr class=\"datawrapper-eVZ9B-1c5djey svelte-1xam9h\">\n<th class=\"first force-padding type-text dw-bold align-left align-vertical-middle td cell svelte-5rcs0n\" colspan=\"1\" scope=\"row\">Tomebamba<\/th>\n<td class=\"force-padding type-text align-left align-vertical-middle td cell svelte-5rcs0n\" colspan=\"1\">2,10 metros c\u00fabicos por segundo (m3\/s)<\/td>\n<td class=\"last force-padding type-text align-left align-vertical-middle td cell svelte-5rcs0n\" colspan=\"1\">8,2 m3\/s<\/td>\n<\/tr>\n<tr class=\"datawrapper-eVZ9B-1c5djey svelte-1xam9h\">\n<th class=\"first force-padding type-text dw-bold align-left align-vertical-middle td cell svelte-5rcs0n\" colspan=\"1\" scope=\"row\">Yanuncay<\/th>\n<td class=\"force-padding type-text align-left align-vertical-middle td cell svelte-5rcs0n\" colspan=\"1\">1,66 m3\/s<\/td>\n<td class=\"last force-padding type-text align-left align-vertical-middle td cell svelte-5rcs0n\" colspan=\"1\">8,39 m3\/s<\/td>\n<\/tr>\n<tr class=\"datawrapper-eVZ9B-1c5djey svelte-1xam9h\">\n<th class=\"first force-padding type-text dw-bold align-left align-vertical-middle td cell svelte-5rcs0n\" colspan=\"1\" scope=\"row\">Tarqui<\/th>\n<td class=\"force-padding type-text align-left align-vertical-middle td cell svelte-5rcs0n\" colspan=\"1\">1,62 m3\/s<\/td>\n<td class=\"last force-padding type-text align-left align-vertical-middle td cell svelte-5rcs0n\" colspan=\"1\">4,14 m3\/s<\/td>\n<\/tr>\n<tr class=\"datawrapper-eVZ9B-1c5djey svelte-1xam9h\">\n<th class=\"first force-padding type-text dw-bold align-left align-vertical-middle td cell svelte-5rcs0n\" colspan=\"1\" scope=\"row\">Mach\u00e1ngara<\/th>\n<td class=\"force-padding type-text align-left align-vertical-middle td cell svelte-5rcs0n\" colspan=\"1\">1,53 m3\/s<\/td>\n<td class=\"last force-padding type-text align-left align-vertical-middle td cell svelte-5rcs0n\" colspan=\"1\">4,44 m3\/s<\/td>\n<\/tr>\n<\/tbody>\n<\/table>\n<\/div>\n<\/div>\n<\/div>\n<\/div>\n<p><strong>Pron\u00f3stico del clima en Cuenca<\/strong><br \/>\nLa probabilidad de lluvias para este lunes es de 82% en el d\u00eda y de 76% en la noche, seg\u00fan ETAPA. Adem\u00e1s, el pron\u00f3stico del clima indica que esta semana, hasta el domingo 18 de enero,\u00a0se esperan tormentas el\u00e9ctricas y chubascos en Cuenca.<\/p>\n<p>Los r\u00edos de Cuenca, al igual que otras ciudades del Austro, alimentan al r\u00edo Paute, cuyas aguas son aprovechadas para el Complejo Integral Paute-Molino,\u00a0de gran importancia para la generaci\u00f3n el\u00e9ctrica en Ecuador.<\/p>\n<p>Paute-Molino tiene tres centrales ubicadas en forma de cascada:\u00a0Mazar, Paute y Sopladora, entre Azuay y Ca\u00f1ar.<\/p>\n<p><img decoding=\"async\" src=\"https:\/\/imagenes.primicias.ec\/files\/image_original\/uploads\/2024\/07\/22\/669e29d5ecb24.jpeg\" alt=\"thumb\" \/><\/p>\n<p>&nbsp;<\/p>\n","protected":false},"excerpt":{"rendered":"<p>La disminuci\u00f3n de lluvias desde diciembre de 2025 provoc\u00f3 la ca\u00edda acelerada del embalse de Mazar, ubicado en el sur de Ecuador. Pero, desde el 9 de enero, las precipitaciones han permitido que los r\u00edos de Cuenca, que alimentan el complejo hidroel\u00e9ctrico, empiecen a recuperarse. El jueves 8 de enero, tres de los cuatro r\u00edos de Cuenca se encontraban en estado bajo, con caudales inferiores a los 2 metros c\u00fabicos por segundo, indicadores que son preocupantes porque implican la disminuci\u00f3n de las reservas de agua. Pero desde ese d\u00eda hasta el 12 de enero, las lluvias han regresado al Austro ecuatoriano, aunque no con gran intensidad. Este lunes 12, los cuatro r\u00edos de Cuenca: Tomebamba, Yanuncay, Tarqui y Mach\u00e1ngara se encuentran en estado normal, seg\u00fan el reporte de la Red Hidrometeorol\u00f3gica de ETAPA. Aumento de caudales de los r\u00edos de Cuenca Que alimentan al embalse de Mazar, en el r\u00edo Paute Tabla con 3 columnas y 4 filas. Ordenado de forma ascendente R\u00edo Caudal 8 de enero Caudal 12 de enero* Tomebamba 2,10 metros c\u00fabicos por segundo (m3\/s) 8,2 m3\/s Yanuncay 1,66 m3\/s 8,39 m3\/s Tarqui 1,62 m3\/s 4,14 m3\/s Mach\u00e1ngara 1,53 m3\/s 4,44 m3\/s Pron\u00f3stico del clima en Cuenca La probabilidad de lluvias para este lunes es de 82% en el d\u00eda y de 76% en la noche, seg\u00fan ETAPA. Adem\u00e1s, el pron\u00f3stico del clima indica que esta semana, hasta el domingo 18 de enero,\u00a0se esperan tormentas el\u00e9ctricas y chubascos en Cuenca. Los r\u00edos de Cuenca, al igual que otras ciudades del Austro, alimentan al r\u00edo Paute, cuyas aguas son aprovechadas para el Complejo Integral Paute-Molino,\u00a0de gran importancia para la generaci\u00f3n el\u00e9ctrica en Ecuador. Paute-Molino tiene tres centrales ubicadas en forma de cascada:\u00a0Mazar, Paute y Sopladora, entre Azuay y Ca\u00f1ar. &nbsp;<\/p>\n","protected":false},"author":1,"featured_media":28703,"comment_status":"closed","ping_status":"closed","sticky":false,"template":"","format":"standard","meta":{"footnotes":""},"categories":[268],"tags":[],"class_list":["post-28702","post","type-post","status-publish","format-standard","has-post-thumbnail","hentry","category-nacionales"],"_links":{"self":[{"href":"https:\/\/www.elamazonico.com\/portal\/wp-json\/wp\/v2\/posts\/28702","targetHints":{"allow":["GET"]}}],"collection":[{"href":"https:\/\/www.elamazonico.com\/portal\/wp-json\/wp\/v2\/posts"}],"about":[{"href":"https:\/\/www.elamazonico.com\/portal\/wp-json\/wp\/v2\/types\/post"}],"author":[{"embeddable":true,"href":"https:\/\/www.elamazonico.com\/portal\/wp-json\/wp\/v2\/users\/1"}],"replies":[{"embeddable":true,"href":"https:\/\/www.elamazonico.com\/portal\/wp-json\/wp\/v2\/comments?post=28702"}],"version-history":[{"count":1,"href":"https:\/\/www.elamazonico.com\/portal\/wp-json\/wp\/v2\/posts\/28702\/revisions"}],"predecessor-version":[{"id":28704,"href":"https:\/\/www.elamazonico.com\/portal\/wp-json\/wp\/v2\/posts\/28702\/revisions\/28704"}],"wp:featuredmedia":[{"embeddable":true,"href":"https:\/\/www.elamazonico.com\/portal\/wp-json\/wp\/v2\/media\/28703"}],"wp:attachment":[{"href":"https:\/\/www.elamazonico.com\/portal\/wp-json\/wp\/v2\/media?parent=28702"}],"wp:term":[{"taxonomy":"category","embeddable":true,"href":"https:\/\/www.elamazonico.com\/portal\/wp-json\/wp\/v2\/categories?post=28702"},{"taxonomy":"post_tag","embeddable":true,"href":"https:\/\/www.elamazonico.com\/portal\/wp-json\/wp\/v2\/tags?post=28702"}],"curies":[{"name":"wp","href":"https:\/\/api.w.org\/{rel}","templated":true}]}}