{"id":28637,"date":"2026-01-09T09:27:26","date_gmt":"2026-01-09T14:27:26","guid":{"rendered":"https:\/\/www.elamazonico.com\/portal\/?p=28637"},"modified":"2026-01-09T09:27:26","modified_gmt":"2026-01-09T14:27:26","slug":"venezuela-empiezan-a-liberar-a-los-presos-politicos","status":"publish","type":"post","link":"https:\/\/www.elamazonico.com\/portal\/venezuela-empiezan-a-liberar-a-los-presos-politicos\/","title":{"rendered":"Venezuela: Empiezan a liberar a los presos pol\u00edticos"},"content":{"rendered":"<p>La nueva administraci\u00f3n de\u00a0<strong>Venezuela<\/strong>\u00a0empez\u00f3 a liberar a los presos pol\u00edticos. Uno de los primeros en recuperar la libertad fue Enrique M\u00e1rquez, excandidato presidencial, quien estuvo detenido por desafiar la elecci\u00f3n de 2024.<\/p>\n<p>M\u00e1rquez acudi\u00f3 ante los tribunales para impugnar los resultados y termin\u00f3 en\u00a0<strong>El Helicoide<\/strong>, un sitio que es calificado como \u00abcentro de torturas\u00bb.<\/p>\n<p>En las im\u00e1genes, difundidas en las redes sociales, se observa a\u00a0<strong>M\u00e1rquez<\/strong>\u00a0abraz\u00e1ndose con amigos y familiares tras recuperar su libertad.<\/p>\n<p>El dirigente pol\u00edtico\u00a0<strong>Biagio Pilieri<\/strong>\u00a0tambi\u00e9n sali\u00f3 de la c\u00e1rcel. \u00c9l acompa\u00f1\u00f3 a M\u00e1rquez en la reuni\u00f3n con su familia.<\/p>\n<div class=\"twitter-tweet twitter-tweet-rendered\"><iframe id=\"twitter-widget-0\" class=\"\" title=\"X Post\" src=\"https:\/\/platform.twitter.com\/embed\/Tweet.html?dnt=false&amp;embedId=twitter-widget-0&amp;features=eyJ0ZndfdGltZWxpbmVfbGlzdCI6eyJidWNrZXQiOltdLCJ2ZXJzaW9uIjpudWxsfSwidGZ3X2ZvbGxvd2VyX2NvdW50X3N1bnNldCI6eyJidWNrZXQiOnRydWUsInZlcnNpb24iOm51bGx9LCJ0ZndfdHdlZXRfZWRpdF9iYWNrZW5kIjp7ImJ1Y2tldCI6Im9uIiwidmVyc2lvbiI6bnVsbH0sInRmd19yZWZzcmNfc2Vzc2lvbiI6eyJidWNrZXQiOiJvbiIsInZlcnNpb24iOm51bGx9LCJ0ZndfZm9zbnJfc29mdF9pbnRlcnZlbnRpb25zX2VuYWJsZWQiOnsiYnVja2V0Ijoib24iLCJ2ZXJzaW9uIjpudWxsfSwidGZ3X21peGVkX21lZGlhXzE1ODk3Ijp7ImJ1Y2tldCI6InRyZWF0bWVudCIsInZlcnNpb24iOm51bGx9LCJ0ZndfZXhwZXJpbWVudHNfY29va2llX2V4cGlyYXRpb24iOnsiYnVja2V0IjoxMjA5NjAwLCJ2ZXJzaW9uIjpudWxsfSwidGZ3X3Nob3dfYmlyZHdhdGNoX3Bpdm90c19lbmFibGVkIjp7ImJ1Y2tldCI6Im9uIiwidmVyc2lvbiI6bnVsbH0sInRmd19kdXBsaWNhdGVfc2NyaWJlc190b19zZXR0aW5ncyI6eyJidWNrZXQiOiJvbiIsInZlcnNpb24iOm51bGx9LCJ0ZndfdXNlX3Byb2ZpbGVfaW1hZ2Vfc2hhcGVfZW5hYmxlZCI6eyJidWNrZXQiOiJvbiIsInZlcnNpb24iOm51bGx9LCJ0ZndfdmlkZW9faGxzX2R5bmFtaWNfbWFuaWZlc3RzXzE1MDgyIjp7ImJ1Y2tldCI6InRydWVfYml0cmF0ZSIsInZlcnNpb24iOm51bGx9LCJ0ZndfbGVnYWN5X3RpbWVsaW5lX3N1bnNldCI6eyJidWNrZXQiOnRydWUsInZlcnNpb24iOm51bGx9LCJ0ZndfdHdlZXRfZWRpdF9mcm9udGVuZCI6eyJidWNrZXQiOiJvbiIsInZlcnNpb24iOm51bGx9fQ%3D%3D&amp;frame=false&amp;hideCard=false&amp;hideThread=false&amp;id=2009457582004392064&amp;lang=es&amp;maxWidth=560px&amp;origin=https%3A%2F%2Fwww.eltelegrafo.com.ec%2Fnoticias%2Finternacionales%2F211%2Fvenezuela-empiezan-liberar-presos-politicos&amp;sessionId=831e127ef35ae1a382f90ea60e0222ba58873df6&amp;theme=light&amp;widgetsVersion=2615f7e52b7e0%3A1702314776716&amp;width=550px\" frameborder=\"0\" scrolling=\"no\" allowfullscreen=\"allowfullscreen\" data-tweet-id=\"2009457582004392064\" data-mce-fragment=\"1\"><\/iframe><\/div>\n<p>En total, once personas han sido liberadas desde que\u00a0<a href=\"https:\/\/www.eltelegrafo.com.ec\/noticias\/internacionales\/211\/dea-maduro-objetivo-capturado-ee-uu\" target=\"_blank\" rel=\"noopener noreferrer\"><strong>Nicol\u00e1s Maduro<\/strong><\/a>\u00a0fue capturado por las Fuerzas Armadas de los\u00a0<strong>Estados Unidos<\/strong>\u00a0y oblig\u00f3 a una reestructuraci\u00f3n de la administraci\u00f3n venezolana.<\/p>\n<p>En la lista est\u00e1n: Biagio Pilieri,<strong>\u00a0Enrique Marquez,<\/strong>\u00a0Roc\u00edo San Miguel, Jos\u00e9 Mar\u00eda Basoa, Andr\u00e9s Mart\u00ednez Adasme, Miguel Moreno Dapena, Ernesto Gorbe Cardona, Alfredo Alvarado, Franklin Alvarado, Larry Osorio y\u00a0<strong>Alejandro Rebolledo.<\/strong><\/p>\n<p>Delcy Rodr\u00edguez, quien asumi\u00f3 el cargo que ejerc\u00eda Maduro, asegura que es un gesto de \u00abconvivencia pac\u00edfica\u00bb. Mientras, la Casa Blanca asegura que empieza a sentirse la influencia del presidente\u00a0<a href=\"https:\/\/www.eltelegrafo.com.ec\/noticias\/internacionales\/211\/trump-reunion-maria-corina-machado-venezuela-ee-uu\" target=\"_blank\" rel=\"noopener noreferrer\"><strong>Donald Trump.<\/strong><\/a><\/p>\n<p>Por su parte, la\u00a0<strong>Mesa de Unidad<\/strong>\u00a0emiti\u00f3 un comunicado indicando que espera que se materialicen m\u00e1s liberaciones.<\/p>\n","protected":false},"excerpt":{"rendered":"<p>La nueva administraci\u00f3n de\u00a0Venezuela\u00a0empez\u00f3 a liberar a los presos pol\u00edticos. Uno de los primeros en recuperar la libertad fue Enrique M\u00e1rquez, excandidato presidencial, quien estuvo detenido por desafiar la elecci\u00f3n de 2024. M\u00e1rquez acudi\u00f3 ante los tribunales para impugnar los resultados y termin\u00f3 en\u00a0El Helicoide, un sitio que es calificado como \u00abcentro de torturas\u00bb. En las im\u00e1genes, difundidas en las redes sociales, se observa a\u00a0M\u00e1rquez\u00a0abraz\u00e1ndose con amigos y familiares tras recuperar su libertad. El dirigente pol\u00edtico\u00a0Biagio Pilieri\u00a0tambi\u00e9n sali\u00f3 de la c\u00e1rcel. \u00c9l acompa\u00f1\u00f3 a M\u00e1rquez en la reuni\u00f3n con su familia. En total, once personas han sido liberadas desde que\u00a0Nicol\u00e1s Maduro\u00a0fue capturado por las Fuerzas Armadas de los\u00a0Estados Unidos\u00a0y oblig\u00f3 a una reestructuraci\u00f3n de la administraci\u00f3n venezolana. En la lista est\u00e1n: Biagio Pilieri,\u00a0Enrique Marquez,\u00a0Roc\u00edo San Miguel, Jos\u00e9 Mar\u00eda Basoa, Andr\u00e9s Mart\u00ednez Adasme, Miguel Moreno Dapena, Ernesto Gorbe Cardona, Alfredo Alvarado, Franklin Alvarado, Larry Osorio y\u00a0Alejandro Rebolledo. Delcy Rodr\u00edguez, quien asumi\u00f3 el cargo que ejerc\u00eda Maduro, asegura que es un gesto de \u00abconvivencia pac\u00edfica\u00bb. Mientras, la Casa Blanca asegura que empieza a sentirse la influencia del presidente\u00a0Donald Trump. Por su parte, la\u00a0Mesa de Unidad\u00a0emiti\u00f3 un comunicado indicando que espera que se materialicen m\u00e1s liberaciones.<\/p>\n","protected":false},"author":1,"featured_media":28638,"comment_status":"closed","ping_status":"closed","sticky":false,"template":"","format":"standard","meta":{"footnotes":""},"categories":[5],"tags":[],"class_list":["post-28637","post","type-post","status-publish","format-standard","has-post-thumbnail","hentry","category-internacionales"],"_links":{"self":[{"href":"https:\/\/www.elamazonico.com\/portal\/wp-json\/wp\/v2\/posts\/28637","targetHints":{"allow":["GET"]}}],"collection":[{"href":"https:\/\/www.elamazonico.com\/portal\/wp-json\/wp\/v2\/posts"}],"about":[{"href":"https:\/\/www.elamazonico.com\/portal\/wp-json\/wp\/v2\/types\/post"}],"author":[{"embeddable":true,"href":"https:\/\/www.elamazonico.com\/portal\/wp-json\/wp\/v2\/users\/1"}],"replies":[{"embeddable":true,"href":"https:\/\/www.elamazonico.com\/portal\/wp-json\/wp\/v2\/comments?post=28637"}],"version-history":[{"count":1,"href":"https:\/\/www.elamazonico.com\/portal\/wp-json\/wp\/v2\/posts\/28637\/revisions"}],"predecessor-version":[{"id":28639,"href":"https:\/\/www.elamazonico.com\/portal\/wp-json\/wp\/v2\/posts\/28637\/revisions\/28639"}],"wp:featuredmedia":[{"embeddable":true,"href":"https:\/\/www.elamazonico.com\/portal\/wp-json\/wp\/v2\/media\/28638"}],"wp:attachment":[{"href":"https:\/\/www.elamazonico.com\/portal\/wp-json\/wp\/v2\/media?parent=28637"}],"wp:term":[{"taxonomy":"category","embeddable":true,"href":"https:\/\/www.elamazonico.com\/portal\/wp-json\/wp\/v2\/categories?post=28637"},{"taxonomy":"post_tag","embeddable":true,"href":"https:\/\/www.elamazonico.com\/portal\/wp-json\/wp\/v2\/tags?post=28637"}],"curies":[{"name":"wp","href":"https:\/\/api.w.org\/{rel}","templated":true}]}}