{"id":28586,"date":"2026-01-07T11:26:08","date_gmt":"2026-01-07T16:26:08","guid":{"rendered":"https:\/\/www.elamazonico.com\/portal\/?p=28586"},"modified":"2026-01-07T11:26:08","modified_gmt":"2026-01-07T16:26:08","slug":"ee-uu-y-ecuador-coordinan-seguridad-tras-captura-de-maduro","status":"publish","type":"post","link":"https:\/\/www.elamazonico.com\/portal\/ee-uu-y-ecuador-coordinan-seguridad-tras-captura-de-maduro\/","title":{"rendered":"EE. UU. y Ecuador coordinan seguridad tras captura de Maduro"},"content":{"rendered":"<p>En un momento de alta tensi\u00f3n geopol\u00edtica por la\u00a0<a href=\"https:\/\/www.eltelegrafo.com.ec\/noticias\/internacionales\/211\/claves-crisis-venezuela-ataque-eeuu\" target=\"_blank\" rel=\"noopener noreferrer\">captura del presidente venezolano Nicol\u00e1s Maduro<\/a>, el\u00a0<strong data-start=\"778\" data-end=\"833\">secretario de Estado de Estados Unidos, Marco Rubio<\/strong>, convers\u00f3 este\u00a0<strong data-start=\"849\" data-end=\"878\">martes 6 de enero de 2026<\/strong>\u00a0con el presidente ecuatoriano\u00a0<strong data-start=\"909\" data-end=\"925\">Daniel Noboa<\/strong>\u00a0para agradecer la\u00a0<strong data-start=\"944\" data-end=\"1009\">colaboraci\u00f3n de Ecuador en la lucha contra el narcoterrorismo<\/strong>\u00a0y fortalecer la\u00a0<strong data-start=\"1026\" data-end=\"1064\">coordinaci\u00f3n en seguridad regional<\/strong>, inform\u00f3 el Departamento de Estado de EE. UU.<\/p>\n<h1 data-start=\"1155\" data-end=\"1203\"><strong data-start=\"1158\" data-end=\"1203\">Agradecimientos y prioridades compartidas<\/strong><\/h1>\n<p data-start=\"1205\" data-end=\"1593\">Seg\u00fan el comunicado oficial divulgado por Washington, Rubio destac\u00f3 \u201cel compromiso de los Estados Unidos de continuar una estrecha coordinaci\u00f3n para impulsar la seguridad regional\u201d, y espec\u00edficamente\u00a0<strong data-start=\"1405\" data-end=\"1554\">agradeci\u00f3 a Noboa la cooperaci\u00f3n de Ecuador en el combate al narcoterrorismo y su contribuci\u00f3n para fortalecer la seguridad en todo el hemisferio<\/strong>.<\/p>\n<p data-start=\"1595\" data-end=\"1951\">La conversaci\u00f3n telef\u00f3nica se centr\u00f3 en\u00a0<strong data-start=\"1635\" data-end=\"1705\">los esfuerzos regionales para promover la estabilidad en Venezuela<\/strong>\u00a0y en la reciente operaci\u00f3n de las fuerzas del orden que condujo a la captura de\u00a0<strong data-start=\"1786\" data-end=\"1830\">Nicol\u00e1s Maduro y su esposa, Cilia Flores<\/strong>, un evento que ha generado repercusiones diplom\u00e1ticas y de seguridad en la regi\u00f3n.<\/p>\n<h1 data-start=\"1958\" data-end=\"2006\"><strong data-start=\"1961\" data-end=\"2006\">Contexto regional y seguridad hemisf\u00e9rica<\/strong><\/h1>\n<p data-start=\"2008\" data-end=\"2310\">La llamada se da en el marco de una fase de alta tensi\u00f3n geopol\u00edtica en Am\u00e9rica Latina tras la operaci\u00f3n militar que result\u00f3 en la detenci\u00f3n de Maduro el 3 de enero, una acci\u00f3n liderada por fuerzas estadounidenses en Caracas con respaldo oficial de la Casa Blanca.<\/p>\n<p data-start=\"2312\" data-end=\"2603\">Rubio no solo agradeci\u00f3 la cooperaci\u00f3n de Quito, sino que tambi\u00e9n convers\u00f3 ese mismo d\u00eda con el\u00a0<strong data-start=\"2408\" data-end=\"2448\">canciller de Argentina, Pablo Quirno<\/strong>, para reconocer la participaci\u00f3n de ese pa\u00eds en iniciativas de seguridad hemisf\u00e9rica tras el operativo en Venezuela.<\/p>\n<h1 data-start=\"2610\" data-end=\"2656\"><strong data-start=\"2613\" data-end=\"2656\">Reacci\u00f3n de Noboa y postura ecuatoriana<\/strong><\/h1>\n<p data-start=\"2658\" data-end=\"2975\">El presidente Noboa fue uno de los mandatarios que hizo p\u00fablica su postura tras la captura de Maduro. En su cuenta de la red social X, afirm\u00f3 que \u201ca todos los criminales narcochavistas les llega su hora\u201d y que la estructura de ese grupo \u201cterminar\u00e1 de caer en todo el continente\u201d.<\/p>\n<p data-start=\"2977\" data-end=\"3185\">Ese mensaje refleja la posici\u00f3n del Gobierno ecuatoriano sobre la crisis venezolana y su acercamiento en materia de seguridad con los Estados Unidos y otras administraciones que comparten objetivos similares.<\/p>\n","protected":false},"excerpt":{"rendered":"<p>En un momento de alta tensi\u00f3n geopol\u00edtica por la\u00a0captura del presidente venezolano Nicol\u00e1s Maduro, el\u00a0secretario de Estado de Estados Unidos, Marco Rubio, convers\u00f3 este\u00a0martes 6 de enero de 2026\u00a0con el presidente ecuatoriano\u00a0Daniel Noboa\u00a0para agradecer la\u00a0colaboraci\u00f3n de Ecuador en la lucha contra el narcoterrorismo\u00a0y fortalecer la\u00a0coordinaci\u00f3n en seguridad regional, inform\u00f3 el Departamento de Estado de EE. UU. Agradecimientos y prioridades compartidas Seg\u00fan el comunicado oficial divulgado por Washington, Rubio destac\u00f3 \u201cel compromiso de los Estados Unidos de continuar una estrecha coordinaci\u00f3n para impulsar la seguridad regional\u201d, y espec\u00edficamente\u00a0agradeci\u00f3 a Noboa la cooperaci\u00f3n de Ecuador en el combate al narcoterrorismo y su contribuci\u00f3n para fortalecer la seguridad en todo el hemisferio. La conversaci\u00f3n telef\u00f3nica se centr\u00f3 en\u00a0los esfuerzos regionales para promover la estabilidad en Venezuela\u00a0y en la reciente operaci\u00f3n de las fuerzas del orden que condujo a la captura de\u00a0Nicol\u00e1s Maduro y su esposa, Cilia Flores, un evento que ha generado repercusiones diplom\u00e1ticas y de seguridad en la regi\u00f3n. Contexto regional y seguridad hemisf\u00e9rica La llamada se da en el marco de una fase de alta tensi\u00f3n geopol\u00edtica en Am\u00e9rica Latina tras la operaci\u00f3n militar que result\u00f3 en la detenci\u00f3n de Maduro el 3 de enero, una acci\u00f3n liderada por fuerzas estadounidenses en Caracas con respaldo oficial de la Casa Blanca. Rubio no solo agradeci\u00f3 la cooperaci\u00f3n de Quito, sino que tambi\u00e9n convers\u00f3 ese mismo d\u00eda con el\u00a0canciller de Argentina, Pablo Quirno, para reconocer la participaci\u00f3n de ese pa\u00eds en iniciativas de seguridad hemisf\u00e9rica tras el operativo en Venezuela. Reacci\u00f3n de Noboa y postura ecuatoriana El presidente Noboa fue uno de los mandatarios que hizo p\u00fablica su postura tras la captura de Maduro. En su cuenta de la red social X, afirm\u00f3 que \u201ca todos los criminales narcochavistas les llega su hora\u201d y que la estructura de ese grupo \u201cterminar\u00e1 de caer en todo el continente\u201d. Ese mensaje refleja la posici\u00f3n del Gobierno ecuatoriano sobre la crisis venezolana y su acercamiento en materia de seguridad con los Estados Unidos y otras administraciones que comparten objetivos similares.<\/p>\n","protected":false},"author":1,"featured_media":28587,"comment_status":"closed","ping_status":"closed","sticky":false,"template":"","format":"standard","meta":{"footnotes":""},"categories":[268],"tags":[],"class_list":["post-28586","post","type-post","status-publish","format-standard","has-post-thumbnail","hentry","category-nacionales"],"_links":{"self":[{"href":"https:\/\/www.elamazonico.com\/portal\/wp-json\/wp\/v2\/posts\/28586","targetHints":{"allow":["GET"]}}],"collection":[{"href":"https:\/\/www.elamazonico.com\/portal\/wp-json\/wp\/v2\/posts"}],"about":[{"href":"https:\/\/www.elamazonico.com\/portal\/wp-json\/wp\/v2\/types\/post"}],"author":[{"embeddable":true,"href":"https:\/\/www.elamazonico.com\/portal\/wp-json\/wp\/v2\/users\/1"}],"replies":[{"embeddable":true,"href":"https:\/\/www.elamazonico.com\/portal\/wp-json\/wp\/v2\/comments?post=28586"}],"version-history":[{"count":1,"href":"https:\/\/www.elamazonico.com\/portal\/wp-json\/wp\/v2\/posts\/28586\/revisions"}],"predecessor-version":[{"id":28588,"href":"https:\/\/www.elamazonico.com\/portal\/wp-json\/wp\/v2\/posts\/28586\/revisions\/28588"}],"wp:featuredmedia":[{"embeddable":true,"href":"https:\/\/www.elamazonico.com\/portal\/wp-json\/wp\/v2\/media\/28587"}],"wp:attachment":[{"href":"https:\/\/www.elamazonico.com\/portal\/wp-json\/wp\/v2\/media?parent=28586"}],"wp:term":[{"taxonomy":"category","embeddable":true,"href":"https:\/\/www.elamazonico.com\/portal\/wp-json\/wp\/v2\/categories?post=28586"},{"taxonomy":"post_tag","embeddable":true,"href":"https:\/\/www.elamazonico.com\/portal\/wp-json\/wp\/v2\/tags?post=28586"}],"curies":[{"name":"wp","href":"https:\/\/api.w.org\/{rel}","templated":true}]}}