{"id":28582,"date":"2026-01-07T06:03:44","date_gmt":"2026-01-07T11:03:44","guid":{"rendered":"https:\/\/www.elamazonico.com\/portal\/?p=28582"},"modified":"2026-01-07T06:03:44","modified_gmt":"2026-01-07T11:03:44","slug":"exfuncionaria-de-la-judicatura-denuncia-que-fue-dejada-a-merced-del-crimen-organizado","status":"publish","type":"post","link":"https:\/\/www.elamazonico.com\/portal\/exfuncionaria-de-la-judicatura-denuncia-que-fue-dejada-a-merced-del-crimen-organizado\/","title":{"rendered":"Exfuncionaria de la Judicatura denuncia que fue dejada &#8216;a merced del crimen organizado&#8217;"},"content":{"rendered":"<div class=\"paragraph texto\">\n<p class=\"p_0\"><b><a href=\"https:\/\/www.vistazo.com\/actualidad\/nacional\/2025-10-22-directora-provincial-judicatura-orellana-ataque-armado-salio-ilesa-GD10315377\">Samantha Lozada<\/a><\/b>, exdirectora provincial del Consejo de la Judicatura en Orellana, denunci\u00f3 que la\u00a0<u><b>instituci\u00f3n liderada por Mario Godoy la dej\u00f3 \u201ca merced del crimen organizado\u201d<\/b><\/u>, ya que no le brind\u00f3 protecci\u00f3n pese a las m\u00faltiples amenazas contra su vida. De hecho, tuvo que salir del pa\u00eds.<\/p>\n<p class=\"p_1\">Uno de los sucesos m\u00e1s perturbadores que enfrent\u00f3 la exfuncionaria ocurri\u00f3 el<u><b>\u00a022 de octubre del 2025,<\/b><\/u> cuando sufri\u00f3 un ataque armado mientras circulaba en un veh\u00edculo junto a su padre.<\/p>\n<p class=\"p_3\">El arma con la que le apuntaron se trab\u00f3 por lo que ella y su padre lograron salir ilesos,\u00a0<u><b>aunque el progenitor result\u00f3 herido.<\/b><\/u><\/p>\n<p class=\"p_4\">En entrevista con\u00a0<b><a href=\"https:\/\/www.youtube.com\/watch?v=skmwXbFwciU\" rel=\"nofollow\">Radio Sonorama<\/a><\/b>, Lozada coment\u00f3 que tuvo que trasladarse a Quito y que pidi\u00f3 una reuni\u00f3n con Mario Godoy para comentarle sobre el atentado,<u><b>\u00a0pero fue atendida por una asesora, que le recomend\u00f3 que renunciara.<\/b><\/u><\/p>\n<p class=\"p_5\">Agreg\u00f3 que, por amenazas previas, ten\u00eda cinco polic\u00edas a disposici\u00f3n, pero\u00a0<u><b>sin un veh\u00edculo blindado<\/b><\/u>.<\/p>\n<p class=\"p_6\">Posteriormente, el Consejo de la Judicatura acept\u00f3 la renuncia de Lozada, quien\u00a0<u><b>no interpuso la solicitud formal, sino que Godoy hab\u00eda pedido a todos los directores provinciales que pongan sus cargos a disposici\u00f3n semanas antes.<\/b><\/u><\/p>\n<\/div>\n<div class=\"Citavistazo\">\u201cMe qued\u00e9 sin custodia, sin trabajo, sin poder decir nada\u201d, acot\u00f3 la exfuncionaria en el medio antes citado.<\/div>\n<div class=\"paragraph texto\">\n<p class=\"p_7\">Agreg\u00f3 que envi\u00f3 cartas al mandatario Daniel Noboa y al Ministerio del Interior, pero no obtuvo respuesta favorable. La Presidencia le contest\u00f3 que no era su competencia.<\/p>\n<\/div>\n<div class=\"multimediaMacroWrapper img lateral\">\n<figure class=\"contentMedia art-img\">\n<div><img fetchpriority=\"high\" decoding=\"async\" class=\" lazyloaded\" title=\"Mensaje de Lozada.\" src=\"https:\/\/www.vistazo.com\/placeholder\/svg\/viewbox\/768x503\" sizes=\"100vw\" srcset=\"\/\/www.vistazo.com\/binrepository\/768x503\/0c0\/0d0\/none\/12727\/CDRY\/captura-de-pantalla-2026-01-06-a-las_2603357_20260106220613.png 768w,\/\/www.vistazo.com\/binrepository\/640x419\/0c0\/0d0\/none\/12727\/CDRA\/captura-de-pantalla-2026-01-06-a-las_2603357_20260106220613.png 640w,\/\/www.vistazo.com\/binrepository\/512x335\/0c0\/0d0\/none\/12727\/CDRM\/captura-de-pantalla-2026-01-06-a-las_2603357_20260106220613.png 512w,\/\/www.vistazo.com\/binrepository\/384x252\/0c0\/0d0\/none\/12727\/CDRV\/captura-de-pantalla-2026-01-06-a-las_2603357_20260106220613.png 384w,\/\/www.vistazo.com\/binrepository\/300x196\/0c0\/0d0\/none\/12727\/CDRB\/captura-de-pantalla-2026-01-06-a-las_2603357_20260106220613.png 300w\" alt=\"$!Mensaje de Lozada.\" width=\"768\" height=\"503\" data-srcset=\"\/\/www.vistazo.com\/binrepository\/768x503\/0c0\/0d0\/none\/12727\/CDRY\/captura-de-pantalla-2026-01-06-a-las_2603357_20260106220613.png 768w,\/\/www.vistazo.com\/binrepository\/640x419\/0c0\/0d0\/none\/12727\/CDRA\/captura-de-pantalla-2026-01-06-a-las_2603357_20260106220613.png 640w,\/\/www.vistazo.com\/binrepository\/512x335\/0c0\/0d0\/none\/12727\/CDRM\/captura-de-pantalla-2026-01-06-a-las_2603357_20260106220613.png 512w,\/\/www.vistazo.com\/binrepository\/384x252\/0c0\/0d0\/none\/12727\/CDRV\/captura-de-pantalla-2026-01-06-a-las_2603357_20260106220613.png 384w,\/\/www.vistazo.com\/binrepository\/300x196\/0c0\/0d0\/none\/12727\/CDRB\/captura-de-pantalla-2026-01-06-a-las_2603357_20260106220613.png 300w\" \/><\/div>\n<div class=\"cutline-byline\"><span class=\"cutline-text\">Mensaje de Lozada.\u00a0<\/span><span class=\"byline-image\">(Foto: captura)<\/span><\/div>\n<\/figure>\n<\/div>\n<h2 class=\"h2vistazo\">OTRAS AMENAZAS<\/h2>\n<div class=\"paragraph texto\">\n<p class=\"p_9\">Lozada tambi\u00e9n relat\u00f3 que desde que ingres\u00f3 a la Direcci\u00f3n Provincial del Consejo de la Judicatura de Orellana recibi\u00f3 m\u00faltiples amenazas de\u00a0<u><b>alias \u2018Topo\u2019<\/b><\/u>, considerado el segundo al mando de \u2018Los Choneros\u2019 y requerido por Estados Unidos.<\/p>\n<p class=\"p_10\">En septiembre del 2024, por ejemplo, su hermano recibi\u00f3 un mensaje en el que se dec\u00eda que en la noche cuando hubiera un corte de luz ingresar\u00edan los<u><b>\u00a0\u2018Comandos de la Frontera\u2019<\/b><\/u>\u00a0a asesinarla y en caso de que lograra huir iban a matar a cada miembro de su familia.<\/p>\n<p class=\"p_11\">Por ese hecho, tambi\u00e9n fue sacada de Orellana y tuvo apoyo de la Judicatura, pero con el tiempo ella misma asumi\u00f3 los costos de estad\u00eda y traslados en la capital.<\/p>\n<p class=\"p_13\">\u201cEsta situaci\u00f3n de no poder visitar a mi familia, de no poder salir, no tener veh\u00edculos, afect\u00f3 gravemente mi salud mental, al punto de que\u00a0<u><b>fui diagnosticada con ansiedad y depresi\u00f3n grave con estr\u00e9s postraum\u00e1tico<\/b><\/u>\u201d, cont\u00f3 Lozada.<\/p>\n<p class=\"p_14\">Agreg\u00f3 que solicit\u00f3 a la Judicatura que suspenda al juez que liber\u00f3 a alias \u2018Topo\u2019, pero la exfuncionaria dice que esa medida hasta el d\u00eda de hoy no ha sido atendida.<\/p>\n<\/div>\n<h2 class=\"h2vistazo\">JUDICATURA SE PRONUNCIA<\/h2>\n<div class=\"paragraph texto\">\n<p class=\"p_15\">Luego de que saliera a la luz este caso, el Consejo de la Judicatura emiti\u00f3 un comunicado en el que afirma que las declaraciones de Lozada son \u201c<b>imprecisas\u201d<\/b>.<\/p>\n<\/div>\n<div class=\"Citavistazo\">\u201cDesde que se conocieron amenazas en su contra, la instituci\u00f3n gestion\u00f3 de manera inmediata y oportuna las medidas correspondientes ante el Ministerio del Interior, autoriz\u00f3 la modalidad de teletrabajo y promovi\u00f3 las acciones legales necesarias para resguardar su integridad y la de su familia\u201d.<\/div>\n<div class=\"paragraph texto\">\n<p class=\"p_16\">A\u00f1adi\u00f3 que \u201cno existen denuncias oficiales ante la Direcci\u00f3n Nacional de Transparencia de Gesti\u00f3n que vinculen a jueces o fiscales de la provincia de Orellana con redes delictivas, m\u00e1s all\u00e1 de un caso espec\u00edfico y debidamente formalizado\u201d.<\/p>\n<p class=\"p_17\">Sobre el tema de la desvinculaci\u00f3n, la Judicatura dice que\u00a0<u><b>\u201cla exfuncionaria present\u00f3 su renuncia de manera formal y verbal a las autoridades, la cual fue aceptada por el Pleno\u201d<\/b><\/u>.<\/p>\n<p class=\"p_18\">Por su parte, Lozada solicit\u00f3 a Godoy que exhibiera el documento de la renuncia al pa\u00eds. <strong>Fuente: Vistazo<\/strong><\/p>\n<\/div>\n","protected":false},"excerpt":{"rendered":"<p>Samantha Lozada, exdirectora provincial del Consejo de la Judicatura en Orellana, denunci\u00f3 que la\u00a0instituci\u00f3n liderada por Mario Godoy la dej\u00f3 \u201ca merced del crimen organizado\u201d, ya que no le brind\u00f3 protecci\u00f3n pese a las m\u00faltiples amenazas contra su vida. De hecho, tuvo que salir del pa\u00eds. Uno de los sucesos m\u00e1s perturbadores que enfrent\u00f3 la exfuncionaria ocurri\u00f3 el\u00a022 de octubre del 2025, cuando sufri\u00f3 un ataque armado mientras circulaba en un veh\u00edculo junto a su padre. El arma con la que le apuntaron se trab\u00f3 por lo que ella y su padre lograron salir ilesos,\u00a0aunque el progenitor result\u00f3 herido. En entrevista con\u00a0Radio Sonorama, Lozada coment\u00f3 que tuvo que trasladarse a Quito y que pidi\u00f3 una reuni\u00f3n con Mario Godoy para comentarle sobre el atentado,\u00a0pero fue atendida por una asesora, que le recomend\u00f3 que renunciara. Agreg\u00f3 que, por amenazas previas, ten\u00eda cinco polic\u00edas a disposici\u00f3n, pero\u00a0sin un veh\u00edculo blindado. Posteriormente, el Consejo de la Judicatura acept\u00f3 la renuncia de Lozada, quien\u00a0no interpuso la solicitud formal, sino que Godoy hab\u00eda pedido a todos los directores provinciales que pongan sus cargos a disposici\u00f3n semanas antes. \u201cMe qued\u00e9 sin custodia, sin trabajo, sin poder decir nada\u201d, acot\u00f3 la exfuncionaria en el medio antes citado. Agreg\u00f3 que envi\u00f3 cartas al mandatario Daniel Noboa y al Ministerio del Interior, pero no obtuvo respuesta favorable. La Presidencia le contest\u00f3 que no era su competencia. Mensaje de Lozada.\u00a0(Foto: captura) OTRAS AMENAZAS Lozada tambi\u00e9n relat\u00f3 que desde que ingres\u00f3 a la Direcci\u00f3n Provincial del Consejo de la Judicatura de Orellana recibi\u00f3 m\u00faltiples amenazas de\u00a0alias \u2018Topo\u2019, considerado el segundo al mando de \u2018Los Choneros\u2019 y requerido por Estados Unidos. En septiembre del 2024, por ejemplo, su hermano recibi\u00f3 un mensaje en el que se dec\u00eda que en la noche cuando hubiera un corte de luz ingresar\u00edan los\u00a0\u2018Comandos de la Frontera\u2019\u00a0a asesinarla y en caso de que lograra huir iban a matar a cada miembro de su familia. Por ese hecho, tambi\u00e9n fue sacada de Orellana y tuvo apoyo de la Judicatura, pero con el tiempo ella misma asumi\u00f3 los costos de estad\u00eda y traslados en la capital. \u201cEsta situaci\u00f3n de no poder visitar a mi familia, de no poder salir, no tener veh\u00edculos, afect\u00f3 gravemente mi salud mental, al punto de que\u00a0fui diagnosticada con ansiedad y depresi\u00f3n grave con estr\u00e9s postraum\u00e1tico\u201d, cont\u00f3 Lozada. Agreg\u00f3 que solicit\u00f3 a la Judicatura que suspenda al juez que liber\u00f3 a alias \u2018Topo\u2019, pero la exfuncionaria dice que esa medida hasta el d\u00eda de hoy no ha sido atendida. JUDICATURA SE PRONUNCIA Luego de que saliera a la luz este caso, el Consejo de la Judicatura emiti\u00f3 un comunicado en el que afirma que las declaraciones de Lozada son \u201cimprecisas\u201d. \u201cDesde que se conocieron amenazas en su contra, la instituci\u00f3n gestion\u00f3 de manera inmediata y oportuna las medidas correspondientes ante el Ministerio del Interior, autoriz\u00f3 la modalidad de teletrabajo y promovi\u00f3 las acciones legales necesarias para resguardar su integridad y la de su familia\u201d. A\u00f1adi\u00f3 que \u201cno existen denuncias oficiales ante la Direcci\u00f3n Nacional de Transparencia de Gesti\u00f3n que vinculen a jueces o fiscales de la provincia de Orellana con redes delictivas, m\u00e1s all\u00e1 de un caso espec\u00edfico y debidamente formalizado\u201d. Sobre el tema de la desvinculaci\u00f3n, la Judicatura dice que\u00a0\u201cla exfuncionaria present\u00f3 su renuncia de manera formal y verbal a las autoridades, la cual fue aceptada por el Pleno\u201d. Por su parte, Lozada solicit\u00f3 a Godoy que exhibiera el documento de la renuncia al pa\u00eds. Fuente: Vistazo<\/p>\n","protected":false},"author":1,"featured_media":28583,"comment_status":"closed","ping_status":"closed","sticky":false,"template":"","format":"standard","meta":{"footnotes":""},"categories":[268],"tags":[],"class_list":["post-28582","post","type-post","status-publish","format-standard","has-post-thumbnail","hentry","category-nacionales"],"_links":{"self":[{"href":"https:\/\/www.elamazonico.com\/portal\/wp-json\/wp\/v2\/posts\/28582","targetHints":{"allow":["GET"]}}],"collection":[{"href":"https:\/\/www.elamazonico.com\/portal\/wp-json\/wp\/v2\/posts"}],"about":[{"href":"https:\/\/www.elamazonico.com\/portal\/wp-json\/wp\/v2\/types\/post"}],"author":[{"embeddable":true,"href":"https:\/\/www.elamazonico.com\/portal\/wp-json\/wp\/v2\/users\/1"}],"replies":[{"embeddable":true,"href":"https:\/\/www.elamazonico.com\/portal\/wp-json\/wp\/v2\/comments?post=28582"}],"version-history":[{"count":1,"href":"https:\/\/www.elamazonico.com\/portal\/wp-json\/wp\/v2\/posts\/28582\/revisions"}],"predecessor-version":[{"id":28584,"href":"https:\/\/www.elamazonico.com\/portal\/wp-json\/wp\/v2\/posts\/28582\/revisions\/28584"}],"wp:featuredmedia":[{"embeddable":true,"href":"https:\/\/www.elamazonico.com\/portal\/wp-json\/wp\/v2\/media\/28583"}],"wp:attachment":[{"href":"https:\/\/www.elamazonico.com\/portal\/wp-json\/wp\/v2\/media?parent=28582"}],"wp:term":[{"taxonomy":"category","embeddable":true,"href":"https:\/\/www.elamazonico.com\/portal\/wp-json\/wp\/v2\/categories?post=28582"},{"taxonomy":"post_tag","embeddable":true,"href":"https:\/\/www.elamazonico.com\/portal\/wp-json\/wp\/v2\/tags?post=28582"}],"curies":[{"name":"wp","href":"https:\/\/api.w.org\/{rel}","templated":true}]}}