{"id":28563,"date":"2026-01-06T12:32:23","date_gmt":"2026-01-06T17:32:23","guid":{"rendered":"https:\/\/www.elamazonico.com\/portal\/?p=28563"},"modified":"2026-01-06T12:32:23","modified_gmt":"2026-01-06T17:32:23","slug":"el-instituto-nobel-dice-que-un-premio-no-se-puede-transferir-tras-las-declaraciones-de-maria-corina-machado","status":"publish","type":"post","link":"https:\/\/www.elamazonico.com\/portal\/el-instituto-nobel-dice-que-un-premio-no-se-puede-transferir-tras-las-declaraciones-de-maria-corina-machado\/","title":{"rendered":"El Instituto Nobel dice que un premio no se puede transferir, tras las declaraciones de Mar\u00eda Corina Machado"},"content":{"rendered":"<p>El Instituto Nobel noruego confirm\u00f3 este martes 6 de enero de 2026 que un Premio Nobel no se puede transferir a terceros, despu\u00e9s de que la ganadora del Nobel de la Paz de 2025, Mar\u00eda Corina Machado, afirmase la v\u00edspera que quer\u00eda \u00abcompartirlo\u00bb con el presidente estadounidense Donald Trump.<\/p>\n<p>\u00abUn Premio Nobel no puede ser revocado ni transferido a otros. Una vez que se ha anunciado al laureado o laureados, la decisi\u00f3n es para siempre\u00bb, dijo a EFE el portavoz Erik Aasheim.<\/p>\n<p>\u00abEn cuanto al dinero del premio, el laureado o laureados son libres de disponer de \u00e9l de la manera que consideren oportuna\u00bb, matiz\u00f3 el representante del Instituto Nobel noruego, que ejerce de secretariado del Comit\u00e9 Noruego del Nobel.<\/p>\n<p>Machado, que ya hab\u00eda dedicado el Nobel a Trump cuando lo recibi\u00f3, afirm\u00f3 este lunes en una entrevista en la cadena estadounidense &#8216;Fox News&#8217; que \u00abciertamente queremos d\u00e1rselo y compartirlo con \u00e9l\u00bb.<\/p>\n<p>En la entrevista, agradeci\u00f3 al presidente de Estados Unidos las \u00abvalientes acciones\u00bb que condujeron el s\u00e1bado a la detenci\u00f3n del hasta entonces presidente venezolano, Nicol\u00e1s Maduro, aunque reconoci\u00f3 que no ha hablado personalmente con \u00e9l desde que se le otorg\u00f3 el Nobel en octubre.<\/p>\n<p>Seg\u00fan afirm\u00f3 el lunes The Washington Post, la decisi\u00f3n de Machado de aceptar el Nobel codiciado por Trump le habr\u00eda costado el respaldo del presidente de EE. UU., que tras la captura de Nicol\u00e1s Maduro le ha negado el respaldo para liderar una transici\u00f3n en Venezuela.<\/p>\n<p>A pesar de que Machado le dedic\u00f3 a Trump el prestigioso galard\u00f3n, el hecho de que no rechazara el reconocimiento result\u00f3 un \u00abpecado imperdonable\u00bb que el mandatario no ha olvidado, dijeron al Post dos fuentes cercanas a la Casa Blanca.\u00a0 <strong>Fuente: Primicias<\/strong><\/p>\n","protected":false},"excerpt":{"rendered":"<p>El Instituto Nobel noruego confirm\u00f3 este martes 6 de enero de 2026 que un Premio Nobel no se puede transferir a terceros, despu\u00e9s de que la ganadora del Nobel de la Paz de 2025, Mar\u00eda Corina Machado, afirmase la v\u00edspera que quer\u00eda \u00abcompartirlo\u00bb con el presidente estadounidense Donald Trump. \u00abUn Premio Nobel no puede ser revocado ni transferido a otros. Una vez que se ha anunciado al laureado o laureados, la decisi\u00f3n es para siempre\u00bb, dijo a EFE el portavoz Erik Aasheim. \u00abEn cuanto al dinero del premio, el laureado o laureados son libres de disponer de \u00e9l de la manera que consideren oportuna\u00bb, matiz\u00f3 el representante del Instituto Nobel noruego, que ejerce de secretariado del Comit\u00e9 Noruego del Nobel. Machado, que ya hab\u00eda dedicado el Nobel a Trump cuando lo recibi\u00f3, afirm\u00f3 este lunes en una entrevista en la cadena estadounidense &#8216;Fox News&#8217; que \u00abciertamente queremos d\u00e1rselo y compartirlo con \u00e9l\u00bb. En la entrevista, agradeci\u00f3 al presidente de Estados Unidos las \u00abvalientes acciones\u00bb que condujeron el s\u00e1bado a la detenci\u00f3n del hasta entonces presidente venezolano, Nicol\u00e1s Maduro, aunque reconoci\u00f3 que no ha hablado personalmente con \u00e9l desde que se le otorg\u00f3 el Nobel en octubre. Seg\u00fan afirm\u00f3 el lunes The Washington Post, la decisi\u00f3n de Machado de aceptar el Nobel codiciado por Trump le habr\u00eda costado el respaldo del presidente de EE. UU., que tras la captura de Nicol\u00e1s Maduro le ha negado el respaldo para liderar una transici\u00f3n en Venezuela. A pesar de que Machado le dedic\u00f3 a Trump el prestigioso galard\u00f3n, el hecho de que no rechazara el reconocimiento result\u00f3 un \u00abpecado imperdonable\u00bb que el mandatario no ha olvidado, dijeron al Post dos fuentes cercanas a la Casa Blanca.\u00a0 Fuente: Primicias<\/p>\n","protected":false},"author":1,"featured_media":28564,"comment_status":"closed","ping_status":"closed","sticky":false,"template":"","format":"standard","meta":{"footnotes":""},"categories":[5],"tags":[],"class_list":["post-28563","post","type-post","status-publish","format-standard","has-post-thumbnail","hentry","category-internacionales"],"_links":{"self":[{"href":"https:\/\/www.elamazonico.com\/portal\/wp-json\/wp\/v2\/posts\/28563","targetHints":{"allow":["GET"]}}],"collection":[{"href":"https:\/\/www.elamazonico.com\/portal\/wp-json\/wp\/v2\/posts"}],"about":[{"href":"https:\/\/www.elamazonico.com\/portal\/wp-json\/wp\/v2\/types\/post"}],"author":[{"embeddable":true,"href":"https:\/\/www.elamazonico.com\/portal\/wp-json\/wp\/v2\/users\/1"}],"replies":[{"embeddable":true,"href":"https:\/\/www.elamazonico.com\/portal\/wp-json\/wp\/v2\/comments?post=28563"}],"version-history":[{"count":1,"href":"https:\/\/www.elamazonico.com\/portal\/wp-json\/wp\/v2\/posts\/28563\/revisions"}],"predecessor-version":[{"id":28565,"href":"https:\/\/www.elamazonico.com\/portal\/wp-json\/wp\/v2\/posts\/28563\/revisions\/28565"}],"wp:featuredmedia":[{"embeddable":true,"href":"https:\/\/www.elamazonico.com\/portal\/wp-json\/wp\/v2\/media\/28564"}],"wp:attachment":[{"href":"https:\/\/www.elamazonico.com\/portal\/wp-json\/wp\/v2\/media?parent=28563"}],"wp:term":[{"taxonomy":"category","embeddable":true,"href":"https:\/\/www.elamazonico.com\/portal\/wp-json\/wp\/v2\/categories?post=28563"},{"taxonomy":"post_tag","embeddable":true,"href":"https:\/\/www.elamazonico.com\/portal\/wp-json\/wp\/v2\/tags?post=28563"}],"curies":[{"name":"wp","href":"https:\/\/api.w.org\/{rel}","templated":true}]}}