{"id":28227,"date":"2025-12-17T04:23:29","date_gmt":"2025-12-17T09:23:29","guid":{"rendered":"https:\/\/www.elamazonico.com\/portal\/?p=28227"},"modified":"2025-12-16T15:27:49","modified_gmt":"2025-12-16T20:27:49","slug":"instituciones-presentan-la-campana-loja-sin-pirotecnia-cuidar-tambien-es-celebrar","status":"publish","type":"post","link":"https:\/\/www.elamazonico.com\/portal\/instituciones-presentan-la-campana-loja-sin-pirotecnia-cuidar-tambien-es-celebrar\/","title":{"rendered":"Instituciones presentan la campa\u00f1a \u201cLoja Sin Pirotecnia: Cuidar Tambi\u00e9n es Celebrar\u201d"},"content":{"rendered":"<p>Con el objetivo de fortalecer la cultura preventiva y proteger la vida de la ciudadan\u00eda, la Gobernaci\u00f3n de Loja present\u00f3 la campa\u00f1a \u201cLoja Sin Pirotecnia: Cuidar Tambi\u00e9n es Celebrar\u201d, una iniciativa interinstitucional orientada a la prevenci\u00f3n de accidentes y a la promoci\u00f3n de celebraciones responsables durante la temporada festiva.<\/p>\n<p>La campa\u00f1a articula acciones de control, educaci\u00f3n y sensibilizaci\u00f3n mediante el trabajo coordinado entre la Gobernaci\u00f3n de Loja, la Secretar\u00eda Nacional de Gesti\u00f3n de Riesgos, los Cuerpos de Bomberos, el Municipio de Loja, el ECU 911, la Polic\u00eda Nacional y las Fuerzas Armadas, consolidando una respuesta integral desde el eje de seguridad y gesti\u00f3n del riesgo.<\/p>\n<p>Como parte de la jornada, estudiantes del Colegio Beatriz Cueva de Ayora se sumaron activamente a la iniciativa, fortaleciendo una cultura preventiva que se proyecta desde el \u00e1mbito educativo hacia los hogares y la comunidad. La actividad incluy\u00f3 una demostraci\u00f3n de pirotecnia controlada y una feria informativa, espacios en los que las instituciones del Estado socializaron recomendaciones, protocolos de seguridad y mensajes preventivos para evitar accidentes relacionados con el uso de material pirot\u00e9cnico.<\/p>\n<p>Durante el evento, Andr\u00e9s Fierro, jefe pol\u00edtico del cant\u00f3n Loja, resalt\u00f3 la importancia del trabajo mancomunado, la articulaci\u00f3n temprana entre instituciones y el rol estrat\u00e9gico de la Gobernaci\u00f3n de Loja en el fortalecimiento del eje de seguridad, especialmente durante las festividades, cuando se incrementan los riesgos asociados a pr\u00e1cticas inseguras.<\/p>\n<p>Las autoridades reiteraron el llamado a la corresponsabilidad ciudadana y recordaron que, ante cualquier emergencia, el 9-1-1 es el \u00fanico canal oficial de atenci\u00f3n, garantizando una respuesta oportuna y coordinada.<\/p>\n<p>La campa\u00f1a \u201cLoja Sin Pirotecnia: Cuidar Tambi\u00e9n es Celebrar\u201d reafirma el compromiso del Estado y de la comunidad educativa con la prevenci\u00f3n, la protecci\u00f3n de la vida y la construcci\u00f3n de celebraciones seguras y responsables.<\/p>\n","protected":false},"excerpt":{"rendered":"<p>Con el objetivo de fortalecer la cultura preventiva y proteger la vida de la ciudadan\u00eda, la Gobernaci\u00f3n de Loja present\u00f3 la campa\u00f1a \u201cLoja Sin Pirotecnia: Cuidar Tambi\u00e9n es Celebrar\u201d, una iniciativa interinstitucional orientada a la prevenci\u00f3n de accidentes y a la promoci\u00f3n de celebraciones responsables durante la temporada festiva. La campa\u00f1a articula acciones de control, educaci\u00f3n y sensibilizaci\u00f3n mediante el trabajo coordinado entre la Gobernaci\u00f3n de Loja, la Secretar\u00eda Nacional de Gesti\u00f3n de Riesgos, los Cuerpos de Bomberos, el Municipio de Loja, el ECU 911, la Polic\u00eda Nacional y las Fuerzas Armadas, consolidando una respuesta integral desde el eje de seguridad y gesti\u00f3n del riesgo. Como parte de la jornada, estudiantes del Colegio Beatriz Cueva de Ayora se sumaron activamente a la iniciativa, fortaleciendo una cultura preventiva que se proyecta desde el \u00e1mbito educativo hacia los hogares y la comunidad. La actividad incluy\u00f3 una demostraci\u00f3n de pirotecnia controlada y una feria informativa, espacios en los que las instituciones del Estado socializaron recomendaciones, protocolos de seguridad y mensajes preventivos para evitar accidentes relacionados con el uso de material pirot\u00e9cnico. Durante el evento, Andr\u00e9s Fierro, jefe pol\u00edtico del cant\u00f3n Loja, resalt\u00f3 la importancia del trabajo mancomunado, la articulaci\u00f3n temprana entre instituciones y el rol estrat\u00e9gico de la Gobernaci\u00f3n de Loja en el fortalecimiento del eje de seguridad, especialmente durante las festividades, cuando se incrementan los riesgos asociados a pr\u00e1cticas inseguras. Las autoridades reiteraron el llamado a la corresponsabilidad ciudadana y recordaron que, ante cualquier emergencia, el 9-1-1 es el \u00fanico canal oficial de atenci\u00f3n, garantizando una respuesta oportuna y coordinada. La campa\u00f1a \u201cLoja Sin Pirotecnia: Cuidar Tambi\u00e9n es Celebrar\u201d reafirma el compromiso del Estado y de la comunidad educativa con la prevenci\u00f3n, la protecci\u00f3n de la vida y la construcci\u00f3n de celebraciones seguras y responsables.<\/p>\n","protected":false},"author":1,"featured_media":28228,"comment_status":"closed","ping_status":"closed","sticky":false,"template":"","format":"standard","meta":{"footnotes":""},"categories":[284],"tags":[],"class_list":["post-28227","post","type-post","status-publish","format-standard","has-post-thumbnail","hentry","category-noticias-loja"],"_links":{"self":[{"href":"https:\/\/www.elamazonico.com\/portal\/wp-json\/wp\/v2\/posts\/28227","targetHints":{"allow":["GET"]}}],"collection":[{"href":"https:\/\/www.elamazonico.com\/portal\/wp-json\/wp\/v2\/posts"}],"about":[{"href":"https:\/\/www.elamazonico.com\/portal\/wp-json\/wp\/v2\/types\/post"}],"author":[{"embeddable":true,"href":"https:\/\/www.elamazonico.com\/portal\/wp-json\/wp\/v2\/users\/1"}],"replies":[{"embeddable":true,"href":"https:\/\/www.elamazonico.com\/portal\/wp-json\/wp\/v2\/comments?post=28227"}],"version-history":[{"count":1,"href":"https:\/\/www.elamazonico.com\/portal\/wp-json\/wp\/v2\/posts\/28227\/revisions"}],"predecessor-version":[{"id":28229,"href":"https:\/\/www.elamazonico.com\/portal\/wp-json\/wp\/v2\/posts\/28227\/revisions\/28229"}],"wp:featuredmedia":[{"embeddable":true,"href":"https:\/\/www.elamazonico.com\/portal\/wp-json\/wp\/v2\/media\/28228"}],"wp:attachment":[{"href":"https:\/\/www.elamazonico.com\/portal\/wp-json\/wp\/v2\/media?parent=28227"}],"wp:term":[{"taxonomy":"category","embeddable":true,"href":"https:\/\/www.elamazonico.com\/portal\/wp-json\/wp\/v2\/categories?post=28227"},{"taxonomy":"post_tag","embeddable":true,"href":"https:\/\/www.elamazonico.com\/portal\/wp-json\/wp\/v2\/tags?post=28227"}],"curies":[{"name":"wp","href":"https:\/\/api.w.org\/{rel}","templated":true}]}}