{"id":28121,"date":"2025-12-10T14:22:18","date_gmt":"2025-12-10T19:22:18","guid":{"rendered":"https:\/\/www.elamazonico.com\/portal\/?p=28121"},"modified":"2025-12-10T14:22:18","modified_gmt":"2025-12-10T19:22:18","slug":"cruce-de-acusaciones-en-la-asamblea-por-el-caso-chevron-y-la-explosion-en-la-bahia-de-guayaquil","status":"publish","type":"post","link":"https:\/\/www.elamazonico.com\/portal\/cruce-de-acusaciones-en-la-asamblea-por-el-caso-chevron-y-la-explosion-en-la-bahia-de-guayaquil\/","title":{"rendered":"Cruce de acusaciones en la Asamblea por el caso Chevron y la explosi\u00f3n en la Bah\u00eda de Guayaquil"},"content":{"rendered":"<div class=\"paragraph texto\">\n<p class=\"p_0\"><b>Fuertes intercambios se registraron este mi\u00e9rcoles en la <a href=\"https:\/\/www.vistazo.com\/cronologia\/-\/meta\/asamblea-nacional\">Asamblea Nacional<\/a>\u00a0entre la bancada oficialista Acci\u00f3n Democr\u00e1tica Nacional (ADN) y la Revoluci\u00f3n Ciudadana (RC), con respecto al reciente fallo del caso Chevron y la explosi\u00f3n de un artefacto en la Bah\u00eda de Guayaquil, el pasado 3 de junio.<\/b><\/p>\n<p class=\"p_2\">El asamble\u00edsta Xavier Ord\u00f3\u00f1ez (ADN) afirm\u00f3 que la Revoluci\u00f3n Ciudadana es la<b>\u00a0principal responsable del reciente laudo arbitral\u00a0<\/b>que obliga al Estado ecuatoriano a pagar\u00a0<b>USD 220 millones<\/b>\u00a0a Chevron.<\/p>\n<p class=\"p_3\">Seg\u00fan el legislador, las\u00a0<b>actuaciones del corre\u00edsmo en el proceso judicial\u00a0<\/b>vinculado al caso habr\u00edan derivado en que el tribunal internacional sancione econ\u00f3micamente al pa\u00eds.<\/p>\n<\/div>\n<div class=\"Citavistazo\">\u201cLo que hoy enfrenta el Ecuador es grav\u00edsimo: estuvimos a un paso de una cat\u00e1strofe econ\u00f3mica (&#8230;) La verdadera mano negra no fue la de Chevron, sino la del corre\u00edsmo, que una vez m\u00e1s intervino en la justicia\u201d, declar\u00f3 en una rueda de prensa.<\/div>\n<div class=\"paragraph texto\">\n<p class=\"p_4\">Ord\u00f3\u00f1ez asegur\u00f3 que<b>\u00a0entre la d\u00e9cada de los 70 y los 90 existi\u00f3 contaminaci\u00f3n ambiental en la Amazon\u00eda\u00a0<\/b>por operaciones conjuntas entre Texaco y el Estado, pero que posteriormente se certific\u00f3 que la petrolera hab\u00eda cumplido los procesos de remediaci\u00f3n.<\/p>\n<p class=\"p_5\">Seg\u00fan su versi\u00f3n, cuando el corre\u00edsmo lleg\u00f3 al poder\u00a0<b>\u201cvio la oportunidad de un juicio millonario\u201d<\/b>\u00a0basado en una<b>\u00a0\u201cnarrativa populista\u201d<\/b>, y habr\u00eda impulsado un proceso judicial plagado de irregularidades, entre ellas sentencias \u201cfabricadas\u201d y peritajes \u201cama\u00f1ados\u201d.<\/p>\n<p class=\"p_6\">El legislador sostuvo que, inicialmente, Ecuador pudo haber enfrentado una condena superior a los\u00a0<b>USD 3.000 millones<\/b>, y que solo tras a\u00f1os de defensa se logr\u00f3 reducir la sanci\u00f3n al valor actual.<\/p>\n<p class=\"p_7\">Afirm\u00f3 que, aunque el monto es menor, contin\u00faa siendo<b>\u00a0\u201cuna carga que todos los ecuatorianos deber\u00e1n pagar\u201d.<\/b><\/p>\n<\/div>\n<h2 class=\"h2vistazo\">Revoluci\u00f3n Ciudadana vuelve a pedir respuesta en el \u00abCaso Porsche\u00bb<\/h2>\n<div class=\"paragraph texto\">\n<p class=\"p_8\">Poro otro lado, el jefe de bancada de la Revoluci\u00f3n Ciudadana, Juan Andr\u00e9s Gonz\u00e1lez, volvi\u00f3 a elevar\u00a0<b>cuestionamientos\u00a0<\/b>\u2014antes difundidos por su organizaci\u00f3n pol\u00edtica\u2014 sobre la\u00a0<b>explosi\u00f3n en junio del 2025 de un artefacto en las calles Eloy Alfaro y Ayacucho<\/b>, en la Bah\u00eda de Guayaquil,, calificando el hecho como un\u00a0<b>\u201cautoatentado\u201d.<\/b><\/p>\n<\/div>\n<div class=\"multimediaMacroWrapper img lateral\">\n<figure class=\"contentMedia art-img\">\n<div><img fetchpriority=\"high\" decoding=\"async\" class=\" lazyloaded\" title=\"Fotograf\u00eda que muestra a Gonz\u00e1lez exponiendo contradicciones entre versiones del csaso.\" src=\"https:\/\/www.vistazo.com\/placeholder\/svg\/viewbox\/768x512\" sizes=\"100vw\" srcset=\"\/\/www.vistazo.com\/binrepository\/768x512\/0c0\/0d0\/none\/12727\/VIJO\/20251210201928-contradiciones-caso-po_2571873_20251210122637.jpg 768w,\/\/www.vistazo.com\/binrepository\/640x427\/0c0\/0d0\/none\/12727\/VIJC\/20251210201928-contradiciones-caso-po_2571873_20251210122637.jpg 640w,\/\/www.vistazo.com\/binrepository\/512x341\/0c0\/0d0\/none\/12727\/VIJB\/20251210201928-contradiciones-caso-po_2571873_20251210122637.jpg 512w,\/\/www.vistazo.com\/binrepository\/384x256\/0c0\/0d0\/none\/12727\/VIJP\/20251210201928-contradiciones-caso-po_2571873_20251210122637.jpg 384w,\/\/www.vistazo.com\/binrepository\/300x200\/0c0\/0d0\/none\/12727\/VIJA\/20251210201928-contradiciones-caso-po_2571873_20251210122637.jpg 300w\" alt=\"$!Fotograf\u00eda que muestra a Gonz\u00e1lez exponiendo contradicciones entre versiones del csaso.\" width=\"768\" height=\"512\" data-srcset=\"\/\/www.vistazo.com\/binrepository\/768x512\/0c0\/0d0\/none\/12727\/VIJO\/20251210201928-contradiciones-caso-po_2571873_20251210122637.jpg 768w,\/\/www.vistazo.com\/binrepository\/640x427\/0c0\/0d0\/none\/12727\/VIJC\/20251210201928-contradiciones-caso-po_2571873_20251210122637.jpg 640w,\/\/www.vistazo.com\/binrepository\/512x341\/0c0\/0d0\/none\/12727\/VIJB\/20251210201928-contradiciones-caso-po_2571873_20251210122637.jpg 512w,\/\/www.vistazo.com\/binrepository\/384x256\/0c0\/0d0\/none\/12727\/VIJP\/20251210201928-contradiciones-caso-po_2571873_20251210122637.jpg 384w,\/\/www.vistazo.com\/binrepository\/300x200\/0c0\/0d0\/none\/12727\/VIJA\/20251210201928-contradiciones-caso-po_2571873_20251210122637.jpg 300w\" \/><\/div>\n<div class=\"cutline-byline\"><span class=\"cutline-text\">Fotograf\u00eda que muestra a Gonz\u00e1lez exponiendo contradicciones entre versiones del csaso.<\/span>\u00a0<span class=\"byline-image\">(HENRY LAPO)<\/span><\/div>\n<\/figure>\n<\/div>\n<div class=\"paragraph texto\">\n<p class=\"p_9\">El legislador mencion\u00f3 nuevamente el denominado\u00a0<b>\u201cCaso Porsche\u201d<\/b>, asegurando que el veh\u00edculo involucrado estar\u00eda vinculado a la familia del mandatario, reiterando que fue\u00a0<b>observado a las afueras de la vivienda de uno de los sospechosos<\/b>, en el sur de la ciudad portuaria.<\/p>\n<p class=\"p_11\">\u201cFiscal\u00eda, una instituci\u00f3n secuestrada por la funci\u00f3n ejecutiva,\u00a0<b>no ha iniciado la investigaci\u00f3n presentada el 15 de octubre de 2025<\/b>\u201d, afirm\u00f3. \u201cEse Porsche lleg\u00f3 a la casa de un terrorista. Ese Porsche pertenece a Industrial Molinera, es decir, a la familia del presidente\u201d, dijo Gonz\u00e1lez. <strong>Fuente: Vistazo<\/strong><\/p>\n<\/div>\n","protected":false},"excerpt":{"rendered":"<p>Fuertes intercambios se registraron este mi\u00e9rcoles en la Asamblea Nacional\u00a0entre la bancada oficialista Acci\u00f3n Democr\u00e1tica Nacional (ADN) y la Revoluci\u00f3n Ciudadana (RC), con respecto al reciente fallo del caso Chevron y la explosi\u00f3n de un artefacto en la Bah\u00eda de Guayaquil, el pasado 3 de junio. El asamble\u00edsta Xavier Ord\u00f3\u00f1ez (ADN) afirm\u00f3 que la Revoluci\u00f3n Ciudadana es la\u00a0principal responsable del reciente laudo arbitral\u00a0que obliga al Estado ecuatoriano a pagar\u00a0USD 220 millones\u00a0a Chevron. Seg\u00fan el legislador, las\u00a0actuaciones del corre\u00edsmo en el proceso judicial\u00a0vinculado al caso habr\u00edan derivado en que el tribunal internacional sancione econ\u00f3micamente al pa\u00eds. \u201cLo que hoy enfrenta el Ecuador es grav\u00edsimo: estuvimos a un paso de una cat\u00e1strofe econ\u00f3mica (&#8230;) La verdadera mano negra no fue la de Chevron, sino la del corre\u00edsmo, que una vez m\u00e1s intervino en la justicia\u201d, declar\u00f3 en una rueda de prensa. Ord\u00f3\u00f1ez asegur\u00f3 que\u00a0entre la d\u00e9cada de los 70 y los 90 existi\u00f3 contaminaci\u00f3n ambiental en la Amazon\u00eda\u00a0por operaciones conjuntas entre Texaco y el Estado, pero que posteriormente se certific\u00f3 que la petrolera hab\u00eda cumplido los procesos de remediaci\u00f3n. Seg\u00fan su versi\u00f3n, cuando el corre\u00edsmo lleg\u00f3 al poder\u00a0\u201cvio la oportunidad de un juicio millonario\u201d\u00a0basado en una\u00a0\u201cnarrativa populista\u201d, y habr\u00eda impulsado un proceso judicial plagado de irregularidades, entre ellas sentencias \u201cfabricadas\u201d y peritajes \u201cama\u00f1ados\u201d. El legislador sostuvo que, inicialmente, Ecuador pudo haber enfrentado una condena superior a los\u00a0USD 3.000 millones, y que solo tras a\u00f1os de defensa se logr\u00f3 reducir la sanci\u00f3n al valor actual. Afirm\u00f3 que, aunque el monto es menor, contin\u00faa siendo\u00a0\u201cuna carga que todos los ecuatorianos deber\u00e1n pagar\u201d. Revoluci\u00f3n Ciudadana vuelve a pedir respuesta en el \u00abCaso Porsche\u00bb Poro otro lado, el jefe de bancada de la Revoluci\u00f3n Ciudadana, Juan Andr\u00e9s Gonz\u00e1lez, volvi\u00f3 a elevar\u00a0cuestionamientos\u00a0\u2014antes difundidos por su organizaci\u00f3n pol\u00edtica\u2014 sobre la\u00a0explosi\u00f3n en junio del 2025 de un artefacto en las calles Eloy Alfaro y Ayacucho, en la Bah\u00eda de Guayaquil,, calificando el hecho como un\u00a0\u201cautoatentado\u201d. Fotograf\u00eda que muestra a Gonz\u00e1lez exponiendo contradicciones entre versiones del csaso.\u00a0(HENRY LAPO) El legislador mencion\u00f3 nuevamente el denominado\u00a0\u201cCaso Porsche\u201d, asegurando que el veh\u00edculo involucrado estar\u00eda vinculado a la familia del mandatario, reiterando que fue\u00a0observado a las afueras de la vivienda de uno de los sospechosos, en el sur de la ciudad portuaria. \u201cFiscal\u00eda, una instituci\u00f3n secuestrada por la funci\u00f3n ejecutiva,\u00a0no ha iniciado la investigaci\u00f3n presentada el 15 de octubre de 2025\u201d, afirm\u00f3. \u201cEse Porsche lleg\u00f3 a la casa de un terrorista. Ese Porsche pertenece a Industrial Molinera, es decir, a la familia del presidente\u201d, dijo Gonz\u00e1lez. Fuente: Vistazo<\/p>\n","protected":false},"author":1,"featured_media":28122,"comment_status":"closed","ping_status":"closed","sticky":false,"template":"","format":"standard","meta":{"footnotes":""},"categories":[268],"tags":[],"class_list":["post-28121","post","type-post","status-publish","format-standard","has-post-thumbnail","hentry","category-nacionales"],"_links":{"self":[{"href":"https:\/\/www.elamazonico.com\/portal\/wp-json\/wp\/v2\/posts\/28121","targetHints":{"allow":["GET"]}}],"collection":[{"href":"https:\/\/www.elamazonico.com\/portal\/wp-json\/wp\/v2\/posts"}],"about":[{"href":"https:\/\/www.elamazonico.com\/portal\/wp-json\/wp\/v2\/types\/post"}],"author":[{"embeddable":true,"href":"https:\/\/www.elamazonico.com\/portal\/wp-json\/wp\/v2\/users\/1"}],"replies":[{"embeddable":true,"href":"https:\/\/www.elamazonico.com\/portal\/wp-json\/wp\/v2\/comments?post=28121"}],"version-history":[{"count":1,"href":"https:\/\/www.elamazonico.com\/portal\/wp-json\/wp\/v2\/posts\/28121\/revisions"}],"predecessor-version":[{"id":28123,"href":"https:\/\/www.elamazonico.com\/portal\/wp-json\/wp\/v2\/posts\/28121\/revisions\/28123"}],"wp:featuredmedia":[{"embeddable":true,"href":"https:\/\/www.elamazonico.com\/portal\/wp-json\/wp\/v2\/media\/28122"}],"wp:attachment":[{"href":"https:\/\/www.elamazonico.com\/portal\/wp-json\/wp\/v2\/media?parent=28121"}],"wp:term":[{"taxonomy":"category","embeddable":true,"href":"https:\/\/www.elamazonico.com\/portal\/wp-json\/wp\/v2\/categories?post=28121"},{"taxonomy":"post_tag","embeddable":true,"href":"https:\/\/www.elamazonico.com\/portal\/wp-json\/wp\/v2\/tags?post=28121"}],"curies":[{"name":"wp","href":"https:\/\/api.w.org\/{rel}","templated":true}]}}