{"id":28072,"date":"2025-12-08T16:35:57","date_gmt":"2025-12-08T21:35:57","guid":{"rendered":"https:\/\/www.elamazonico.com\/portal\/?p=28072"},"modified":"2025-12-08T16:35:57","modified_gmt":"2025-12-08T21:35:57","slug":"un-ano-del-caso-malvinas-familias-esperan-justicia-tras-contradicciones-de-los-implicados","status":"publish","type":"post","link":"https:\/\/www.elamazonico.com\/portal\/un-ano-del-caso-malvinas-familias-esperan-justicia-tras-contradicciones-de-los-implicados\/","title":{"rendered":"Un a\u00f1o del caso Malvinas: Familias esperan justicia tras contradicciones de los implicados"},"content":{"rendered":"<div class=\"paragraph texto\">\n<p class=\"p_0\">Ha pasado un a\u00f1o y nadie sabe o se atreve a decir la verdad completa. Hay versiones a medias y versiones contradictorias. Ninguno de los\u00a0<b><a href=\"https:\/\/www.vistazo.com\/actualidad\/nacional\/2025-17-11-caso-las-malvinas-familiar-militares-rompio-silencio-video-agresiones-KG10437490\">cuatro chicos de Las Malvinas\u00a0<\/a><\/b>est\u00e1 aqu\u00ed para contar c\u00f3mo, despu\u00e9s de un partido de f\u00fatbol entre amigos, la noche del 8 de diciembre de 2024, fueron detenidos por una patrulla militar en Guayaquil. Los militares los golpearon, los torturaron y los abandonaron a su suerte en un lugar rural de<b><a href=\"https:\/\/www.vistazo.com\/actualidad\/nacional\/2024-12-27-ninos-desaparecidos-guayaquil-como-es-taura-parroquia-vistos-ultima-vez-YA8534212\">\u00a0Taura<\/a><\/b>, heridos y desnudos.\u00a0<u><b>Josu\u00e9, Ismael, Nehem\u00edas y Steven no vivieron para contarlo<\/b><\/u>, pero esto se demostr\u00f3 en las audiencias del caso \u201cMalvinas\u201d. Hay videos grabados por los propios militares que lo corroboran.<\/p>\n<p class=\"p_1\">Tres semanas despu\u00e9s de la desaparici\u00f3n,\u00a0<u><b>sus cuerpos fueron hallados: calcinados, cercenados, sin \u00f3rganos.<\/b><\/u> \u00bfQui\u00e9n se hace responsable? Las familias piden justicia y ruegan para que ning\u00fan padre o madre tenga que vivir la angustia de la que han sido v\u00edctimas, mucho menos la indolencia del Estado que no les dio respuestas a tiempo.<\/p>\n<p class=\"p_3\">Durante la primera semana de la desaparici\u00f3n, aunque los padres ya estaban en contacto con agentes de la Unase, para investigar el hecho,\u00a0<u><b>nadie les confirm\u00f3 que los militares se hab\u00edan llevado a sus hijos<\/b><\/u>. Entre el 14 y el 17 de diciembre el caso salt\u00f3 a la prensa: se hablaba de que sujetos vestidos de militares secuestraron a los chicos, lo que se confirm\u00f3 por esos mismos d\u00edas, cuando se filtraron los videos de las c\u00e1maras de seguridad, en las que se ve\u00eda como los militares sub\u00edan a Josu\u00e9, Ismael, Nehem\u00edas y Steven a dos camionetas.<\/p>\n<div class=\"Center2Display\">\n<div id=\"Center2\" data-google-query-id=\"CKeVzev4rpEDFeIkHAAd43g1_Q\">\n<div id=\"google_ads_iframe_\/21839199781\/Vistazo\/Vistazo_Center2_0__container__\"><\/div>\n<\/div>\n<\/div>\n<\/div>\n<div class=\"html_text\"><iframe id=\"instagram-embed-0\" class=\"instagram-media instagram-media-rendered\" src=\"https:\/\/www.instagram.com\/p\/DSAjv90jbo8\/embed\/?cr=1&amp;v=14&amp;wp=675&amp;rd=https%3A%2F%2Fwww.vistazo.com&amp;rp=%2Factualidad%2Fnacional%2F2025-12-08-ano-caso-malvinas-familias-justicia-contradicciones-implicados-NH10531826#%7B%22ci%22%3A0%2C%22os%22%3A3451.7999999523163%2C%22ls%22%3A1527.3999998569489%2C%22le%22%3A3440.899999856949%7D\" height=\"881\" frameborder=\"0\" scrolling=\"no\" allowfullscreen=\"allowfullscreen\" data-instgrm-payload-id=\"instagram-media-payload-0\" data-mce-fragment=\"1\"><\/iframe><\/div>\n<div class=\"paragraph texto\">\n<p class=\"p_4\">Mientras tanto, los militares implicados ya hab\u00edan organizado un\u00a0<u><b>chat grupal al d\u00eda siguiente para acordar una sola versi\u00f3n<\/b><\/u>. En las audiencias, el sargento Nelson S. Z. indic\u00f3 que el 10 de diciembre del 2024, dos d\u00edas despu\u00e9s de la desaparici\u00f3n, el subteniente John Henry Z. E., a cargo de las patrullas, cont\u00f3 que un general y tres coroneles le ordenaron borrar un video con agresiones\u00a0<u><b>\u201cporque el caso ser\u00eda todav\u00eda m\u00e1s pol\u00e9mico de lo que ya era\u201d<\/b><\/u>.<\/p>\n<p class=\"p_5\">Para el 19 de diciembre, con toda la presi\u00f3n encima, FF.AA. emiti\u00f3 un comunicado en el que dec\u00eda que colaborar\u00eda con todas las investigaciones. No reconoc\u00eda que los militares se llevaron a los chicos. Para el 21 de diciembre, el ministro de Defensa,\u00a0<u><b>Gian Carlo Loffredo<\/b><\/u>, emiti\u00f3 un mensaje: responsabilizaba a grupos criminales de la desaparici\u00f3n y dec\u00eda que querer responsabilizar a las FF.AA. por una supuesta desaparici\u00f3n forzada era hacerle el juego al crimen organizado.<\/p>\n<\/div>\n<div class=\"multimediaMacroWrapper img lateral\">\n<figure class=\"contentMedia art-img\">\n<div><img fetchpriority=\"high\" decoding=\"async\" class=\" lazyloaded\" title=\"Momento en que militares detienen a los ni\u00f1os de Las Malvinas.\" src=\"https:\/\/www.vistazo.com\/placeholder\/svg\/viewbox\/768x402\" sizes=\"100vw\" srcset=\"\/\/www.vistazo.com\/binrepository\/768x402\/0c0\/0d0\/none\/12727\/AJON\/portadas-web_2566492_20251208090451.jpg 768w,\/\/www.vistazo.com\/binrepository\/640x335\/0c0\/0d0\/none\/12727\/AJJC\/portadas-web_2566492_20251208090451.jpg 640w,\/\/www.vistazo.com\/binrepository\/512x268\/0c0\/0d0\/none\/12727\/AJEC\/portadas-web_2566492_20251208090451.jpg 512w,\/\/www.vistazo.com\/binrepository\/384x201\/0c0\/0d0\/none\/12727\/AJNN\/portadas-web_2566492_20251208090451.jpg 384w,\/\/www.vistazo.com\/binrepository\/300x157\/0c0\/0d0\/none\/12727\/AJLH\/portadas-web_2566492_20251208090451.jpg 300w\" alt=\"$!Momento en que militares detienen a los ni\u00f1os de Las Malvinas.\" width=\"768\" height=\"402\" data-srcset=\"\/\/www.vistazo.com\/binrepository\/768x402\/0c0\/0d0\/none\/12727\/AJON\/portadas-web_2566492_20251208090451.jpg 768w,\/\/www.vistazo.com\/binrepository\/640x335\/0c0\/0d0\/none\/12727\/AJJC\/portadas-web_2566492_20251208090451.jpg 640w,\/\/www.vistazo.com\/binrepository\/512x268\/0c0\/0d0\/none\/12727\/AJEC\/portadas-web_2566492_20251208090451.jpg 512w,\/\/www.vistazo.com\/binrepository\/384x201\/0c0\/0d0\/none\/12727\/AJNN\/portadas-web_2566492_20251208090451.jpg 384w,\/\/www.vistazo.com\/binrepository\/300x157\/0c0\/0d0\/none\/12727\/AJLH\/portadas-web_2566492_20251208090451.jpg 300w\" \/><\/div>\n<div class=\"cutline-byline\"><span class=\"cutline-text\">Momento en que militares detienen a los ni\u00f1os de Las Malvinas.\u00a0<\/span><span class=\"byline-image\">(Foto: captura )<\/span><\/div>\n<\/figure>\n<\/div>\n<h2 class=\"h2vistazo\">DESAPARICI\u00d3N FORZADA<\/h2>\n<div class=\"paragraph texto\">\n<p class=\"p_7\">Pero no era supuesta: fue una\u00a0<u><b>desaparici\u00f3n forzada<\/b><\/u>\u00a0y as\u00ed lo determin\u00f3 Fiscal\u00eda en su acusaci\u00f3n. De hecho, el lunes 8 de diciembre, el Ministerio P\u00fablico pidi\u00f3 34 a\u00f1os de prisi\u00f3n para algunos de los 17 militares implicados.<\/p>\n<p class=\"p_8\">Previamente, el soldado\u00a0<u><b>\u00c1lex Xavier Q. A.<\/b><\/u>, quien se someti\u00f3 al procedimiento de cooperaci\u00f3n eficaz,\u00a0<u><b>pidi\u00f3 disculpas a las familias de los chicos y acept\u00f3 haber encubierto informaci\u00f3n<\/b><\/u>\u00a0por temor a represalias de sus superiores.<\/p>\n<p class=\"p_9\">No obstante, otros procesados mantienen la versi\u00f3n de que arrestaron a los chicos porque les proporcionaron informaci\u00f3n de que hab\u00edan sido part\u00edcipes de un robo, y que no los agredieron y los liberaron sanos y salvos.<\/p>\n<p class=\"p_10\">Con estas versiones a medias y contradictorias, depender\u00e1 del tribunal a cargo del caso, esclarecer la verdad en funci\u00f3n de las pruebas presentadas. La\u00a0<u><b>Fiscal\u00eda no ha encontrado ning\u00fan indicio de que los menores hayan cometido un acto il\u00edcito<\/b><\/u>, seg\u00fan coment\u00f3\u00a0<u><b>Abraham Aguirre<\/b><\/u>, abogado de las familias de las v\u00edctimas. Es m\u00e1s, Mois\u00e9s L., uno de los cuatro soldados que cooperaron con la justicia, asegur\u00f3 que un vendedor de agua les dijo que eran otras personas las que estaban asaltando.<\/p>\n<p class=\"p_11\">En lo que coinciden todos los militares es que dejaron a los chicos, sanos o golpeados. Nadie sabe qu\u00e9 pas\u00f3 despu\u00e9s: hay una investigaci\u00f3n a parte por ese caso y se presume que una banda los asesin\u00f3.<\/p>\n<p class=\"p_12\">\u201c<u><b>Ellos (los militares) sab\u00edan que era un sector de alta conflictividad<\/b><\/u>\u00a0inclusive en el juicio se mencion\u00f3 a un reconocido Grupo de Delincuencia Organizada (GDO), que opera en ese sector, por lo que el \u2018sanos y salvos\u2019 no se cumpli\u00f3\u201d, subray\u00f3 Aguirre al cuestionar que las patrullas dejaran abandonados a los chicos a su suerte en Taura.<\/p>\n<\/div>\n<div class=\"multimediaMacroWrapper img lateral\">\n<figure class=\"contentMedia art-img\">\n<div><img decoding=\"async\" class=\" lazyloaded\" title=\"Los cuatro ni\u00f1os de Las Malvinas.\" src=\"https:\/\/www.vistazo.com\/placeholder\/svg\/viewbox\/768x402\" sizes=\"100vw\" srcset=\"\/\/www.vistazo.com\/binrepository\/768x402\/0c0\/0d0\/none\/12727\/TXIC\/portadas-web-1_2566508_20251208091203.jpg 768w,\/\/www.vistazo.com\/binrepository\/640x335\/0c0\/0d0\/none\/12727\/TXIT\/portadas-web-1_2566508_20251208091203.jpg 640w,\/\/www.vistazo.com\/binrepository\/512x268\/0c0\/0d0\/none\/12727\/TXIF\/portadas-web-1_2566508_20251208091203.jpg 512w,\/\/www.vistazo.com\/binrepository\/384x201\/0c0\/0d0\/none\/12727\/TXIY\/portadas-web-1_2566508_20251208091203.jpg 384w,\/\/www.vistazo.com\/binrepository\/300x157\/0c0\/0d0\/none\/12727\/TXIU\/portadas-web-1_2566508_20251208091203.jpg 300w\" alt=\"$!Los cuatro ni\u00f1os de Las Malvinas.\" width=\"768\" height=\"402\" data-srcset=\"\/\/www.vistazo.com\/binrepository\/768x402\/0c0\/0d0\/none\/12727\/TXIC\/portadas-web-1_2566508_20251208091203.jpg 768w,\/\/www.vistazo.com\/binrepository\/640x335\/0c0\/0d0\/none\/12727\/TXIT\/portadas-web-1_2566508_20251208091203.jpg 640w,\/\/www.vistazo.com\/binrepository\/512x268\/0c0\/0d0\/none\/12727\/TXIF\/portadas-web-1_2566508_20251208091203.jpg 512w,\/\/www.vistazo.com\/binrepository\/384x201\/0c0\/0d0\/none\/12727\/TXIY\/portadas-web-1_2566508_20251208091203.jpg 384w,\/\/www.vistazo.com\/binrepository\/300x157\/0c0\/0d0\/none\/12727\/TXIU\/portadas-web-1_2566508_20251208091203.jpg 300w\" \/><\/div>\n<div class=\"cutline-byline\"><span class=\"cutline-text\">Los cuatro ni\u00f1os de Las Malvinas.<\/span>\u00a0<span class=\"byline-image\">(Foto: archivo )<\/span><\/div>\n<\/figure>\n<\/div>\n<h2 class=\"h2vistazo\">LO QUE SALI\u00d3 A LA LUZ EN EL JUICIO<\/h2>\n<div class=\"paragraph texto\">\n<p class=\"p_14\">Tras la conmoci\u00f3n que gener\u00f3 el caso, la primera defensa de los militares aseguraba en varias entrevistas que\u00a0<u><b>los implicados colaboraron desde el principio de las investigaciones.<\/b><\/u>\u00a0Sin embargo, el proceso judicial ha evidenciado lo contrario.<\/p>\n<p class=\"p_15\">Por ejemplo, un oficial orden\u00f3 a los soldados que eliminaran videos comprometedores, pero\u00a0<u><b>uno de ellos ya hab\u00eda enviado un clip a su hermana<\/b><\/u>\u00a0porque \u201clas cosas se estaban saliendo de control\u201d. Ese material luego se convirti\u00f3 en una de las piezas clave, ya que en el video se escuchan frases como\u00a0<u><b>\u201cya llegamos al lugar donde van a morir\u201d o \u201cagradece que no te disparo\u201d.<\/b><\/u><\/p>\n<p class=\"p_16\">As\u00ed mismo, los 16 implicados ten\u00edan un\u00a0<u><b>chat para coordinar su defensa<\/b><\/u>\u00a0e incluso hubo discordia entre los integrantes del grupo por la informaci\u00f3n que iban a dar en primera instancia. Durante el juicio el soldado Christian A., el \u00faltimo cooperador eficaz que rindi\u00f3 versi\u00f3n, tambi\u00e9n cont\u00f3 que todos \u201cacordaron lo que iban a decir\u201d a tal punto que su<u><b>\u00a0primera versi\u00f3n escrita fue \u201ccopia y pega\u201d del texto de otro compa\u00f1ero<\/b><\/u>, cambiando solo un \u201cpar de palabras\u201d. Esto bajo el argumento del\u00a0<u><b>\u201cesp\u00edritu de cuerpo\u201d<\/b><\/u>.<\/p>\n<p class=\"p_17\">No obstante, otro grupo de procesados han rechazado este tipo de acusaciones. El subteniente John Henry Z. E., principal se\u00f1alado como presunto autor de desaparici\u00f3n forzada, asegur\u00f3 que los colabores de Fiscal\u00eda\u00a0<u><b>fabricaron historias para obtener beneficios penitenciarios<\/b><\/u>. Adem\u00e1s, rechaz\u00f3 que haya ejecutado agresiones y disparos, indicando que todas las municiones se entregaron sin faltantes.<\/p>\n<p class=\"p_18\">En su testimonio tambi\u00e9n se\u00f1al\u00f3 a los miembros de bandas criminales como los responsables de la desaparici\u00f3n y asesinato de lo cuatro menores.<u><b>\u00a0\u201cSe\u00f1or fiscal, por qu\u00e9 no se investiga. Los verdaderos responsables siguen afuera, quiz\u00e1s ri\u00e9ndose de lo sucedido\u201d<\/b><\/u>, acot\u00f3.<\/p>\n<p class=\"p_19\">\u00c9l y al menos otros cuatro uniformados tambi\u00e9n coinciden en que el objetivo inicial era llevar a las v\u00edctimas a una UPC de Virgen de F\u00e1tima, pero en el camino se desviaron tras una alerta de desmanes en un night club. Por otro lado, los cooperadores han manifestado que no sab\u00edan el destino exacto o incluso que el subteniente quer\u00eda llevarlos a una fosa, algo que \u00e9l ha negado.<\/p>\n<\/div>\n<div class=\"multimediaMacroWrapper img lateral\">\n<figure class=\"contentMedia art-img\">\n<div><img decoding=\"async\" class=\" lazyloaded\" title=\"Reconstrucci\u00f3n de los hechos.\" src=\"https:\/\/www.vistazo.com\/placeholder\/svg\/viewbox\/768x512\" sizes=\"100vw\" srcset=\"\/\/www.vistazo.com\/binrepository\/768x512\/0c0\/0d0\/none\/12727\/CKLO\/20250317153845-gye-caso-malvinas-taur_2566562_20251208092422.jpg 768w,\/\/www.vistazo.com\/binrepository\/640x427\/0c0\/0d0\/none\/12727\/CKLC\/20250317153845-gye-caso-malvinas-taur_2566562_20251208092422.jpg 640w,\/\/www.vistazo.com\/binrepository\/512x341\/0c0\/0d0\/none\/12727\/CKLB\/20250317153845-gye-caso-malvinas-taur_2566562_20251208092422.jpg 512w,\/\/www.vistazo.com\/binrepository\/384x256\/0c0\/0d0\/none\/12727\/CKLP\/20250317153845-gye-caso-malvinas-taur_2566562_20251208092422.jpg 384w,\/\/www.vistazo.com\/binrepository\/300x200\/0c0\/0d0\/none\/12727\/CKLA\/20250317153845-gye-caso-malvinas-taur_2566562_20251208092422.jpg 300w\" alt=\"$!Reconstrucci\u00f3n de los hechos.\" width=\"768\" height=\"512\" data-srcset=\"\/\/www.vistazo.com\/binrepository\/768x512\/0c0\/0d0\/none\/12727\/CKLO\/20250317153845-gye-caso-malvinas-taur_2566562_20251208092422.jpg 768w,\/\/www.vistazo.com\/binrepository\/640x427\/0c0\/0d0\/none\/12727\/CKLC\/20250317153845-gye-caso-malvinas-taur_2566562_20251208092422.jpg 640w,\/\/www.vistazo.com\/binrepository\/512x341\/0c0\/0d0\/none\/12727\/CKLB\/20250317153845-gye-caso-malvinas-taur_2566562_20251208092422.jpg 512w,\/\/www.vistazo.com\/binrepository\/384x256\/0c0\/0d0\/none\/12727\/CKLP\/20250317153845-gye-caso-malvinas-taur_2566562_20251208092422.jpg 384w,\/\/www.vistazo.com\/binrepository\/300x200\/0c0\/0d0\/none\/12727\/CKLA\/20250317153845-gye-caso-malvinas-taur_2566562_20251208092422.jpg 300w\" \/><\/div>\n<div class=\"cutline-byline\"><span class=\"cutline-text\">Reconstrucci\u00f3n de los hechos.\u00a0<\/span><span class=\"byline-image\">(API)<\/span><\/div>\n<\/figure>\n<\/div>\n<h2 class=\"h2vistazo\">ERROR DE PROCEDIMIENTO<\/h2>\n<div class=\"paragraph texto\">\n<p class=\"p_21\">Independientemente de las versiones irreconciliables de cada grupo de militares implicados, el general\u00a0<u><b>Wagner Bravo<\/b><\/u>, exsecretario de Seguridad P\u00fablica y del Estado, explica que hay un\u00a0<u>evidente error de procedimiento por parte de la patrulla.<\/u><\/p>\n<\/div>\n<div class=\"Citavistazo\">\u201cTen\u00edan que haber esperado en el lugar hasta que lleguen agentes policiales porque ellos son los que deben detener a las personas en un acto delictivo, esa no es funci\u00f3n de los militares, es un trabajo complementario con la Polic\u00eda\u201d, indic\u00f3 el exfuncionario.<\/div>\n<div class=\"paragraph texto\">\n<p class=\"p_22\">Agrega que el concepto de esp\u00edritu de cuerpo, que algunos implicados nombraron en sus testimonios, se ha\u00a0<u><b>\u201cdistorsionado\u201d<\/b><\/u>\u00a0porque originalmente se refiere a ayudarse entre soldados en situaciones de peligro, pero eso no quiere decir que ante una irregularidad se trate de construir una historia o decir mentiras.<\/p>\n<p class=\"p_23\">Sobre el argumento de los acusados de que no pod\u00edan desacatar \u00f3rdenes de su superior, en este caso del subteniente, l\u00edder de la patrulla, Wagner Bravo aclara que<u><b>\u00a0las jerarqu\u00edas funcionan en el marco de una orden militar\u00a0<\/b><\/u>para un trabajo profesional.<\/p>\n<p class=\"p_24\">\u201cPero en el caso de una inconducta, ahora con aspecto legal,\u00a0<b>ellos s\u00ed podr\u00edan haber dicho: \u2018Mi subteniente, no creo que est\u00e9 bien porque estamos cometiendo una inconducta&#8217;<\/b>. Inclusive eso tambi\u00e9n es esp\u00edritu de cuerpo, decir: \u2018Oigan, no est\u00e1 bien\u2019 y, si no me hacen caso porque soy de menor rango, por lo menos queda la constancia de que expres\u00e9 mi postura\u201d.<\/p>\n<p class=\"p_25\">Bravo reconoce que el caso Malvinas s\u00ed ha golpeado la imagen de las Fuerzas Armadas y la instituci\u00f3n debe tomarlo como una lecci\u00f3n para fortalecer la preparaci\u00f3n de soldados tanto a nivel t\u00e1ctico como en la parte legal de las normas que los rigen.<\/p>\n<\/div>\n<div class=\"multimediaMacroWrapper img lateral\">\n<figure class=\"contentMedia art-img\">\n<div><img loading=\"lazy\" decoding=\"async\" class=\" lazyloaded\" title=\"Reconstrucci\u00f3n de los hechos.\" src=\"https:\/\/www.vistazo.com\/placeholder\/svg\/viewbox\/768x512\" sizes=\"100vw\" srcset=\"\/\/www.vistazo.com\/binrepository\/768x512\/0c0\/0d0\/none\/12727\/VKLO\/20250317153832-gye-caso-malvinas-taur_2566587_20251208093505.jpg 768w,\/\/www.vistazo.com\/binrepository\/640x427\/0c0\/0d0\/none\/12727\/VKLC\/20250317153832-gye-caso-malvinas-taur_2566587_20251208093505.jpg 640w,\/\/www.vistazo.com\/binrepository\/512x341\/0c0\/0d0\/none\/12727\/VKLB\/20250317153832-gye-caso-malvinas-taur_2566587_20251208093505.jpg 512w,\/\/www.vistazo.com\/binrepository\/384x256\/0c0\/0d0\/none\/12727\/VKLP\/20250317153832-gye-caso-malvinas-taur_2566587_20251208093505.jpg 384w,\/\/www.vistazo.com\/binrepository\/300x200\/0c0\/0d0\/none\/12727\/VKLA\/20250317153832-gye-caso-malvinas-taur_2566587_20251208093505.jpg 300w\" alt=\"$!Reconstrucci\u00f3n de los hechos.\" width=\"768\" height=\"512\" data-srcset=\"\/\/www.vistazo.com\/binrepository\/768x512\/0c0\/0d0\/none\/12727\/VKLO\/20250317153832-gye-caso-malvinas-taur_2566587_20251208093505.jpg 768w,\/\/www.vistazo.com\/binrepository\/640x427\/0c0\/0d0\/none\/12727\/VKLC\/20250317153832-gye-caso-malvinas-taur_2566587_20251208093505.jpg 640w,\/\/www.vistazo.com\/binrepository\/512x341\/0c0\/0d0\/none\/12727\/VKLB\/20250317153832-gye-caso-malvinas-taur_2566587_20251208093505.jpg 512w,\/\/www.vistazo.com\/binrepository\/384x256\/0c0\/0d0\/none\/12727\/VKLP\/20250317153832-gye-caso-malvinas-taur_2566587_20251208093505.jpg 384w,\/\/www.vistazo.com\/binrepository\/300x200\/0c0\/0d0\/none\/12727\/VKLA\/20250317153832-gye-caso-malvinas-taur_2566587_20251208093505.jpg 300w\" \/><\/div>\n<div class=\"cutline-byline\"><span class=\"cutline-text\">Reconstrucci\u00f3n de los hechos.\u00a0<\/span><span class=\"byline-image\">(API)<\/span><\/div>\n<\/figure>\n<\/div>\n<h2 class=\"h2vistazo\">LAS CONTRADICCIONES DEL GOBIERNO<\/h2>\n<div class=\"paragraph texto\">\n<p class=\"p_27\">En diciembre del 2024, cuando se conoci\u00f3 la desaparici\u00f3n de los cuatro menores de Guayaquil, las principales autoridades emitieron declaraciones confusas. Por un lado, el ministro de Defensa, Giancarlo Loffredo, manifest\u00f3 que las v\u00edctimas fueron detenidas porque\u00a0<u><b>\u201cestaban presuntamente rob\u00e1ndole a una mujer\u201d<\/b><\/u>. Mientras que el presidente\u00a0<u><b>Daniel Noboa<\/b><\/u>\u00a0dijo que<u><b>\u00a0\u201cno se va a encubrir a nadie\u201d<\/b><\/u>\u00a0e incluso sugiri\u00f3 \u201cque los cuatro chicos sean considerados como h\u00e9roes nacionales\u201d.<\/p>\n<p class=\"p_28\">En enero del 2025, Loffredo fue obligado por una jueza a pedir disculpas p\u00fablicas en cadena nacional, pero en su mensaje tambi\u00e9n advirti\u00f3 que llegar\u00e1<u><b>\u00a0\u201chasta las \u00faltimas consecuencias\u201d<\/b><\/u>\u00a0para que la magistrada sea sancionada. Adem\u00e1s, dijo que se estaba usando \u201cuna narrativa de derechos humanos como instrumento de persecuci\u00f3n pol\u00edtica\u201d.<\/p>\n<p class=\"p_29\">Tras estas y otras breves declaraciones de Loffredo bajo la misma narrativa, el Gobierno no volvi\u00f3 a pronunciarse sobre el caso. Incluso ahora que cuatro militares han pedido disculpas y reconocido irregularidades en la captura de los menores,\u00a0<u><b>las autoridades han mantenido un absoluto silencio.<\/b><\/u>\u00a0Vistazo pidi\u00f3 una reacci\u00f3n al Ministerio de Defensa, pero hasta el cierre de esta nota no ha existido una respuesta.<\/p>\n<p class=\"p_30\"><u><b>Jean Paul Pinto<\/b><\/u>, experto en seguridad y defensa, considera que desde el Gobierno se trat\u00f3 de \u201cdefender lo indefendible y un a\u00f1o despu\u00e9s nos damos cuenta que\u00a0<u><b>hubo un mal protocolo<\/b><\/u>, que termin\u00f3 con la muerte de los ni\u00f1os\u201d, aunque a\u00fan no se ha determinado qui\u00e9n orden\u00f3 el asesinato, ya que todos los militares han insistido en no conocer detalles de lo que sucedi\u00f3 despu\u00e9s del abandonarlos.<\/p>\n<p class=\"p_31\">Califica la actitud del ministro Loffredo como<u><b>\u00a0\u201cdesafiante\u201d<\/b><\/u>, cuando m\u00e1s bien cab\u00eda unas disculpas y acciones concretas para evitar la repetici\u00f3n de este tipo de hechos.<\/p>\n<\/div>\n<div class=\"Citavistazo\">\u201cHasta ahora no hay claridad sobre los correctivos que se han tomado, si es que se est\u00e1 trabajando en manuales o reforzando el entrenamiento. Un a\u00f1o despu\u00e9s esa es la gran deuda\u201d.<\/div>\n<div class=\"paragraph texto\">\n<p class=\"p_32\">Asimismo, Pinto cree que el caso deja en evidencia que \u201cno es una buena idea\u201d que los militares intervengan en temas de seguridad p\u00fablica\u00a0<u><b>\u201cporque las consecuencias pueden ser graves tanto para los ciudadanos como para la propia instituci\u00f3n\u201d<\/b><\/u>. Por ello, indica que las intervenciones militares deben ser en temas espec\u00edficos, que respondan al entrenamiento que han recibido.<\/p>\n<\/div>\n<div class=\"multimediaMacroWrapper img lateral\">\n<figure class=\"contentMedia art-img\">\n<div><img loading=\"lazy\" decoding=\"async\" class=\" lazyloaded\" title=\"Disculpas p\u00fablicas del ministro de Defensa.\" src=\"https:\/\/www.vistazo.com\/placeholder\/svg\/viewbox\/768x402\" sizes=\"100vw\" srcset=\"\/\/www.vistazo.com\/binrepository\/768x402\/0c0\/0d0\/none\/12727\/YEIC\/portadas-web-2_2566592_20251208093507.jpg 768w,\/\/www.vistazo.com\/binrepository\/640x335\/0c0\/0d0\/none\/12727\/YEIT\/portadas-web-2_2566592_20251208093507.jpg 640w,\/\/www.vistazo.com\/binrepository\/512x268\/0c0\/0d0\/none\/12727\/YEIF\/portadas-web-2_2566592_20251208093507.jpg 512w,\/\/www.vistazo.com\/binrepository\/384x201\/0c0\/0d0\/none\/12727\/YEIY\/portadas-web-2_2566592_20251208093507.jpg 384w,\/\/www.vistazo.com\/binrepository\/300x157\/0c0\/0d0\/none\/12727\/YEIU\/portadas-web-2_2566592_20251208093507.jpg 300w\" alt=\"$!Disculpas p\u00fablicas del ministro de Defensa.\" width=\"768\" height=\"402\" data-srcset=\"\/\/www.vistazo.com\/binrepository\/768x402\/0c0\/0d0\/none\/12727\/YEIC\/portadas-web-2_2566592_20251208093507.jpg 768w,\/\/www.vistazo.com\/binrepository\/640x335\/0c0\/0d0\/none\/12727\/YEIT\/portadas-web-2_2566592_20251208093507.jpg 640w,\/\/www.vistazo.com\/binrepository\/512x268\/0c0\/0d0\/none\/12727\/YEIF\/portadas-web-2_2566592_20251208093507.jpg 512w,\/\/www.vistazo.com\/binrepository\/384x201\/0c0\/0d0\/none\/12727\/YEIY\/portadas-web-2_2566592_20251208093507.jpg 384w,\/\/www.vistazo.com\/binrepository\/300x157\/0c0\/0d0\/none\/12727\/YEIU\/portadas-web-2_2566592_20251208093507.jpg 300w\" \/><\/div>\n<div class=\"cutline-byline\"><span class=\"cutline-text\">Disculpas p\u00fablicas del ministro de Defensa.\u00a0<\/span><span class=\"byline-image\">(Foto: captura)<\/span><\/div>\n<\/figure>\n<\/div>\n<h2 class=\"h2vistazo\">GARANT\u00cdA DE NO REPETICI\u00d3N<\/h2>\n<div class=\"paragraph texto\">\n<p class=\"p_34\"><u><b>Abraham Aguirre<\/b><\/u>, abogado de las familias de las v\u00edctimas e integrante del Comit\u00e9 Permanente por la Defensa de los Derechos Humanos (CDH), se\u00f1al\u00f3 que desde el Gobierno recibieron comentarios\u00a0<u><b>\u201clacerantes, estigmatizantes y peyorativos\u201d.<\/b><\/u><\/p>\n<p class=\"p_35\">Adem\u00e1s, record\u00f3 que la exministra del Interior,\u00a0<b>M\u00f3nica Palencia<\/b>\u00a0y el ministro de Defensa,\u00a0<b>Gian Carlo Loffredo<\/b>,\u00a0<u><b>apelaron el habeas corpus<\/b><\/u>\u00a0con el que una jueza dispuso que el caso sea tratado como desaparici\u00f3n forzada, logrando que se revoque la sentencia.<\/p>\n<p class=\"p_36\">Ante estas actitudes, la defensa ha interpuesto una<u><b>\u00a0acci\u00f3n extraordinaria de protecci\u00f3n en la Corte Constitucional\u00a0<\/b><\/u>en contra del tribunal de la Corte Provincial de Justicia del Guayas, que revoc\u00f3 el habeas corpus.<\/p>\n<p class=\"p_37\">Aguirre coment\u00f3 que el objetivo no solo es poner en evidencia la actitud de la Corte, sino tambi\u00e9n que los Ministerios del Interior y Defensa asuman su responsabilidad.<u><b>\u00a0\u201cQueremos una garant\u00eda de no repetici\u00f3n\u201d.<\/b><\/u><\/p>\n<p class=\"p_38\">Mientras tanto, en Quito se lleva a cabo una<u><b>\u00a0segunda investigaci\u00f3n por el presunto delito de secuestro con resultado de muerte<\/b><\/u>, la cual determinar\u00e1 a los autores materiales e intelectuales del asesinato de los cuatro menores de Las Malvinas.<\/p>\n<p class=\"p_40\">Las indagaciones a\u00fan siguen en reserva y se desconoce detalles tras casi un a\u00f1o de la desaparici\u00f3n. No obstante, Aguirre avanz\u00f3 que los militares tambi\u00e9n podr\u00edan ser procesados en esta causa \u201cal ser servidores p\u00fablicos que deb\u00edan precautelar por la seguridad de las v\u00edctimas,\u00a0<u><b>teniendo en cuenta que eran de un grupo prioritario<\/b><\/u>\u201d.<\/p>\n<p class=\"p_41\">Durante el proceso judicial un hombre, identificado como\u00a0<u><b>Luigi V.<\/b><\/u>, asegur\u00f3 en una primera versi\u00f3n que\u00a0<u><b>alias \u2018Momo\u2019<\/b><\/u>, un l\u00edder local de la banda criminal \u2018Los Lobos\u2019, que opera en Taura, dio la orden para asesinar a los menores e incluso especific\u00f3 los apodos de emisarios del cabecilla delictivo.<\/p>\n<p class=\"p_42\">Sin embargo, el presunto testigo desapareci\u00f3 y no rindi\u00f3 testimonio anticipado, aunque la investigaci\u00f3n policial ir\u00eda encaminada en una teor\u00eda similar. En la doceava sesi\u00f3n del juicio, el mayor de Polic\u00eda,\u00a0<b>Edwin S\u00e1nchez<\/b>, expuso el contenido de su informe preliminar, de diciembre del 2024, en el que se\u00f1al\u00f3 a<u><b>\u00a0\u2018Momo\u2019 y otros dos integrantes de \u2018Las \u00c1guilas\u2019 como presuntos autores materiales del crimen.<\/b><\/u><\/p>\n<p class=\"p_43\">De hecho, en el celular de \u2018Momo\u2019, explotado en el marco de un proceso por el delito de tenencia y tr\u00e1fico de armas por el cual fue recapturado en marzo del 2025,\u00a0<u><b>se encontr\u00f3 una foto de un hombre con un supuesto uniforme junto a una persona sin camiseta<\/b><\/u> y en pantaloneta. Tambi\u00e9n, se conoci\u00f3 que el criminal estaba pendiente del caso Malvinas, ya que ten\u00eda publicaciones de medios de comunicaci\u00f3n sobre el tema. <strong>Fuente: Vistazo<\/strong><\/p>\n<\/div>\n","protected":false},"excerpt":{"rendered":"<p>Ha pasado un a\u00f1o y nadie sabe o se atreve a decir la verdad completa. Hay versiones a medias y versiones contradictorias. Ninguno de los\u00a0cuatro chicos de Las Malvinas\u00a0est\u00e1 aqu\u00ed para contar c\u00f3mo, despu\u00e9s de un partido de f\u00fatbol entre amigos, la noche del 8 de diciembre de 2024, fueron detenidos por una patrulla militar en Guayaquil. Los militares los golpearon, los torturaron y los abandonaron a su suerte en un lugar rural de\u00a0Taura, heridos y desnudos.\u00a0Josu\u00e9, Ismael, Nehem\u00edas y Steven no vivieron para contarlo, pero esto se demostr\u00f3 en las audiencias del caso \u201cMalvinas\u201d. Hay videos grabados por los propios militares que lo corroboran. Tres semanas despu\u00e9s de la desaparici\u00f3n,\u00a0sus cuerpos fueron hallados: calcinados, cercenados, sin \u00f3rganos. \u00bfQui\u00e9n se hace responsable? Las familias piden justicia y ruegan para que ning\u00fan padre o madre tenga que vivir la angustia de la que han sido v\u00edctimas, mucho menos la indolencia del Estado que no les dio respuestas a tiempo. Durante la primera semana de la desaparici\u00f3n, aunque los padres ya estaban en contacto con agentes de la Unase, para investigar el hecho,\u00a0nadie les confirm\u00f3 que los militares se hab\u00edan llevado a sus hijos. Entre el 14 y el 17 de diciembre el caso salt\u00f3 a la prensa: se hablaba de que sujetos vestidos de militares secuestraron a los chicos, lo que se confirm\u00f3 por esos mismos d\u00edas, cuando se filtraron los videos de las c\u00e1maras de seguridad, en las que se ve\u00eda como los militares sub\u00edan a Josu\u00e9, Ismael, Nehem\u00edas y Steven a dos camionetas. Mientras tanto, los militares implicados ya hab\u00edan organizado un\u00a0chat grupal al d\u00eda siguiente para acordar una sola versi\u00f3n. En las audiencias, el sargento Nelson S. Z. indic\u00f3 que el 10 de diciembre del 2024, dos d\u00edas despu\u00e9s de la desaparici\u00f3n, el subteniente John Henry Z. E., a cargo de las patrullas, cont\u00f3 que un general y tres coroneles le ordenaron borrar un video con agresiones\u00a0\u201cporque el caso ser\u00eda todav\u00eda m\u00e1s pol\u00e9mico de lo que ya era\u201d. Para el 19 de diciembre, con toda la presi\u00f3n encima, FF.AA. emiti\u00f3 un comunicado en el que dec\u00eda que colaborar\u00eda con todas las investigaciones. No reconoc\u00eda que los militares se llevaron a los chicos. Para el 21 de diciembre, el ministro de Defensa,\u00a0Gian Carlo Loffredo, emiti\u00f3 un mensaje: responsabilizaba a grupos criminales de la desaparici\u00f3n y dec\u00eda que querer responsabilizar a las FF.AA. por una supuesta desaparici\u00f3n forzada era hacerle el juego al crimen organizado. Momento en que militares detienen a los ni\u00f1os de Las Malvinas.\u00a0(Foto: captura ) DESAPARICI\u00d3N FORZADA Pero no era supuesta: fue una\u00a0desaparici\u00f3n forzada\u00a0y as\u00ed lo determin\u00f3 Fiscal\u00eda en su acusaci\u00f3n. De hecho, el lunes 8 de diciembre, el Ministerio P\u00fablico pidi\u00f3 34 a\u00f1os de prisi\u00f3n para algunos de los 17 militares implicados. Previamente, el soldado\u00a0\u00c1lex Xavier Q. A., quien se someti\u00f3 al procedimiento de cooperaci\u00f3n eficaz,\u00a0pidi\u00f3 disculpas a las familias de los chicos y acept\u00f3 haber encubierto informaci\u00f3n\u00a0por temor a represalias de sus superiores. No obstante, otros procesados mantienen la versi\u00f3n de que arrestaron a los chicos porque les proporcionaron informaci\u00f3n de que hab\u00edan sido part\u00edcipes de un robo, y que no los agredieron y los liberaron sanos y salvos. Con estas versiones a medias y contradictorias, depender\u00e1 del tribunal a cargo del caso, esclarecer la verdad en funci\u00f3n de las pruebas presentadas. La\u00a0Fiscal\u00eda no ha encontrado ning\u00fan indicio de que los menores hayan cometido un acto il\u00edcito, seg\u00fan coment\u00f3\u00a0Abraham Aguirre, abogado de las familias de las v\u00edctimas. Es m\u00e1s, Mois\u00e9s L., uno de los cuatro soldados que cooperaron con la justicia, asegur\u00f3 que un vendedor de agua les dijo que eran otras personas las que estaban asaltando. En lo que coinciden todos los militares es que dejaron a los chicos, sanos o golpeados. Nadie sabe qu\u00e9 pas\u00f3 despu\u00e9s: hay una investigaci\u00f3n a parte por ese caso y se presume que una banda los asesin\u00f3. \u201cEllos (los militares) sab\u00edan que era un sector de alta conflictividad\u00a0inclusive en el juicio se mencion\u00f3 a un reconocido Grupo de Delincuencia Organizada (GDO), que opera en ese sector, por lo que el \u2018sanos y salvos\u2019 no se cumpli\u00f3\u201d, subray\u00f3 Aguirre al cuestionar que las patrullas dejaran abandonados a los chicos a su suerte en Taura. Los cuatro ni\u00f1os de Las Malvinas.\u00a0(Foto: archivo ) LO QUE SALI\u00d3 A LA LUZ EN EL JUICIO Tras la conmoci\u00f3n que gener\u00f3 el caso, la primera defensa de los militares aseguraba en varias entrevistas que\u00a0los implicados colaboraron desde el principio de las investigaciones.\u00a0Sin embargo, el proceso judicial ha evidenciado lo contrario. Por ejemplo, un oficial orden\u00f3 a los soldados que eliminaran videos comprometedores, pero\u00a0uno de ellos ya hab\u00eda enviado un clip a su hermana\u00a0porque \u201clas cosas se estaban saliendo de control\u201d. Ese material luego se convirti\u00f3 en una de las piezas clave, ya que en el video se escuchan frases como\u00a0\u201cya llegamos al lugar donde van a morir\u201d o \u201cagradece que no te disparo\u201d. As\u00ed mismo, los 16 implicados ten\u00edan un\u00a0chat para coordinar su defensa\u00a0e incluso hubo discordia entre los integrantes del grupo por la informaci\u00f3n que iban a dar en primera instancia. Durante el juicio el soldado Christian A., el \u00faltimo cooperador eficaz que rindi\u00f3 versi\u00f3n, tambi\u00e9n cont\u00f3 que todos \u201cacordaron lo que iban a decir\u201d a tal punto que su\u00a0primera versi\u00f3n escrita fue \u201ccopia y pega\u201d del texto de otro compa\u00f1ero, cambiando solo un \u201cpar de palabras\u201d. Esto bajo el argumento del\u00a0\u201cesp\u00edritu de cuerpo\u201d. No obstante, otro grupo de procesados han rechazado este tipo de acusaciones. El subteniente John Henry Z. E., principal se\u00f1alado como presunto autor de desaparici\u00f3n forzada, asegur\u00f3 que los colabores de Fiscal\u00eda\u00a0fabricaron historias para obtener beneficios penitenciarios. Adem\u00e1s, rechaz\u00f3 que haya ejecutado agresiones y disparos, indicando que todas las municiones se entregaron sin faltantes. En su testimonio tambi\u00e9n se\u00f1al\u00f3 a los miembros de bandas criminales como los responsables de la desaparici\u00f3n y asesinato de lo cuatro menores.\u00a0\u201cSe\u00f1or fiscal, por qu\u00e9 no se investiga. Los verdaderos responsables siguen afuera, quiz\u00e1s ri\u00e9ndose de lo sucedido\u201d, acot\u00f3. \u00c9l y al menos otros cuatro uniformados tambi\u00e9n coinciden en que el objetivo inicial<\/p>\n","protected":false},"author":1,"featured_media":28073,"comment_status":"closed","ping_status":"closed","sticky":false,"template":"","format":"standard","meta":{"footnotes":""},"categories":[268],"tags":[],"class_list":["post-28072","post","type-post","status-publish","format-standard","has-post-thumbnail","hentry","category-nacionales"],"_links":{"self":[{"href":"https:\/\/www.elamazonico.com\/portal\/wp-json\/wp\/v2\/posts\/28072","targetHints":{"allow":["GET"]}}],"collection":[{"href":"https:\/\/www.elamazonico.com\/portal\/wp-json\/wp\/v2\/posts"}],"about":[{"href":"https:\/\/www.elamazonico.com\/portal\/wp-json\/wp\/v2\/types\/post"}],"author":[{"embeddable":true,"href":"https:\/\/www.elamazonico.com\/portal\/wp-json\/wp\/v2\/users\/1"}],"replies":[{"embeddable":true,"href":"https:\/\/www.elamazonico.com\/portal\/wp-json\/wp\/v2\/comments?post=28072"}],"version-history":[{"count":1,"href":"https:\/\/www.elamazonico.com\/portal\/wp-json\/wp\/v2\/posts\/28072\/revisions"}],"predecessor-version":[{"id":28074,"href":"https:\/\/www.elamazonico.com\/portal\/wp-json\/wp\/v2\/posts\/28072\/revisions\/28074"}],"wp:featuredmedia":[{"embeddable":true,"href":"https:\/\/www.elamazonico.com\/portal\/wp-json\/wp\/v2\/media\/28073"}],"wp:attachment":[{"href":"https:\/\/www.elamazonico.com\/portal\/wp-json\/wp\/v2\/media?parent=28072"}],"wp:term":[{"taxonomy":"category","embeddable":true,"href":"https:\/\/www.elamazonico.com\/portal\/wp-json\/wp\/v2\/categories?post=28072"},{"taxonomy":"post_tag","embeddable":true,"href":"https:\/\/www.elamazonico.com\/portal\/wp-json\/wp\/v2\/tags?post=28072"}],"curies":[{"name":"wp","href":"https:\/\/api.w.org\/{rel}","templated":true}]}}