{"id":28041,"date":"2025-12-08T07:10:33","date_gmt":"2025-12-08T12:10:33","guid":{"rendered":"https:\/\/www.elamazonico.com\/portal\/?p=28041"},"modified":"2025-12-08T07:10:33","modified_gmt":"2025-12-08T12:10:33","slug":"un-ano-del-caso-malvinas-familias-exigen-la-verdad-mientras-se-acerca-el-veredicto-contra-17-militares","status":"publish","type":"post","link":"https:\/\/www.elamazonico.com\/portal\/un-ano-del-caso-malvinas-familias-exigen-la-verdad-mientras-se-acerca-el-veredicto-contra-17-militares\/","title":{"rendered":"Un a\u00f1o del caso Malvinas | Familias exigen la verdad, mientras se acerca el veredicto contra 17 militares"},"content":{"rendered":"<p>Katy Bustos, madre de dos de las v\u00edctimas del caso Malvinas, cuenta que su hijo Josu\u00e9 Arroyo, de 14 a\u00f1os, so\u00f1aba con ser militar y vestir el uniforme camuflado de las Fuerzas Armadas. Pero fueron los uniformados a los que admiraba los presuntos responsables de su desaparici\u00f3n, en medio de una serie de revelaciones sobre insultos racistas, golpes y disparos durante la detenci\u00f3n.<\/p>\n<p>&nbsp;<\/p>\n<p>\u00abTengo una ni\u00f1a de nueve a\u00f1os que todas las noches pasa llorando, me dice \u2018mam\u00e1, \u00bfpor qu\u00e9 los militares le hicieron todo eso a mis hermanos?&#8217;\u201d, se\u00f1al\u00f3 Bustos tras una reciente audiencia por la revisi\u00f3n de un habeas corpus en la Corte Constitucional.<\/p>\n<p>El caso deja una estela de dolor irreparable en las familias. \u201cNos han destruido la vida. Yo tampoco soy la misma de antes. Necesitamos saber la verdad, por qu\u00e9 lo hicieron\u201d, agrega Bustos.<\/p>\n<p>Este lunes 8 de diciembre de 2025 se cumple un a\u00f1o de la desaparici\u00f3n de los cuatro menores del barrio Las Malvinas. Josu\u00e9 e Ismael Arroyo, Nehem\u00edas Arboleda y Steven Medina, de entre 11 y 15 a\u00f1os, desaparecieron luego de ser interceptados -tras un supuesto robo- por dos patrullas militares de la Fuerza A\u00e9rea Ecuatoriana (FAE), en la avenida 25 de Julio y Ernesto Alb\u00e1n, al sur de Guayaquil.<\/p>\n<p>Las versiones recogidas en el proceso indican que habr\u00edan sido abandonados por los militares a oscuras, heridos y sin ropa, en un camino de tercer orden en un \u00e1rea rural de Taura, a dos kil\u00f3metros del centro parroquial. Diecis\u00e9is d\u00edas despu\u00e9s, sus restos fueron encontrados calcinados en un paraje aislado y de dif\u00edcil acceso en esa misma parroquia rural de Naranjal, en la provincia del Guayas.<\/p>\n<p><strong>Entre actos de memoria y la reinstalaci\u00f3n del juicio<\/strong><br \/>\nLas familias y organizaciones de Derechos Humanos organizan una serie de actos de memoria al conmemorarse un a\u00f1o de la desaparici\u00f3n, que incluyen caminatas, marchas y vigilias en el barrio Las Malvinas y en el punto de aprehensi\u00f3n, la tarde y noche de este lunes 8 de diciembre de 2025.<\/p>\n<p>En una ceremonia simb\u00f3lica de reparaci\u00f3n, a las 17:00, el parque de la ciudadela Coviem ser\u00e1 rebautizado con el nombre de &#8216;Los cuatro ni\u00f1os de Las Malvinas\u2019. Se trata del parque donde las v\u00edctimas jugaron f\u00fatbol por \u00faltima vez, antes de retomar el camino a casa, que termin\u00f3 con su detenci\u00f3n a las afueras de un conocido centro comercial del sector.<\/p>\n<p>El primer aniversario de la desaparici\u00f3n de los menores\u00a0coincide con el juicio contra 17 militares en su etapa final, cerca al veredicto tras el cierre formal de la etapa de prueba, y luego de 12 jornadas de audiencia desarrolladas a lo largo del \u00faltimo mes, desde el 5 de noviembre.<\/p>\n<p>El Tribunal Penal de Guayaquil que conoce el caso convoc\u00f3 a la reinstalaci\u00f3n de audiencia para este lunes 8 y martes 9, cuando se tiene previsto escuchar los alegatos finales -etapa en la que defensa, Fiscal\u00eda y los abogados de las familias de las v\u00edctimas presentar\u00e1n sus conclusiones-.<\/p>\n<p>Pero se trata de un juicio que valora solo el presunto delito de desaparici\u00f3n forzada, mientras que el caso de secuestro con resultado de muerte\u00a0sigue en etapa de sustentaci\u00f3n en Fiscal\u00eda y registra poco avance a un a\u00f1o de los hechos, seg\u00fan Abraham Aguirre, abogado de las familias de las v\u00edctimas.<\/p>\n<p><img decoding=\"async\" src=\"https:\/\/imagenes.primicias.ec\/files\/image_original\/uploads\/2025\/12\/05\/693337ef616ab.jpeg\" alt=\"thumb\" \/><br \/>\n<strong>Un a\u00f1o de investigaciones<\/strong><br \/>\nEl voluminoso expediente fiscal del caso lo integran 50 carpetas y alrededor de 5.000 p\u00e1ginas. Se trata de un acervo documental que recoge testimonios, reconstrucciones de hechos, informes antropol\u00f3gicos y forenses, videos de c\u00e1maras p\u00fablicas y privadas, pericias sobre los restos, cuerdas y prendas parcialmente carbonizadas y declaraciones que muestran la secuencia de la detenci\u00f3n.<\/p>\n<p>Las pruebas documentales han sido matizadas y enriquecidas durante las declaraciones e interrogatorios a peritos, testigos y procesados durante las audiencias de juicio, iniciadas el 5 de noviembre de 2025. A continuaci\u00f3n algunas de las principales revelaciones del proceso:<\/p>\n<section id=\"fl-layout-header-container\" class=\"fl-layout-container\">\n<div id=\"fl-layout-header\" class=\"fl-layout-inner\">\n<header class=\"flourish-header\">\n<hgroup>\n<h2 id=\"flourish-header-title\">Estas son las 10 principales revelaciones expuestas en la audiencia de juicio<\/h2>\n<h3 id=\"flourish-header-subtitle\"><span style=\"font-size: 16px;\">Las autopsias<\/span><\/h3>\n<\/hgroup>\n<\/header>\n<\/div>\n<\/section>\n<section id=\"fl-layout-primary-container\" class=\"fl-layout-container\" aria-label=\"primary visualisation container\">\n<div id=\"fl-layout-primary\" class=\"fl-layout-inner\">\n<div id=\"wrapper\">\n<div id=\"scroll-outer\">\n<div id=\"cards-outer\" class=\"view-grid\">\n<div id=\"cards-inner\">\n<div id=\"card-0\" class=\"card-wrapper simple visible\" tabindex=\"0\" role=\"article\" aria-label=\"T\u00edtulo: Las autopsias, \u00bfQu\u00e9 pas\u00f3?: Los cuerpos se hallaron en reducci\u00f3n esquel\u00e9tica y carbonizados. La autopsia determin\u00f3 que presentaban impactos de bala en la cabeza, al menos en tres de los cuatro menores. Se determin\u00f3 muerte violenta y se evidenciaron fracturas., Medios: Peritaje\">\n<div class=\"card\">\n<div class=\"tertiary\">\n<div>\n<p><strong>\u00bfQu\u00e9 pas\u00f3?:\u00a0<\/strong>Los cuerpos se hallaron en reducci\u00f3n esquel\u00e9tica y carbonizados. La autopsia determin\u00f3 que presentaban impactos de bala en la cabeza, al menos en tres de los cuatro menores. Se determin\u00f3 muerte violenta y se evidenciaron fracturas.<\/p>\n<\/div>\n<\/div>\n<\/div>\n<\/div>\n<div id=\"card-1\" class=\"card-wrapper simple visible\" tabindex=\"0\" role=\"article\" aria-label=\"T\u00edtulo: Versiones contradictorias, \u00bfQu\u00e9 pas\u00f3?: Se expusieron relatos de violencia: golpes, amenazas y disparos durante el traslado de las v\u00edctimas. Seg\u00fan la Fiscal\u00eda hubo intenci\u00f3n de causar da\u00f1o. Cinco militares acusan la violencia; el resto la niega., Medios: Testimonio\">\n<div class=\"card\">\n<div class=\"primary\">\n<h3 class=\"title\">Versiones contradictorias<\/h3>\n<\/div>\n<div class=\"tertiary\">\n<div>\n<p><strong>\u00bfQu\u00e9 pas\u00f3?:\u00a0<\/strong>Se expusieron relatos de violencia: golpes, amenazas y disparos durante el traslado de las v\u00edctimas. Seg\u00fan la Fiscal\u00eda hubo intenci\u00f3n de causar da\u00f1o. Cinco militares acusan la violencia; el resto la niega.<\/p>\n<\/div>\n<\/div>\n<\/div>\n<\/div>\n<div id=\"card-2\" class=\"card-wrapper simple visible\" tabindex=\"0\" role=\"article\" aria-label=\"T\u00edtulo: Les dimos &quot;una paliza&quot;, \u00bfQu\u00e9 pas\u00f3?: Durante la revisi\u00f3n de los tel\u00e9fonos, un perito present\u00f3 audios de militares. En uno, un uniformado dec\u00eda que los cuatro menores asaltaban a una mujer en la 25 de Julio y que \u201cles dieron dur\u00edsimo\u201d. En otro, reiteraba que les dieron \u201cuna paliza\u201d., Medios: Audios\">\n<div class=\"card\">\n<div class=\"primary\">\n<h3 class=\"title\">Les dimos \u00abuna paliza\u00bb<\/h3>\n<\/div>\n<div class=\"tertiary\">\n<div>\n<p><strong>\u00bfQu\u00e9 pas\u00f3?:\u00a0<\/strong>Durante la revisi\u00f3n de los tel\u00e9fonos, un perito present\u00f3 audios de militares. En uno, un uniformado dec\u00eda que los cuatro menores asaltaban a una mujer en la 25 de Julio y que \u201cles dieron dur\u00edsimo\u201d. En otro, reiteraba que les dieron \u201cuna paliza\u201d.<\/p>\n<\/div>\n<\/div>\n<\/div>\n<\/div>\n<div id=\"card-3\" class=\"card-wrapper simple visible\" tabindex=\"0\" role=\"article\" aria-label=\"T\u00edtulo: El chat de las culpas, \u00bfQu\u00e9 pas\u00f3?: Los militares crearon un chat donde discut\u00edan y se culpaban. El subteniente John Henry Z. E., jefe de la patrulla, sent\u00eda que lo responsabilizaban. \u201cNadie puso que usted dispar\u00f3 -le responden-, solo decimos la verdad\u201d., Medios: Chat\">\n<div class=\"card\">\n<div class=\"primary\">\n<h3 class=\"title\">El chat de las culpas<\/h3>\n<\/div>\n<div class=\"tertiary\">\n<div>\n<p><strong>\u00bfQu\u00e9 pas\u00f3?:\u00a0<\/strong>Los militares crearon un chat donde discut\u00edan y se culpaban. El subteniente John Henry Z. E., jefe de la patrulla, sent\u00eda que lo responsabilizaban. \u201cNadie puso que usted dispar\u00f3 -le responden-, solo decimos la verdad\u201d.<\/p>\n<\/div>\n<\/div>\n<\/div>\n<\/div>\n<div id=\"card-4\" class=\"card-wrapper simple visible\" tabindex=\"0\" role=\"article\" aria-label=\"T\u00edtulo: \u00bfEncubrimiento?, \u00bfQu\u00e9 pas\u00f3?: Un testigo afirm\u00f3 que el subteniente a cargo orden\u00f3 borrar videos comprometedores grabados durante la detenci\u00f3n. Un video sobrevivi\u00f3 -con insultos racistas y amenazas- porque el militar que lo grab\u00f3 lo envi\u00f3 antes a su hermana como respaldo., Medios: Video\">\n<div class=\"card\">\n<div class=\"primary\">\n<h3 class=\"title\">\u00bfEncubrimiento?<\/h3>\n<\/div>\n<div class=\"tertiary\">\n<div>\n<p><strong>\u00bfQu\u00e9 pas\u00f3?:\u00a0<\/strong>Un testigo afirm\u00f3 que el subteniente a cargo orden\u00f3 borrar videos comprometedores grabados durante la detenci\u00f3n. Un video sobrevivi\u00f3 -con insultos racistas y amenazas- porque el militar que lo grab\u00f3 lo envi\u00f3 antes a su hermana como respaldo.<\/p>\n<\/div>\n<\/div>\n<\/div>\n<\/div>\n<div id=\"card-5\" class=\"card-wrapper simple visible\" tabindex=\"0\" role=\"article\" aria-label=\"T\u00edtulo: Manipulaci\u00f3n de evidencias, \u00bfQu\u00e9 pas\u00f3?: Un sargento denunci\u00f3 una presunta cadena de encubrimiento que involucrar\u00eda a un general y tres coroneles, quienes habr\u00edan ordenado borrar un video incriminatorio al subteniente a cargo de la patrulla., Medios: Testimonio\">\n<div class=\"card\">\n<div class=\"primary\">\n<h3 class=\"title\">Manipulaci\u00f3n de evidencias<\/h3>\n<\/div>\n<div class=\"tertiary\">\n<div>\n<p><strong>\u00bfQu\u00e9 pas\u00f3?:\u00a0<\/strong>Un sargento denunci\u00f3 una presunta cadena de encubrimiento que involucrar\u00eda a un general y tres coroneles, quienes habr\u00edan ordenado borrar un video incriminatorio al subteniente a cargo de la patrulla.<\/p>\n<\/div>\n<\/div>\n<\/div>\n<\/div>\n<div id=\"card-6\" class=\"card-wrapper simple visible\" tabindex=\"0\" role=\"article\" aria-label=\"T\u00edtulo: Sangre en camionetas, \u00bfQu\u00e9 pas\u00f3?: Las pruebas de luminol reactivo dieron positivo en las dos camionetas de los militares. Se hallaron rastros de sangre en el piso del balde de un veh\u00edculo y en una estructura met\u00e1lica del balde de otra., Medios: Peritaje\">\n<div class=\"card\">\n<div class=\"primary\">\n<h3 class=\"title\">Sangre en camionetas<\/h3>\n<\/div>\n<div class=\"tertiary\">\n<div>\n<p><strong>\u00bfQu\u00e9 pas\u00f3?:\u00a0<\/strong>Las pruebas de luminol reactivo dieron positivo en las dos camionetas de los militares. Se hallaron rastros de sangre en el piso del balde de un veh\u00edculo y en una estructura met\u00e1lica del balde de otra.<\/p>\n<\/div>\n<\/div>\n<\/div>\n<\/div>\n<div id=\"card-7\" class=\"card-wrapper simple visible\" tabindex=\"0\" role=\"article\" aria-label=\"T\u00edtulo: Orden de Acci\u00f3n, \u00bfQu\u00e9 pas\u00f3?: En la Orden de Acci\u00f3n T\u00e1ctica de la patrulla de militares involucrados se determin\u00f3 que estaba integrada por 15 hombres y no constaba en ella el subteniente que la lider\u00f3, se\u00f1alado por abandonar y maltratar a las v\u00edctimas., Medios: Peritaje\">\n<div class=\"card\">\n<div class=\"primary\">\n<h3 class=\"title\">Orden de Acci\u00f3n<\/h3>\n<\/div>\n<div class=\"tertiary\">\n<div>\n<p><strong>\u00bfQu\u00e9 pas\u00f3?:\u00a0<\/strong>En la Orden de Acci\u00f3n T\u00e1ctica de la patrulla de militares involucrados se determin\u00f3 que estaba integrada por 15 hombres y no constaba en ella el subteniente que la lider\u00f3, se\u00f1alado por abandonar y maltratar a las v\u00edctimas.<\/p>\n<\/div>\n<\/div>\n<\/div>\n<\/div>\n<div id=\"card-8\" class=\"card-wrapper simple visible\" tabindex=\"0\" role=\"article\" aria-label=\"T\u00edtulo: Hallazgo de los cuerpos, \u00bfQu\u00e9 pas\u00f3?: Fuentes humanas alertaron sobre el posible lugar de incineraci\u00f3n de los cuerpos de las v\u00edctimas. Se trata de claro entre manglares y lodo en el Estero Chabelo, cerca al r\u00edo Taura, 11 kil\u00f3metros al sur de Taura., Medios: Testimonio\">\n<div class=\"card\">\n<div class=\"primary\">\n<h3 class=\"title\">Hallazgo de los cuerpos<\/h3>\n<\/div>\n<div class=\"tertiary\">\n<div>\n<p><strong>\u00bfQu\u00e9 pas\u00f3?:\u00a0<\/strong>Fuentes humanas alertaron sobre el posible lugar de incineraci\u00f3n de los cuerpos de las v\u00edctimas. Se trata de claro entre manglares y lodo en el Estero Chabelo, cerca al r\u00edo Taura, 11 kil\u00f3metros al sur de Taura.<\/p>\n<\/div>\n<\/div>\n<\/div>\n<\/div>\n<\/div>\n<\/div>\n<\/div>\n<\/div>\n<\/div>\n<\/section>\n","protected":false},"excerpt":{"rendered":"<p>Katy Bustos, madre de dos de las v\u00edctimas del caso Malvinas, cuenta que su hijo Josu\u00e9 Arroyo, de 14 a\u00f1os, so\u00f1aba con ser militar y vestir el uniforme camuflado de las Fuerzas Armadas. Pero fueron los uniformados a los que admiraba los presuntos responsables de su desaparici\u00f3n, en medio de una serie de revelaciones sobre insultos racistas, golpes y disparos durante la detenci\u00f3n. &nbsp; \u00abTengo una ni\u00f1a de nueve a\u00f1os que todas las noches pasa llorando, me dice \u2018mam\u00e1, \u00bfpor qu\u00e9 los militares le hicieron todo eso a mis hermanos?&#8217;\u201d, se\u00f1al\u00f3 Bustos tras una reciente audiencia por la revisi\u00f3n de un habeas corpus en la Corte Constitucional. El caso deja una estela de dolor irreparable en las familias. \u201cNos han destruido la vida. Yo tampoco soy la misma de antes. Necesitamos saber la verdad, por qu\u00e9 lo hicieron\u201d, agrega Bustos. Este lunes 8 de diciembre de 2025 se cumple un a\u00f1o de la desaparici\u00f3n de los cuatro menores del barrio Las Malvinas. Josu\u00e9 e Ismael Arroyo, Nehem\u00edas Arboleda y Steven Medina, de entre 11 y 15 a\u00f1os, desaparecieron luego de ser interceptados -tras un supuesto robo- por dos patrullas militares de la Fuerza A\u00e9rea Ecuatoriana (FAE), en la avenida 25 de Julio y Ernesto Alb\u00e1n, al sur de Guayaquil. Las versiones recogidas en el proceso indican que habr\u00edan sido abandonados por los militares a oscuras, heridos y sin ropa, en un camino de tercer orden en un \u00e1rea rural de Taura, a dos kil\u00f3metros del centro parroquial. Diecis\u00e9is d\u00edas despu\u00e9s, sus restos fueron encontrados calcinados en un paraje aislado y de dif\u00edcil acceso en esa misma parroquia rural de Naranjal, en la provincia del Guayas. Entre actos de memoria y la reinstalaci\u00f3n del juicio Las familias y organizaciones de Derechos Humanos organizan una serie de actos de memoria al conmemorarse un a\u00f1o de la desaparici\u00f3n, que incluyen caminatas, marchas y vigilias en el barrio Las Malvinas y en el punto de aprehensi\u00f3n, la tarde y noche de este lunes 8 de diciembre de 2025. En una ceremonia simb\u00f3lica de reparaci\u00f3n, a las 17:00, el parque de la ciudadela Coviem ser\u00e1 rebautizado con el nombre de &#8216;Los cuatro ni\u00f1os de Las Malvinas\u2019. Se trata del parque donde las v\u00edctimas jugaron f\u00fatbol por \u00faltima vez, antes de retomar el camino a casa, que termin\u00f3 con su detenci\u00f3n a las afueras de un conocido centro comercial del sector. El primer aniversario de la desaparici\u00f3n de los menores\u00a0coincide con el juicio contra 17 militares en su etapa final, cerca al veredicto tras el cierre formal de la etapa de prueba, y luego de 12 jornadas de audiencia desarrolladas a lo largo del \u00faltimo mes, desde el 5 de noviembre. El Tribunal Penal de Guayaquil que conoce el caso convoc\u00f3 a la reinstalaci\u00f3n de audiencia para este lunes 8 y martes 9, cuando se tiene previsto escuchar los alegatos finales -etapa en la que defensa, Fiscal\u00eda y los abogados de las familias de las v\u00edctimas presentar\u00e1n sus conclusiones-. Pero se trata de un juicio que valora solo el presunto delito de desaparici\u00f3n forzada, mientras que el caso de secuestro con resultado de muerte\u00a0sigue en etapa de sustentaci\u00f3n en Fiscal\u00eda y registra poco avance a un a\u00f1o de los hechos, seg\u00fan Abraham Aguirre, abogado de las familias de las v\u00edctimas. Un a\u00f1o de investigaciones El voluminoso expediente fiscal del caso lo integran 50 carpetas y alrededor de 5.000 p\u00e1ginas. Se trata de un acervo documental que recoge testimonios, reconstrucciones de hechos, informes antropol\u00f3gicos y forenses, videos de c\u00e1maras p\u00fablicas y privadas, pericias sobre los restos, cuerdas y prendas parcialmente carbonizadas y declaraciones que muestran la secuencia de la detenci\u00f3n. Las pruebas documentales han sido matizadas y enriquecidas durante las declaraciones e interrogatorios a peritos, testigos y procesados durante las audiencias de juicio, iniciadas el 5 de noviembre de 2025. A continuaci\u00f3n algunas de las principales revelaciones del proceso: Estas son las 10 principales revelaciones expuestas en la audiencia de juicio Las autopsias \u00bfQu\u00e9 pas\u00f3?:\u00a0Los cuerpos se hallaron en reducci\u00f3n esquel\u00e9tica y carbonizados. La autopsia determin\u00f3 que presentaban impactos de bala en la cabeza, al menos en tres de los cuatro menores. Se determin\u00f3 muerte violenta y se evidenciaron fracturas. Versiones contradictorias \u00bfQu\u00e9 pas\u00f3?:\u00a0Se expusieron relatos de violencia: golpes, amenazas y disparos durante el traslado de las v\u00edctimas. Seg\u00fan la Fiscal\u00eda hubo intenci\u00f3n de causar da\u00f1o. Cinco militares acusan la violencia; el resto la niega. Les dimos \u00abuna paliza\u00bb \u00bfQu\u00e9 pas\u00f3?:\u00a0Durante la revisi\u00f3n de los tel\u00e9fonos, un perito present\u00f3 audios de militares. En uno, un uniformado dec\u00eda que los cuatro menores asaltaban a una mujer en la 25 de Julio y que \u201cles dieron dur\u00edsimo\u201d. En otro, reiteraba que les dieron \u201cuna paliza\u201d. El chat de las culpas \u00bfQu\u00e9 pas\u00f3?:\u00a0Los militares crearon un chat donde discut\u00edan y se culpaban. El subteniente John Henry Z. E., jefe de la patrulla, sent\u00eda que lo responsabilizaban. \u201cNadie puso que usted dispar\u00f3 -le responden-, solo decimos la verdad\u201d. \u00bfEncubrimiento? \u00bfQu\u00e9 pas\u00f3?:\u00a0Un testigo afirm\u00f3 que el subteniente a cargo orden\u00f3 borrar videos comprometedores grabados durante la detenci\u00f3n. Un video sobrevivi\u00f3 -con insultos racistas y amenazas- porque el militar que lo grab\u00f3 lo envi\u00f3 antes a su hermana como respaldo. Manipulaci\u00f3n de evidencias \u00bfQu\u00e9 pas\u00f3?:\u00a0Un sargento denunci\u00f3 una presunta cadena de encubrimiento que involucrar\u00eda a un general y tres coroneles, quienes habr\u00edan ordenado borrar un video incriminatorio al subteniente a cargo de la patrulla. Sangre en camionetas \u00bfQu\u00e9 pas\u00f3?:\u00a0Las pruebas de luminol reactivo dieron positivo en las dos camionetas de los militares. Se hallaron rastros de sangre en el piso del balde de un veh\u00edculo y en una estructura met\u00e1lica del balde de otra. Orden de Acci\u00f3n \u00bfQu\u00e9 pas\u00f3?:\u00a0En la Orden de Acci\u00f3n T\u00e1ctica de la patrulla de militares involucrados se determin\u00f3 que estaba integrada por 15 hombres y no constaba en ella el subteniente que la lider\u00f3, se\u00f1alado por abandonar y maltratar a las v\u00edctimas. Hallazgo de los cuerpos \u00bfQu\u00e9 pas\u00f3?:\u00a0Fuentes humanas alertaron sobre el posible lugar de incineraci\u00f3n de los cuerpos de las v\u00edctimas. Se trata de claro entre manglares<\/p>\n","protected":false},"author":1,"featured_media":28042,"comment_status":"closed","ping_status":"closed","sticky":false,"template":"","format":"standard","meta":{"footnotes":""},"categories":[268],"tags":[],"class_list":["post-28041","post","type-post","status-publish","format-standard","has-post-thumbnail","hentry","category-nacionales"],"_links":{"self":[{"href":"https:\/\/www.elamazonico.com\/portal\/wp-json\/wp\/v2\/posts\/28041","targetHints":{"allow":["GET"]}}],"collection":[{"href":"https:\/\/www.elamazonico.com\/portal\/wp-json\/wp\/v2\/posts"}],"about":[{"href":"https:\/\/www.elamazonico.com\/portal\/wp-json\/wp\/v2\/types\/post"}],"author":[{"embeddable":true,"href":"https:\/\/www.elamazonico.com\/portal\/wp-json\/wp\/v2\/users\/1"}],"replies":[{"embeddable":true,"href":"https:\/\/www.elamazonico.com\/portal\/wp-json\/wp\/v2\/comments?post=28041"}],"version-history":[{"count":1,"href":"https:\/\/www.elamazonico.com\/portal\/wp-json\/wp\/v2\/posts\/28041\/revisions"}],"predecessor-version":[{"id":28043,"href":"https:\/\/www.elamazonico.com\/portal\/wp-json\/wp\/v2\/posts\/28041\/revisions\/28043"}],"wp:featuredmedia":[{"embeddable":true,"href":"https:\/\/www.elamazonico.com\/portal\/wp-json\/wp\/v2\/media\/28042"}],"wp:attachment":[{"href":"https:\/\/www.elamazonico.com\/portal\/wp-json\/wp\/v2\/media?parent=28041"}],"wp:term":[{"taxonomy":"category","embeddable":true,"href":"https:\/\/www.elamazonico.com\/portal\/wp-json\/wp\/v2\/categories?post=28041"},{"taxonomy":"post_tag","embeddable":true,"href":"https:\/\/www.elamazonico.com\/portal\/wp-json\/wp\/v2\/tags?post=28041"}],"curies":[{"name":"wp","href":"https:\/\/api.w.org\/{rel}","templated":true}]}}