{"id":28038,"date":"2025-12-08T07:06:31","date_gmt":"2025-12-08T12:06:31","guid":{"rendered":"https:\/\/www.elamazonico.com\/portal\/?p=28038"},"modified":"2025-12-08T07:06:31","modified_gmt":"2025-12-08T12:06:31","slug":"a-un-ano-de-los-fallidos-contratos-de-progen-los-motores-no-funcionan-y-celec-ha-recuperado-un-valor-minimo","status":"publish","type":"post","link":"https:\/\/www.elamazonico.com\/portal\/a-un-ano-de-los-fallidos-contratos-de-progen-los-motores-no-funcionan-y-celec-ha-recuperado-un-valor-minimo\/","title":{"rendered":"A un a\u00f1o de los fallidos contratos de Progen, los motores no funcionan y Celec ha recuperado un valor m\u00ednimo"},"content":{"rendered":"<p>Ha pasado un a\u00f1o de que la empresa estadounidense Progen Industries LLC incumpli\u00f3 los plazos de los millonarios contratos de generaci\u00f3n el\u00e9ctrica que recibi\u00f3 de la empresa p\u00fablica Celec. Los motores deb\u00edan entrar en funcionamiento en noviembre de 2024, pero nunca llegaron a funcionar y, en cambio, se convirtieron en un problema que no se ha podido solucionar.<\/p>\n<p>&nbsp;<\/p>\n<p>Progen Industries fue adjudicada con dos contratos, para la generaci\u00f3n de 150 MW en total, en las centrales de Salitral y Quevedo. Ambos contratos suman USD 149,1 millones, y contemplaban el pago del 70% del monto contrato contra la presentaci\u00f3n del packing list, el informe de inspecci\u00f3n y la supervisi\u00f3n t\u00e9cnica de Celec.<\/p>\n<p>Progen efectivamente present\u00f3 esos documentos y envi\u00f3 los motores a Ecuador, por lo que Celec lleg\u00f3 a pagar el 70%, que ascend\u00eda a USD 104 millones. Los pagos se hicieron hasta marzo de 2025, a pesar de que para ese entonces ya se hab\u00eda registrado atrasos e incumplimientos.<\/p>\n<div class=\"container container-header datawrapper-wsFlD-rpmls8\">\n<h3 class=\"block-headline datawrapper-wsFlD-16cs784 \">Los pagos a Progen Industries por los contratos con Celec<\/h3>\n<\/div>\n<div id=\"chart\" class=\"dw-chart-body vis-height-fixed datawrapper-wsFlD-2irvu4 svelte-labfc\">\n<div class=\"dw-chart-body-content svelte-labfc\" aria-hidden=\"false\">\n<div class=\"table-container svelte-1xam9h\">\n<div class=\"table-scroll svelte-1xam9h\">\n<table class=\"medium datawrapper-wsFlD-1k2zto9 svelte-1xam9h striped resortable\" style=\"height: 249px;\" width=\"596\" cellspacing=\"0\">\n<caption class=\"sr-only\">Tabla con 4 columnas y 7 filas. Ordenado de forma ascendente<\/caption>\n<thead>\n<tr class=\"datawrapper-wsFlD-1wbuely svelte-1xam9h\">\n<th class=\"first force-padding type-text align-left resortable cell svelte-e11vcc\" colspan=\"1\" scope=\"col\" data-column=\"Contrato\" data-row=\"-1\"><button class=\"sort svelte-1xam9h\"><span class=\"content dw-bold\">Contrato<\/span><\/button><\/th>\n<th class=\"force-padding type-text align-left resortable cell svelte-e11vcc\" colspan=\"1\" scope=\"col\" data-column=\"Fecha\" data-row=\"-1\"><button class=\"sort svelte-1xam9h\"><span class=\"content dw-bold\">Fecha<\/span><\/button><\/th>\n<th class=\"force-padding type-text align-left resortable cell svelte-e11vcc\" colspan=\"1\" scope=\"col\" data-column=\"Pa\u00eds\" data-row=\"-1\"><button class=\"sort svelte-1xam9h\"><span class=\"content dw-bold\">Pa\u00eds<\/span><\/button><\/th>\n<th class=\"last force-padding type-number align-right resortable cell svelte-e11vcc\" colspan=\"1\" scope=\"col\" data-column=\"Valor\" data-row=\"-1\"><button class=\"sort svelte-1xam9h\"><span class=\"content dw-bold\">Valor<\/span><\/button><\/th>\n<\/tr>\n<\/thead>\n<tbody>\n<tr class=\"datawrapper-wsFlD-1c5djey svelte-1xam9h\">\n<th class=\"first force-padding type-text align-left align-vertical-middle    td cell  svelte-5rcs0n\" colspan=\"1\" scope=\"row\">Salitral<\/th>\n<td class=\"force-padding type-text align-left align-vertical-middle    td cell  svelte-5rcs0n\" colspan=\"1\">01\/10\/2024<\/td>\n<td class=\"force-padding type-text align-left align-vertical-middle    td cell  svelte-5rcs0n\" colspan=\"1\">Estados Unidos<\/td>\n<td class=\"last force-padding type-number align-right align-vertical-middle    td cell  svelte-5rcs0n\" colspan=\"1\">69\u00a0580\u00a0000<\/td>\n<\/tr>\n<tr class=\"datawrapper-wsFlD-1c5djey svelte-1xam9h\">\n<th class=\"first force-padding type-text align-left align-vertical-middle    td cell  svelte-5rcs0n\" colspan=\"1\" scope=\"row\">Quevedo<\/th>\n<td class=\"force-padding type-text align-left align-vertical-middle    td cell  svelte-5rcs0n\" colspan=\"1\">28\/01\/2025<\/td>\n<td class=\"force-padding type-text align-left align-vertical-middle    td cell  svelte-5rcs0n\" colspan=\"1\">Estados Unidos<\/td>\n<td class=\"last force-padding type-number align-right align-vertical-middle    td cell  svelte-5rcs0n\" colspan=\"1\">6\u00a0958\u00a0000<\/td>\n<\/tr>\n<tr class=\"datawrapper-wsFlD-1c5djey svelte-1xam9h\">\n<th class=\"first force-padding type-text align-left align-vertical-middle    td cell  svelte-5rcs0n\" colspan=\"1\" scope=\"row\">Quevedo<\/th>\n<td class=\"force-padding type-text align-left align-vertical-middle    td cell  svelte-5rcs0n\" colspan=\"1\">06\/02\/2025<\/td>\n<td class=\"force-padding type-text align-left align-vertical-middle    td cell  svelte-5rcs0n\" colspan=\"1\">Estados Unidos<\/td>\n<td class=\"last force-padding type-number align-right align-vertical-middle    td cell  svelte-5rcs0n\" colspan=\"1\">6\u00a0958\u00a0000<\/td>\n<\/tr>\n<tr class=\"datawrapper-wsFlD-1c5djey svelte-1xam9h\">\n<th class=\"first force-padding type-text align-left align-vertical-middle    td cell  svelte-5rcs0n\" colspan=\"1\" scope=\"row\">Quevedo<\/th>\n<td class=\"force-padding type-text align-left align-vertical-middle    td cell  svelte-5rcs0n\" colspan=\"1\">14\/02\/2025<\/td>\n<td class=\"force-padding type-text align-left align-vertical-middle    td cell  svelte-5rcs0n\" colspan=\"1\">Estados Unidos<\/td>\n<td class=\"last force-padding type-number align-right align-vertical-middle    td cell  svelte-5rcs0n\" colspan=\"1\">6\u00a0958\u00a0000<\/td>\n<\/tr>\n<tr class=\"datawrapper-wsFlD-1c5djey svelte-1xam9h\">\n<th class=\"first force-padding type-text align-left align-vertical-middle    td cell  svelte-5rcs0n\" colspan=\"1\" scope=\"row\">Quevedo<\/th>\n<td class=\"force-padding type-text align-left align-vertical-middle    td cell  svelte-5rcs0n\" colspan=\"1\">20\/02\/2025<\/td>\n<td class=\"force-padding type-text align-left align-vertical-middle    td cell  svelte-5rcs0n\" colspan=\"1\">Estados Unidos<\/td>\n<td class=\"last force-padding type-number align-right align-vertical-middle    td cell  svelte-5rcs0n\" colspan=\"1\">6\u00a0958\u00a0000<\/td>\n<\/tr>\n<tr class=\"datawrapper-wsFlD-1c5djey svelte-1xam9h\">\n<th class=\"first force-padding type-text align-left align-vertical-middle    td cell  svelte-5rcs0n\" colspan=\"1\" scope=\"row\">Quevedo<\/th>\n<td class=\"force-padding type-text align-left align-vertical-middle    td cell  svelte-5rcs0n\" colspan=\"1\">07\/03\/2025<\/td>\n<td class=\"force-padding type-text align-left align-vertical-middle    td cell  svelte-5rcs0n\" colspan=\"1\">Estados Unidos<\/td>\n<td class=\"last force-padding type-number align-right align-vertical-middle    td cell  svelte-5rcs0n\" colspan=\"1\">6\u00a0958\u00a0000<\/td>\n<\/tr>\n<tr class=\"datawrapper-wsFlD-1c5djey svelte-1xam9h\">\n<th class=\"first force-padding type-text inverted dw-bold align-left align-vertical-middle    td cell  svelte-5rcs0n\" colspan=\"1\" scope=\"row\">TOTAL<\/th>\n<td class=\"force-padding type-text inverted dw-bold align-left align-vertical-middle    td cell  svelte-5rcs0n\" colspan=\"1\"><\/td>\n<td class=\"force-padding type-text inverted dw-bold align-left align-vertical-middle    td cell  svelte-5rcs0n\" colspan=\"1\"><\/td>\n<td class=\"last force-padding type-number inverted dw-bold align-right align-vertical-middle    td cell  svelte-5rcs0n\" colspan=\"1\">104\u00a0370\u00a0000<\/td>\n<\/tr>\n<\/tbody>\n<\/table>\n<\/div>\n<\/div>\n<\/div>\n<\/div>\n<p>PRIMICIAS consult\u00f3 el 2 de diciembre de 2025 a Celec y al Ministerio de Energ\u00eda si se han ejecutado ya las garant\u00edas presentadas por Progen en ambos contratos, y cu\u00e1nto se ha podido recuperar de lo pagado. Hasta las 18:30 del 4 de diciembre de 2025, no se recibi\u00f3 ninguna respuesta.<\/p>\n<p>Sin embargo, PRIMICIAS ha logrado verificar que parte de las garant\u00edas s\u00ed se ejecutaron. La informaci\u00f3n consta en un proceso judicial en Estados Unidos, que sigue Seguros Confianza contra Progen Industries LLC, y que es p\u00fablico.<\/p>\n<p><strong>Celec recuperar\u00e1 poco, porque tiene los motores<\/strong><br \/>\nDe acuerdo con las liquidaciones econ\u00f3micas de los contratos, Progen deb\u00eda devolver a Celec poco m\u00e1s de USD 30 millones, incluido el valor de las garant\u00edas. Este valor es apenas el 28% de lo pagado, dado que s\u00ed se reconoce una buena parte de la ejecuci\u00f3n de los contratos.<\/p>\n<div class=\"container container-header datawrapper-poh2T-rpmls8\">\n<h3 class=\"block-headline datawrapper-poh2T-16cs784 \">Los contratos de Celec con Progen Industries<\/h3>\n<p class=\"block-description datawrapper-poh2T-1mtcx6q \">Montos en millones de d\u00f3lares<\/p>\n<\/div>\n<div id=\"chart\" class=\"dw-chart-body vis-height-fixed datawrapper-poh2T-2irvu4 svelte-labfc\">\n<div class=\"dw-chart-body-content svelte-labfc\" aria-hidden=\"false\">\n<div class=\"table-container svelte-1xam9h\">\n<div class=\"table-scroll svelte-1xam9h\">\n<table class=\"medium datawrapper-poh2T-1k2zto9 svelte-1xam9h striped resortable\" style=\"height: 163px;\" width=\"420\" cellspacing=\"0\">\n<caption class=\"sr-only\">Tabla con 4 columnas y 3 filas. Ordenado de forma ascendente<\/caption>\n<thead>\n<tr class=\"datawrapper-poh2T-1wbuely svelte-1xam9h\">\n<th class=\"first force-padding type-text align-left resortable cell svelte-e11vcc\" colspan=\"1\" scope=\"col\" data-column=\"Central\" data-row=\"-1\"><button class=\"sort svelte-1xam9h\"><span class=\"content dw-bold\">Central<\/span><\/button><\/th>\n<th class=\"force-padding type-number align-right resortable cell svelte-e11vcc\" colspan=\"1\" scope=\"col\" data-column=\"Monto total\" data-row=\"-1\"><button class=\"sort svelte-1xam9h\"><span class=\"content dw-bold\">Monto total<\/span><\/button><\/th>\n<th class=\"force-padding type-number align-right resortable cell svelte-e11vcc\" colspan=\"1\" scope=\"col\" data-column=\"Pagado\" data-row=\"-1\"><button class=\"sort svelte-1xam9h\"><span class=\"content dw-bold\">Pagado<\/span><\/button><\/th>\n<th class=\"last force-padding type-number align-right resortable cell svelte-e11vcc\" colspan=\"1\" scope=\"col\" data-column=\"Valor a recuperar\" data-row=\"-1\"><button class=\"sort svelte-1xam9h\"><span class=\"content dw-bold\">Valor a recuperar<\/span><\/button><\/th>\n<\/tr>\n<\/thead>\n<tbody>\n<tr class=\"datawrapper-poh2T-1c5djey svelte-1xam9h\">\n<th class=\"first force-padding type-text align-left align-vertical-middle    td cell  svelte-5rcs0n\" colspan=\"1\" scope=\"row\">Quevedo<\/th>\n<td class=\"force-padding type-number align-right align-vertical-middle    td cell  svelte-5rcs0n\" colspan=\"1\">49,70<\/td>\n<td class=\"force-padding type-number align-right align-vertical-middle    td cell  svelte-5rcs0n\" colspan=\"1\">34,79<\/td>\n<td class=\"last force-padding type-number align-right align-vertical-middle    td cell  svelte-5rcs0n\" colspan=\"1\">19<\/td>\n<\/tr>\n<tr class=\"datawrapper-poh2T-1c5djey svelte-1xam9h\">\n<th class=\"first force-padding type-text align-left align-vertical-middle    td cell  svelte-5rcs0n\" colspan=\"1\" scope=\"row\">Salitral<\/th>\n<td class=\"force-padding type-number align-right align-vertical-middle    td cell  svelte-5rcs0n\" colspan=\"1\">99,40<\/td>\n<td class=\"force-padding type-number align-right align-vertical-middle    td cell  svelte-5rcs0n\" colspan=\"1\">69,58<\/td>\n<td class=\"last force-padding type-number align-right align-vertical-middle    td cell  svelte-5rcs0n\" colspan=\"1\">12<\/td>\n<\/tr>\n<tr class=\"datawrapper-poh2T-1c5djey svelte-1xam9h\">\n<th class=\"first force-padding type-text inverted dw-bold align-left align-vertical-middle    td cell  svelte-5rcs0n\" colspan=\"1\" scope=\"row\">TOTAL<\/th>\n<td class=\"force-padding type-number inverted dw-bold align-right align-vertical-middle    td cell  svelte-5rcs0n\" colspan=\"1\">149,10<\/td>\n<td class=\"force-padding type-number inverted dw-bold align-right align-vertical-middle    td cell  svelte-5rcs0n\" colspan=\"1\">104,37<\/td>\n<td class=\"last force-padding type-number inverted dw-bold align-right align-vertical-middle    td cell  svelte-5rcs0n\" colspan=\"1\">31<\/td>\n<\/tr>\n<\/tbody>\n<\/table>\n<\/div>\n<\/div>\n<\/div>\n<\/div>\n<p>El saldo se contabiliza as\u00ed porque, seg\u00fan Celec, los contratos s\u00ed fueron ejecutados satisfactoriamente: en el caso de Salitral, consideran una ejecuci\u00f3n del 73,58%, y en el caso de Quevedo, del 67,58%. Es decir, lo que se cobra son multas m\u00e1s garant\u00edas y repuestos, y Celec se queda con los motores que no funcionan.<\/p>\n<p>En septiembre de 2025, la entonces vocera Carolina Jaramillo anunci\u00f3 que Celec se har\u00eda cargo de los motores y de ponerlos en funcionamiento. PRIMICIAS consult\u00f3 a Celec y al Ministerio de Energ\u00eda sobre los valores recuperados de los contratos con Progen Industries, y sobre si ya se ha tomado posesi\u00f3n de las obras y los motores. Sin embargo tampoco ha habido respuesta.<\/p>\n<p>PRIMICIAS tambi\u00e9n contact\u00f3 por correo electr\u00f3nico a Progen y a Alberto Paredes, su apoderado en Ecuador. Este \u00faltimo respondi\u00f3: \u00abno manejo temas comunicacionales ni t\u00e9cnicos de la compa\u00f1\u00eda Progen\u00bb.<\/p>\n<p><strong>Progen enfrenta una demanda en EE.UU.<\/strong><br \/>\nEl 17 de noviembre de 2025, Seguros Confianza present\u00f3 una demanda civil contra Progen ante la Corte del Distrito Medio de Florida, en Tampa. La aseguradora ecuatoriana exige que la empresa estadounidense, con sede en Florida, reembolse los valores de las garant\u00edas ejecutadas por Celec, tras la terminaci\u00f3n de los contratos.<\/p>\n<p>Seg\u00fan los anexos a la demanda, que son p\u00fablicos en el sistema judicial estadounidense, Seguros Confianza emiti\u00f3 las garant\u00edas para Progen y, despu\u00e9s de la terminaci\u00f3n unilateral de los contratos, ejecut\u00f3 las garant\u00edas e hizo dos pagos a Celec, por USD 7,43 millones:<\/p>\n<p>Un pago por USD 2,48 millones por el contrato de Quevedo.<br \/>\nOtro pago por USD 4,97 millones por el contrato de Salitral.<br \/>\nSeguros Confianza asegura que el acuerdo con Progen para la emisi\u00f3n de las garant\u00edas inclu\u00eda una cl\u00e1usula que establec\u00eda que, de ejecutarse las garant\u00edas, Progen deb\u00eda reembolsar los valores en 24 horas, pero no lo hab\u00eda hecho. El caso sigue abierto hasta la publicaci\u00f3n de esta noticia.<\/p>\n<p>PRIMICIAS contact\u00f3 Brett Divers, abogado de Confianza en Estados Unidos, para hablar sobre este caso, pero declin\u00f3 cualquier comentario.<\/p>\n<p><strong>Las denuncias de Celec siguen en investigaci\u00f3n previa<\/strong><br \/>\nCelec ha presentado dos denuncias en contra de Progen Industries. La primera fue por el delito de estafa, interpuesta el 20 de junio de 2025, y la segunda por el delito de delincuencia organizada, el 31 de julio de 2025. Pero los casos no han avanzado.<\/p>\n<p>Unos d\u00edas antes de que Celec presente la segunda denuncia, la Fiscal\u00eda allan\u00f3 las oficinas de dicha empresa p\u00fablica y varias viviendas, en el caso Apag\u00f3n. La Fiscal\u00eda anunci\u00f3 que se ingada el presunto delito de peculado, y entre los investigados estaba Fabi\u00e1n Calero, ex viceministro de Energ\u00eda y exgerente de Celec.<\/p>\n<p>El allanamiento se dio d\u00edas despu\u00e9s de que la Contralor\u00eda aprob\u00f3 un informe de auditor\u00eda efectuado a los contratos de Celec con Progen.\u00a0Seg\u00fan el examen, habr\u00eda un perjuicio para el Estado de USD 100 millones por los pagos realizados a esta empresa: USD 70 millones corresponden a El Salitral, ubicado en Guayaquil, provincia de Guayas, y USD 30 millones a Quevedo, en Los R\u00edos.<\/p>\n<p>Sin embargo, el caso sigue en investigaci\u00f3n previa y no hay procesados. Seg\u00fan Celec, se solicit\u00f3 una asistencia penal internacional a Estados Unidos en agosto de 2025.<\/p>\n<p>Adem\u00e1s, la ministra In\u00e9s Manzano anunci\u00f3 que el Gobierno de Ecuador impulsa un proceso contra Progen en Estados Unidos. Sin embargo, en el sistema judicial estadounidense no aparece ninguna denuncia a nombre de Ecuador contra Progen. Esto podr\u00eda deberse a que el caso todav\u00eda est\u00e9 como reservado.<\/p>\n","protected":false},"excerpt":{"rendered":"<p>Ha pasado un a\u00f1o de que la empresa estadounidense Progen Industries LLC incumpli\u00f3 los plazos de los millonarios contratos de generaci\u00f3n el\u00e9ctrica que recibi\u00f3 de la empresa p\u00fablica Celec. Los motores deb\u00edan entrar en funcionamiento en noviembre de 2024, pero nunca llegaron a funcionar y, en cambio, se convirtieron en un problema que no se ha podido solucionar. &nbsp; Progen Industries fue adjudicada con dos contratos, para la generaci\u00f3n de 150 MW en total, en las centrales de Salitral y Quevedo. Ambos contratos suman USD 149,1 millones, y contemplaban el pago del 70% del monto contrato contra la presentaci\u00f3n del packing list, el informe de inspecci\u00f3n y la supervisi\u00f3n t\u00e9cnica de Celec. Progen efectivamente present\u00f3 esos documentos y envi\u00f3 los motores a Ecuador, por lo que Celec lleg\u00f3 a pagar el 70%, que ascend\u00eda a USD 104 millones. Los pagos se hicieron hasta marzo de 2025, a pesar de que para ese entonces ya se hab\u00eda registrado atrasos e incumplimientos. Los pagos a Progen Industries por los contratos con Celec Tabla con 4 columnas y 7 filas. Ordenado de forma ascendente Contrato Fecha Pa\u00eds Valor Salitral 01\/10\/2024 Estados Unidos 69\u00a0580\u00a0000 Quevedo 28\/01\/2025 Estados Unidos 6\u00a0958\u00a0000 Quevedo 06\/02\/2025 Estados Unidos 6\u00a0958\u00a0000 Quevedo 14\/02\/2025 Estados Unidos 6\u00a0958\u00a0000 Quevedo 20\/02\/2025 Estados Unidos 6\u00a0958\u00a0000 Quevedo 07\/03\/2025 Estados Unidos 6\u00a0958\u00a0000 TOTAL 104\u00a0370\u00a0000 PRIMICIAS consult\u00f3 el 2 de diciembre de 2025 a Celec y al Ministerio de Energ\u00eda si se han ejecutado ya las garant\u00edas presentadas por Progen en ambos contratos, y cu\u00e1nto se ha podido recuperar de lo pagado. Hasta las 18:30 del 4 de diciembre de 2025, no se recibi\u00f3 ninguna respuesta. Sin embargo, PRIMICIAS ha logrado verificar que parte de las garant\u00edas s\u00ed se ejecutaron. La informaci\u00f3n consta en un proceso judicial en Estados Unidos, que sigue Seguros Confianza contra Progen Industries LLC, y que es p\u00fablico. Celec recuperar\u00e1 poco, porque tiene los motores De acuerdo con las liquidaciones econ\u00f3micas de los contratos, Progen deb\u00eda devolver a Celec poco m\u00e1s de USD 30 millones, incluido el valor de las garant\u00edas. Este valor es apenas el 28% de lo pagado, dado que s\u00ed se reconoce una buena parte de la ejecuci\u00f3n de los contratos. Los contratos de Celec con Progen Industries Montos en millones de d\u00f3lares Tabla con 4 columnas y 3 filas. Ordenado de forma ascendente Central Monto total Pagado Valor a recuperar Quevedo 49,70 34,79 19 Salitral 99,40 69,58 12 TOTAL 149,10 104,37 31 El saldo se contabiliza as\u00ed porque, seg\u00fan Celec, los contratos s\u00ed fueron ejecutados satisfactoriamente: en el caso de Salitral, consideran una ejecuci\u00f3n del 73,58%, y en el caso de Quevedo, del 67,58%. Es decir, lo que se cobra son multas m\u00e1s garant\u00edas y repuestos, y Celec se queda con los motores que no funcionan. En septiembre de 2025, la entonces vocera Carolina Jaramillo anunci\u00f3 que Celec se har\u00eda cargo de los motores y de ponerlos en funcionamiento. PRIMICIAS consult\u00f3 a Celec y al Ministerio de Energ\u00eda sobre los valores recuperados de los contratos con Progen Industries, y sobre si ya se ha tomado posesi\u00f3n de las obras y los motores. Sin embargo tampoco ha habido respuesta. PRIMICIAS tambi\u00e9n contact\u00f3 por correo electr\u00f3nico a Progen y a Alberto Paredes, su apoderado en Ecuador. Este \u00faltimo respondi\u00f3: \u00abno manejo temas comunicacionales ni t\u00e9cnicos de la compa\u00f1\u00eda Progen\u00bb. Progen enfrenta una demanda en EE.UU. El 17 de noviembre de 2025, Seguros Confianza present\u00f3 una demanda civil contra Progen ante la Corte del Distrito Medio de Florida, en Tampa. La aseguradora ecuatoriana exige que la empresa estadounidense, con sede en Florida, reembolse los valores de las garant\u00edas ejecutadas por Celec, tras la terminaci\u00f3n de los contratos. Seg\u00fan los anexos a la demanda, que son p\u00fablicos en el sistema judicial estadounidense, Seguros Confianza emiti\u00f3 las garant\u00edas para Progen y, despu\u00e9s de la terminaci\u00f3n unilateral de los contratos, ejecut\u00f3 las garant\u00edas e hizo dos pagos a Celec, por USD 7,43 millones: Un pago por USD 2,48 millones por el contrato de Quevedo. Otro pago por USD 4,97 millones por el contrato de Salitral. Seguros Confianza asegura que el acuerdo con Progen para la emisi\u00f3n de las garant\u00edas inclu\u00eda una cl\u00e1usula que establec\u00eda que, de ejecutarse las garant\u00edas, Progen deb\u00eda reembolsar los valores en 24 horas, pero no lo hab\u00eda hecho. El caso sigue abierto hasta la publicaci\u00f3n de esta noticia. PRIMICIAS contact\u00f3 Brett Divers, abogado de Confianza en Estados Unidos, para hablar sobre este caso, pero declin\u00f3 cualquier comentario. Las denuncias de Celec siguen en investigaci\u00f3n previa Celec ha presentado dos denuncias en contra de Progen Industries. La primera fue por el delito de estafa, interpuesta el 20 de junio de 2025, y la segunda por el delito de delincuencia organizada, el 31 de julio de 2025. Pero los casos no han avanzado. Unos d\u00edas antes de que Celec presente la segunda denuncia, la Fiscal\u00eda allan\u00f3 las oficinas de dicha empresa p\u00fablica y varias viviendas, en el caso Apag\u00f3n. La Fiscal\u00eda anunci\u00f3 que se ingada el presunto delito de peculado, y entre los investigados estaba Fabi\u00e1n Calero, ex viceministro de Energ\u00eda y exgerente de Celec. El allanamiento se dio d\u00edas despu\u00e9s de que la Contralor\u00eda aprob\u00f3 un informe de auditor\u00eda efectuado a los contratos de Celec con Progen.\u00a0Seg\u00fan el examen, habr\u00eda un perjuicio para el Estado de USD 100 millones por los pagos realizados a esta empresa: USD 70 millones corresponden a El Salitral, ubicado en Guayaquil, provincia de Guayas, y USD 30 millones a Quevedo, en Los R\u00edos. Sin embargo, el caso sigue en investigaci\u00f3n previa y no hay procesados. Seg\u00fan Celec, se solicit\u00f3 una asistencia penal internacional a Estados Unidos en agosto de 2025. Adem\u00e1s, la ministra In\u00e9s Manzano anunci\u00f3 que el Gobierno de Ecuador impulsa un proceso contra Progen en Estados Unidos. Sin embargo, en el sistema judicial estadounidense no aparece ninguna denuncia a nombre de Ecuador contra Progen. Esto podr\u00eda deberse a que el caso todav\u00eda est\u00e9 como reservado.<\/p>\n","protected":false},"author":1,"featured_media":28039,"comment_status":"closed","ping_status":"closed","sticky":false,"template":"","format":"standard","meta":{"footnotes":""},"categories":[268],"tags":[],"class_list":["post-28038","post","type-post","status-publish","format-standard","has-post-thumbnail","hentry","category-nacionales"],"_links":{"self":[{"href":"https:\/\/www.elamazonico.com\/portal\/wp-json\/wp\/v2\/posts\/28038","targetHints":{"allow":["GET"]}}],"collection":[{"href":"https:\/\/www.elamazonico.com\/portal\/wp-json\/wp\/v2\/posts"}],"about":[{"href":"https:\/\/www.elamazonico.com\/portal\/wp-json\/wp\/v2\/types\/post"}],"author":[{"embeddable":true,"href":"https:\/\/www.elamazonico.com\/portal\/wp-json\/wp\/v2\/users\/1"}],"replies":[{"embeddable":true,"href":"https:\/\/www.elamazonico.com\/portal\/wp-json\/wp\/v2\/comments?post=28038"}],"version-history":[{"count":1,"href":"https:\/\/www.elamazonico.com\/portal\/wp-json\/wp\/v2\/posts\/28038\/revisions"}],"predecessor-version":[{"id":28040,"href":"https:\/\/www.elamazonico.com\/portal\/wp-json\/wp\/v2\/posts\/28038\/revisions\/28040"}],"wp:featuredmedia":[{"embeddable":true,"href":"https:\/\/www.elamazonico.com\/portal\/wp-json\/wp\/v2\/media\/28039"}],"wp:attachment":[{"href":"https:\/\/www.elamazonico.com\/portal\/wp-json\/wp\/v2\/media?parent=28038"}],"wp:term":[{"taxonomy":"category","embeddable":true,"href":"https:\/\/www.elamazonico.com\/portal\/wp-json\/wp\/v2\/categories?post=28038"},{"taxonomy":"post_tag","embeddable":true,"href":"https:\/\/www.elamazonico.com\/portal\/wp-json\/wp\/v2\/tags?post=28038"}],"curies":[{"name":"wp","href":"https:\/\/api.w.org\/{rel}","templated":true}]}}