{"id":28030,"date":"2025-12-08T05:58:51","date_gmt":"2025-12-08T10:58:51","guid":{"rendered":"https:\/\/www.elamazonico.com\/portal\/?p=28030"},"modified":"2025-12-08T05:58:51","modified_gmt":"2025-12-08T10:58:51","slug":"nuevo-incidente-en-la-carcel-de-machala-deja-reos-fallecidos-lo-que-se-sabe","status":"publish","type":"post","link":"https:\/\/www.elamazonico.com\/portal\/nuevo-incidente-en-la-carcel-de-machala-deja-reos-fallecidos-lo-que-se-sabe\/","title":{"rendered":"Nuevo incidente en la c\u00e1rcel de Machala deja reos fallecidos: lo que se sabe"},"content":{"rendered":"<div class=\"paragraph texto\">\n<p class=\"p_0\">Un nuevo hecho violento se registr\u00f3 este domingo\u00a0<b>7 de diciembre de 2025<\/b>\u00a0en la<a href=\"https:\/\/www.vistazo.com\/cronologia\/-\/meta\/carcel-de-machala\" target=\"_blank\" rel=\"noopener noreferrer\">\u00a0<b>c\u00e1rcel de Machala<\/b>,<\/a>\u00a0apenas tres semanas despu\u00e9s de la \u00faltima masacre ocurrida en el centro penitenciario.<\/p>\n<\/div>\n<div class=\"paragraph texto\">\n<p class=\"p_1\">Seg\u00fan informaci\u00f3n difundida por\u00a0<i>El Universo<\/i>,\u00a0<b>nueve personas privadas de libertad<\/b>\u00a0fueron encontradas sin vida durante una intervenci\u00f3n policial motivada por un\u00a0<b>ataque explosivo<\/b>\u00a0ocurrido en los exteriores del\u00a0<b>Centro de Privaci\u00f3n de Libertad No. 1 El Oro<\/b>.<\/p>\n<\/div>\n<div class=\"paragraph texto\">\n<p class=\"p_3\">El incidente habr\u00eda ocurrido en horas de la tarde, cuando un individuo dej\u00f3 un objeto sospechoso en la intersecci\u00f3n de las calles<b>\u00a0San Mart\u00edn y Juan Montalvo<\/b>, a pocos metros del penal. Seg\u00fan testigos citados por el medio, el artefacto\u00a0<b>deton\u00f3 segundos despu\u00e9s<\/b>, lo que activ\u00f3 protocolos de emergencia y el cierre de accesos.<\/p>\n<\/div>\n<div class=\"paragraph texto\">\n<p class=\"p_4\">En el sitio, unidades de\u00a0<b>Criminal\u00edstica<\/b>\u00a0y del\u00a0<b>GIR<\/b>\u00a0levantaron indicios, incluida una\u00a0<b>nota intimidante<\/b> dirigida al director del centro penitenciario. Fuente: Vistazo<\/p>\n<\/div>\n<div class=\"html_text\"><\/div>\n","protected":false},"excerpt":{"rendered":"<p>Un nuevo hecho violento se registr\u00f3 este domingo\u00a07 de diciembre de 2025\u00a0en la\u00a0c\u00e1rcel de Machala,\u00a0apenas tres semanas despu\u00e9s de la \u00faltima masacre ocurrida en el centro penitenciario. Seg\u00fan informaci\u00f3n difundida por\u00a0El Universo,\u00a0nueve personas privadas de libertad\u00a0fueron encontradas sin vida durante una intervenci\u00f3n policial motivada por un\u00a0ataque explosivo\u00a0ocurrido en los exteriores del\u00a0Centro de Privaci\u00f3n de Libertad No. 1 El Oro. El incidente habr\u00eda ocurrido en horas de la tarde, cuando un individuo dej\u00f3 un objeto sospechoso en la intersecci\u00f3n de las calles\u00a0San Mart\u00edn y Juan Montalvo, a pocos metros del penal. Seg\u00fan testigos citados por el medio, el artefacto\u00a0deton\u00f3 segundos despu\u00e9s, lo que activ\u00f3 protocolos de emergencia y el cierre de accesos. En el sitio, unidades de\u00a0Criminal\u00edstica\u00a0y del\u00a0GIR\u00a0levantaron indicios, incluida una\u00a0nota intimidante dirigida al director del centro penitenciario. Fuente: Vistazo<\/p>\n","protected":false},"author":1,"featured_media":28031,"comment_status":"closed","ping_status":"closed","sticky":false,"template":"","format":"standard","meta":{"footnotes":""},"categories":[268],"tags":[],"class_list":["post-28030","post","type-post","status-publish","format-standard","has-post-thumbnail","hentry","category-nacionales"],"_links":{"self":[{"href":"https:\/\/www.elamazonico.com\/portal\/wp-json\/wp\/v2\/posts\/28030","targetHints":{"allow":["GET"]}}],"collection":[{"href":"https:\/\/www.elamazonico.com\/portal\/wp-json\/wp\/v2\/posts"}],"about":[{"href":"https:\/\/www.elamazonico.com\/portal\/wp-json\/wp\/v2\/types\/post"}],"author":[{"embeddable":true,"href":"https:\/\/www.elamazonico.com\/portal\/wp-json\/wp\/v2\/users\/1"}],"replies":[{"embeddable":true,"href":"https:\/\/www.elamazonico.com\/portal\/wp-json\/wp\/v2\/comments?post=28030"}],"version-history":[{"count":1,"href":"https:\/\/www.elamazonico.com\/portal\/wp-json\/wp\/v2\/posts\/28030\/revisions"}],"predecessor-version":[{"id":28032,"href":"https:\/\/www.elamazonico.com\/portal\/wp-json\/wp\/v2\/posts\/28030\/revisions\/28032"}],"wp:featuredmedia":[{"embeddable":true,"href":"https:\/\/www.elamazonico.com\/portal\/wp-json\/wp\/v2\/media\/28031"}],"wp:attachment":[{"href":"https:\/\/www.elamazonico.com\/portal\/wp-json\/wp\/v2\/media?parent=28030"}],"wp:term":[{"taxonomy":"category","embeddable":true,"href":"https:\/\/www.elamazonico.com\/portal\/wp-json\/wp\/v2\/categories?post=28030"},{"taxonomy":"post_tag","embeddable":true,"href":"https:\/\/www.elamazonico.com\/portal\/wp-json\/wp\/v2\/tags?post=28030"}],"curies":[{"name":"wp","href":"https:\/\/api.w.org\/{rel}","templated":true}]}}