{"id":28025,"date":"2025-12-05T16:38:43","date_gmt":"2025-12-05T21:38:43","guid":{"rendered":"https:\/\/www.elamazonico.com\/portal\/?p=28025"},"modified":"2025-12-05T16:38:59","modified_gmt":"2025-12-05T21:38:59","slug":"cal-da-paso-al-juicio-politico-contra-el-exministro-de-salud-jimmy-martin","status":"publish","type":"post","link":"https:\/\/www.elamazonico.com\/portal\/cal-da-paso-al-juicio-politico-contra-el-exministro-de-salud-jimmy-martin\/","title":{"rendered":"CAL da paso al juicio pol\u00edtico contra el exministro de Salud Jimmy Mart\u00edn"},"content":{"rendered":"<p>El Consejo de Administraci\u00f3n Legislativa (CAL) admiti\u00f3 a tr\u00e1mite la solicitud de juicio pol\u00edtico contra el\u00a0<b>exministro de Salud Jimmy Mart\u00edn,<\/b>luego de que un informe t\u00e9cnico confirmara que la petici\u00f3n re\u00fane los requisitos establecidos en la Constituci\u00f3n y la Ley Org\u00e1nica de la Funci\u00f3n Legislativa.<\/p>\n<p>La decisi\u00f3n se tom\u00f3 durante la sesi\u00f3n 041, tras revisar el informe t\u00e9cnico elaborado por la Unidad T\u00e9cnica Legislativa (UTL).<\/p>\n<p data-start=\"1255\" data-end=\"1620\">El documento determin\u00f3 que la solicitud presentada por la\u00a0<b>bancada corre\u00edsta,\u00a0<\/b>cumple con los par\u00e1metros previstos en el art\u00edculo 131 de la Constituci\u00f3n, as\u00ed como en los art\u00edculos 78 y 79 de la Ley Org\u00e1nica de la Funci\u00f3n Legislativa (LOFL). El an\u00e1lisis incluy\u00f3 la verificaci\u00f3n de requisitos formales y el m\u00ednimo sustento necesario para que el proceso contin\u00fae.<\/p>\n<p data-start=\"1622\" data-end=\"1995\">Entre los elementos revisados constan la identificaci\u00f3n de la autoridad sujeta a control pol\u00edtico, la causal invocada para el enjuiciamiento, la presentaci\u00f3n de la documentaci\u00f3n disponible y el respaldo de firmas, equivalente a al menos una cuarta parte del pleno legislativo. Tambi\u00e9n se incluyeron pruebas que ser\u00e1n anunciadas durante la sustanciaci\u00f3n del proceso.<\/p>\n<p data-start=\"1997\" data-end=\"2289\">El informe de la UTL aclara que, en esta etapa, no se emite valoraci\u00f3n sobre la responsabilidad del exfuncionario, sino que se verifica exclusivamente la procedencia formal de la solicitud. Con ello, el caso podr\u00e1 avanzar hacia la fase de sustanciaci\u00f3n dentro de la Comisi\u00f3n de Fiscalizaci\u00f3n.<\/p>\n<p data-start=\"2291\" data-end=\"2617\">Tras la resoluci\u00f3n, el CAL dispuso que la Secretar\u00eda General de la Asamblea remita el expediente a la presidenta de la Comisi\u00f3n de Fiscalizaci\u00f3n y Control Pol\u00edtico.<\/p>\n<h1><b>En contexto<\/b><\/h1>\n<p>El presidente de la Rep\u00fablica, Daniel Noboa dispuso a la vicepresidenta Mar\u00eda Jos\u00e9 Pinto hacerse cargo del Ministerio de Salud tras la salida de Mart\u00edn, como parte de la reestructuraci\u00f3n de algunas carteras de Estado tras los resultados del Refer\u00e9ndum y Consulta Popular.<\/p>\n<p>Desde ese momento Pinto ha efectuado una serie de acciones relacionadas con levantamiento de informaci\u00f3n para identificar fallas operativas, retrasos administrativos y problemas en la provisi\u00f3n de servicios.<\/p>\n","protected":false},"excerpt":{"rendered":"<p>El Consejo de Administraci\u00f3n Legislativa (CAL) admiti\u00f3 a tr\u00e1mite la solicitud de juicio pol\u00edtico contra el\u00a0exministro de Salud Jimmy Mart\u00edn,luego de que un informe t\u00e9cnico confirmara que la petici\u00f3n re\u00fane los requisitos establecidos en la Constituci\u00f3n y la Ley Org\u00e1nica de la Funci\u00f3n Legislativa. La decisi\u00f3n se tom\u00f3 durante la sesi\u00f3n 041, tras revisar el informe t\u00e9cnico elaborado por la Unidad T\u00e9cnica Legislativa (UTL). El documento determin\u00f3 que la solicitud presentada por la\u00a0bancada corre\u00edsta,\u00a0cumple con los par\u00e1metros previstos en el art\u00edculo 131 de la Constituci\u00f3n, as\u00ed como en los art\u00edculos 78 y 79 de la Ley Org\u00e1nica de la Funci\u00f3n Legislativa (LOFL). El an\u00e1lisis incluy\u00f3 la verificaci\u00f3n de requisitos formales y el m\u00ednimo sustento necesario para que el proceso contin\u00fae. Entre los elementos revisados constan la identificaci\u00f3n de la autoridad sujeta a control pol\u00edtico, la causal invocada para el enjuiciamiento, la presentaci\u00f3n de la documentaci\u00f3n disponible y el respaldo de firmas, equivalente a al menos una cuarta parte del pleno legislativo. Tambi\u00e9n se incluyeron pruebas que ser\u00e1n anunciadas durante la sustanciaci\u00f3n del proceso. El informe de la UTL aclara que, en esta etapa, no se emite valoraci\u00f3n sobre la responsabilidad del exfuncionario, sino que se verifica exclusivamente la procedencia formal de la solicitud. Con ello, el caso podr\u00e1 avanzar hacia la fase de sustanciaci\u00f3n dentro de la Comisi\u00f3n de Fiscalizaci\u00f3n. Tras la resoluci\u00f3n, el CAL dispuso que la Secretar\u00eda General de la Asamblea remita el expediente a la presidenta de la Comisi\u00f3n de Fiscalizaci\u00f3n y Control Pol\u00edtico. En contexto El presidente de la Rep\u00fablica, Daniel Noboa dispuso a la vicepresidenta Mar\u00eda Jos\u00e9 Pinto hacerse cargo del Ministerio de Salud tras la salida de Mart\u00edn, como parte de la reestructuraci\u00f3n de algunas carteras de Estado tras los resultados del Refer\u00e9ndum y Consulta Popular. Desde ese momento Pinto ha efectuado una serie de acciones relacionadas con levantamiento de informaci\u00f3n para identificar fallas operativas, retrasos administrativos y problemas en la provisi\u00f3n de servicios.<\/p>\n","protected":false},"author":1,"featured_media":28027,"comment_status":"closed","ping_status":"closed","sticky":false,"template":"","format":"standard","meta":{"footnotes":""},"categories":[268],"tags":[],"class_list":["post-28025","post","type-post","status-publish","format-standard","has-post-thumbnail","hentry","category-nacionales"],"_links":{"self":[{"href":"https:\/\/www.elamazonico.com\/portal\/wp-json\/wp\/v2\/posts\/28025","targetHints":{"allow":["GET"]}}],"collection":[{"href":"https:\/\/www.elamazonico.com\/portal\/wp-json\/wp\/v2\/posts"}],"about":[{"href":"https:\/\/www.elamazonico.com\/portal\/wp-json\/wp\/v2\/types\/post"}],"author":[{"embeddable":true,"href":"https:\/\/www.elamazonico.com\/portal\/wp-json\/wp\/v2\/users\/1"}],"replies":[{"embeddable":true,"href":"https:\/\/www.elamazonico.com\/portal\/wp-json\/wp\/v2\/comments?post=28025"}],"version-history":[{"count":1,"href":"https:\/\/www.elamazonico.com\/portal\/wp-json\/wp\/v2\/posts\/28025\/revisions"}],"predecessor-version":[{"id":28026,"href":"https:\/\/www.elamazonico.com\/portal\/wp-json\/wp\/v2\/posts\/28025\/revisions\/28026"}],"wp:featuredmedia":[{"embeddable":true,"href":"https:\/\/www.elamazonico.com\/portal\/wp-json\/wp\/v2\/media\/28027"}],"wp:attachment":[{"href":"https:\/\/www.elamazonico.com\/portal\/wp-json\/wp\/v2\/media?parent=28025"}],"wp:term":[{"taxonomy":"category","embeddable":true,"href":"https:\/\/www.elamazonico.com\/portal\/wp-json\/wp\/v2\/categories?post=28025"},{"taxonomy":"post_tag","embeddable":true,"href":"https:\/\/www.elamazonico.com\/portal\/wp-json\/wp\/v2\/tags?post=28025"}],"curies":[{"name":"wp","href":"https:\/\/api.w.org\/{rel}","templated":true}]}}