{"id":28008,"date":"2025-12-04T17:10:29","date_gmt":"2025-12-04T22:10:29","guid":{"rendered":"https:\/\/www.elamazonico.com\/portal\/?p=28008"},"modified":"2025-12-04T17:10:29","modified_gmt":"2025-12-04T22:10:29","slug":"zamora-chinchipe-destaca-en-el-xxii-campeonato-sudamericano-de-atletismo-master","status":"publish","type":"post","link":"https:\/\/www.elamazonico.com\/portal\/zamora-chinchipe-destaca-en-el-xxii-campeonato-sudamericano-de-atletismo-master\/","title":{"rendered":"Zamora Chinchipe destaca en el XXII Campeonato Sudamericano de Atletismo M\u00e1ster"},"content":{"rendered":"<p>La Federaci\u00f3n Deportiva Nacional del Ecuador (Fedenador) y FEDE Zamora que la delegaci\u00f3n de atletas m\u00e1ster de Zamora Chinchipe retorn\u00f3 al pa\u00eds luego de su destacada participaci\u00f3n en el XXII Campeonato Sudamericano de Atletismo M\u00e1ster, desarrollado del 24 al 30 de noviembre de 2025 en Santiago de Chile. El equipo represent\u00f3 al Ecuador con compromiso, disciplina y resultados sobresalientes.<\/p>\n<p>La atleta Juliana Abad P\u00e9rez obtuvo dos medallas de plata en las pruebas de:<br \/>\n\u2022 Relevo 4&#215;100 m<br \/>\n\u2022 Relevo 4&#215;400 m<\/p>\n<p>Asimismo, alcanz\u00f3 un meritorio cuarto lugar en la prueba de 800 metros, consolid\u00e1ndose como una de las deportistas m\u00e1s destacadas de la delegaci\u00f3n.<\/p>\n<p><strong>La representaci\u00f3n de Zamora Chinchipe estuvo conformada por los atletas:<\/strong><br \/>\nJuliana Abad, Deisy Barrezueta, Oswaldo Rodr\u00edguez, Roberto Ocampo, Gonzalo Vire y Pablo Ruiz, quienes con esfuerzo, dedicaci\u00f3n y esp\u00edritu deportivo dejaron en alto el nombre de la provincia y del pa\u00eds.<\/p>\n<p>El desempe\u00f1o de las y los deportistas demuestra, una vez m\u00e1s, que Zamora Chinchipe cuenta con talento, disciplina y proyecci\u00f3n deportiva a nivel internacional. Su participaci\u00f3n fortalece el compromiso institucional por promover el desarrollo del deporte en todas sus categor\u00edas.<\/p>\n<p>Las deportistas vuelven de Santiago de Chile con medallas de plata en los relevos 4&#215;100 m y 4&#215;400 m.<br \/>\n\u00a1Orgullo para Zamora Chinchipe y para el Ecuador!<\/p>\n","protected":false},"excerpt":{"rendered":"<p>La Federaci\u00f3n Deportiva Nacional del Ecuador (Fedenador) y FEDE Zamora que la delegaci\u00f3n de atletas m\u00e1ster de Zamora Chinchipe retorn\u00f3 al pa\u00eds luego de su destacada participaci\u00f3n en el XXII Campeonato Sudamericano de Atletismo M\u00e1ster, desarrollado del 24 al 30 de noviembre de 2025 en Santiago de Chile. El equipo represent\u00f3 al Ecuador con compromiso, disciplina y resultados sobresalientes. La atleta Juliana Abad P\u00e9rez obtuvo dos medallas de plata en las pruebas de: \u2022 Relevo 4&#215;100 m \u2022 Relevo 4&#215;400 m Asimismo, alcanz\u00f3 un meritorio cuarto lugar en la prueba de 800 metros, consolid\u00e1ndose como una de las deportistas m\u00e1s destacadas de la delegaci\u00f3n. La representaci\u00f3n de Zamora Chinchipe estuvo conformada por los atletas: Juliana Abad, Deisy Barrezueta, Oswaldo Rodr\u00edguez, Roberto Ocampo, Gonzalo Vire y Pablo Ruiz, quienes con esfuerzo, dedicaci\u00f3n y esp\u00edritu deportivo dejaron en alto el nombre de la provincia y del pa\u00eds. El desempe\u00f1o de las y los deportistas demuestra, una vez m\u00e1s, que Zamora Chinchipe cuenta con talento, disciplina y proyecci\u00f3n deportiva a nivel internacional. Su participaci\u00f3n fortalece el compromiso institucional por promover el desarrollo del deporte en todas sus categor\u00edas. Las deportistas vuelven de Santiago de Chile con medallas de plata en los relevos 4&#215;100 m y 4&#215;400 m. \u00a1Orgullo para Zamora Chinchipe y para el Ecuador!<\/p>\n","protected":false},"author":1,"featured_media":28009,"comment_status":"closed","ping_status":"closed","sticky":false,"template":"","format":"standard","meta":{"footnotes":""},"categories":[243],"tags":[],"class_list":["post-28008","post","type-post","status-publish","format-standard","has-post-thumbnail","hentry","category-noticias-zamora"],"_links":{"self":[{"href":"https:\/\/www.elamazonico.com\/portal\/wp-json\/wp\/v2\/posts\/28008","targetHints":{"allow":["GET"]}}],"collection":[{"href":"https:\/\/www.elamazonico.com\/portal\/wp-json\/wp\/v2\/posts"}],"about":[{"href":"https:\/\/www.elamazonico.com\/portal\/wp-json\/wp\/v2\/types\/post"}],"author":[{"embeddable":true,"href":"https:\/\/www.elamazonico.com\/portal\/wp-json\/wp\/v2\/users\/1"}],"replies":[{"embeddable":true,"href":"https:\/\/www.elamazonico.com\/portal\/wp-json\/wp\/v2\/comments?post=28008"}],"version-history":[{"count":1,"href":"https:\/\/www.elamazonico.com\/portal\/wp-json\/wp\/v2\/posts\/28008\/revisions"}],"predecessor-version":[{"id":28010,"href":"https:\/\/www.elamazonico.com\/portal\/wp-json\/wp\/v2\/posts\/28008\/revisions\/28010"}],"wp:featuredmedia":[{"embeddable":true,"href":"https:\/\/www.elamazonico.com\/portal\/wp-json\/wp\/v2\/media\/28009"}],"wp:attachment":[{"href":"https:\/\/www.elamazonico.com\/portal\/wp-json\/wp\/v2\/media?parent=28008"}],"wp:term":[{"taxonomy":"category","embeddable":true,"href":"https:\/\/www.elamazonico.com\/portal\/wp-json\/wp\/v2\/categories?post=28008"},{"taxonomy":"post_tag","embeddable":true,"href":"https:\/\/www.elamazonico.com\/portal\/wp-json\/wp\/v2\/tags?post=28008"}],"curies":[{"name":"wp","href":"https:\/\/api.w.org\/{rel}","templated":true}]}}