{"id":28005,"date":"2025-12-05T04:05:44","date_gmt":"2025-12-05T09:05:44","guid":{"rendered":"https:\/\/www.elamazonico.com\/portal\/?p=28005"},"modified":"2025-12-04T16:59:26","modified_gmt":"2025-12-04T21:59:26","slug":"festividades-en-honor-a-maria-inmaculada-avanzan-con-la-participacion-estudiantil-y-comunitaria","status":"publish","type":"post","link":"https:\/\/www.elamazonico.com\/portal\/festividades-en-honor-a-maria-inmaculada-avanzan-con-la-participacion-estudiantil-y-comunitaria\/","title":{"rendered":"Festividades en honor a Mar\u00eda Inmaculada avanzan con la participaci\u00f3n estudiantil y comunitaria"},"content":{"rendered":"<p>La <strong>Unidad Educativa Fiscomisional La Inmaculada<\/strong> desarrolla con \u00e9xito su agenda de actividades en honor a su patrona, Mar\u00eda Inmaculada, festividades que iniciaron el martes 25 de noviembre con el comienzo de la tradicional novena, as\u00ed lo inform\u00f3 la directora de la instituci\u00f3n, Beatriz Bonete, durante la entrevista.<\/p>\n<p>Como parte de este programa patronal, el lunes 1 de diciembre se realiz\u00f3 el preg\u00f3n de festividades, que se destac\u00f3 por la participaci\u00f3n art\u00edstica de estudiantes en la presentaci\u00f3n de danzas folcl\u00f3ricas.<\/p>\n<p>El martes 2 de diciembre se llevaron a cabo los encuentros deportivos de baloncesto, con la presencia del Colegio Fiscomisional Juan XXIII y la Unidad Educativa La Inmaculada. Padres de familia, estudiantes y docentes se integraron activamente en esta jornada deportiva.<\/p>\n<p>Las actividades continuaron el mi\u00e9rcoles 3 de diciembre, a las 08:00, con el Festival de la Canci\u00f3n \u201cNuestros Artistas de La Inmaculada\u201d, espacio dedicado al talento musical de los estudiantes.<\/p>\n<p>El jueves 4 de diciembre se desarroll\u00f3 el Festival de Poes\u00eda a Mar\u00eda Inmaculada, encuentro literario que permiti\u00f3 la participaci\u00f3n creativa y espiritual de la comunidad educativa.<\/p>\n<p>Para el viernes 5 de diciembre, la instituci\u00f3n ha programado los Juegos Tradicionales, actividad que fortalecer\u00e1 la convivencia estudiantil y el rescate de expresiones culturales propias de la comunidad.<\/p>\n<p>Las festividades culminar\u00e1n el lunes 8 de diciembre, con la Eucarist\u00eda de Acci\u00f3n de Gracias, durante la cual se realizar\u00e1 la consagraci\u00f3n de los estudiantes de s\u00e9ptimo de b\u00e1sica a La Inmaculada. Posteriormente, a las 09:00, se llevar\u00e1 a cabo la Sesi\u00f3n Solemne, que incluir\u00e1 intervenciones de oratoria, la presentaci\u00f3n de la historia y trascendencia institucional, declamaciones po\u00e9ticas y la entrega de certificados a los estudiantes que participaron en las diferentes actividades de las fiestas patronales.<\/p>\n<p>En este acto tambi\u00e9n se realizar\u00e1 el lanzamiento oficial del afiche conmemorativo por los 90 a\u00f1os de vida institucional de la Unidad Educativa Fiscomisional La Inmaculada, hito que marca casi un siglo de labor educativa, valores y formaci\u00f3n integral.<\/p>\n<p>La directora Beatriz Bonete extendi\u00f3 una invitaci\u00f3n a padres de familia, docentes, estudiantes y a toda la comunidad cat\u00f3lica, para que sean parte de estas celebraciones en honor a nuestra patrona y madre, Mar\u00eda Inmaculada, deseando que su bendici\u00f3n acompa\u00f1e siempre a las familias de la instituci\u00f3n.<\/p>\n","protected":false},"excerpt":{"rendered":"<p>La Unidad Educativa Fiscomisional La Inmaculada desarrolla con \u00e9xito su agenda de actividades en honor a su patrona, Mar\u00eda Inmaculada, festividades que iniciaron el martes 25 de noviembre con el comienzo de la tradicional novena, as\u00ed lo inform\u00f3 la directora de la instituci\u00f3n, Beatriz Bonete, durante la entrevista. Como parte de este programa patronal, el lunes 1 de diciembre se realiz\u00f3 el preg\u00f3n de festividades, que se destac\u00f3 por la participaci\u00f3n art\u00edstica de estudiantes en la presentaci\u00f3n de danzas folcl\u00f3ricas. El martes 2 de diciembre se llevaron a cabo los encuentros deportivos de baloncesto, con la presencia del Colegio Fiscomisional Juan XXIII y la Unidad Educativa La Inmaculada. Padres de familia, estudiantes y docentes se integraron activamente en esta jornada deportiva. Las actividades continuaron el mi\u00e9rcoles 3 de diciembre, a las 08:00, con el Festival de la Canci\u00f3n \u201cNuestros Artistas de La Inmaculada\u201d, espacio dedicado al talento musical de los estudiantes. El jueves 4 de diciembre se desarroll\u00f3 el Festival de Poes\u00eda a Mar\u00eda Inmaculada, encuentro literario que permiti\u00f3 la participaci\u00f3n creativa y espiritual de la comunidad educativa. Para el viernes 5 de diciembre, la instituci\u00f3n ha programado los Juegos Tradicionales, actividad que fortalecer\u00e1 la convivencia estudiantil y el rescate de expresiones culturales propias de la comunidad. Las festividades culminar\u00e1n el lunes 8 de diciembre, con la Eucarist\u00eda de Acci\u00f3n de Gracias, durante la cual se realizar\u00e1 la consagraci\u00f3n de los estudiantes de s\u00e9ptimo de b\u00e1sica a La Inmaculada. Posteriormente, a las 09:00, se llevar\u00e1 a cabo la Sesi\u00f3n Solemne, que incluir\u00e1 intervenciones de oratoria, la presentaci\u00f3n de la historia y trascendencia institucional, declamaciones po\u00e9ticas y la entrega de certificados a los estudiantes que participaron en las diferentes actividades de las fiestas patronales. En este acto tambi\u00e9n se realizar\u00e1 el lanzamiento oficial del afiche conmemorativo por los 90 a\u00f1os de vida institucional de la Unidad Educativa Fiscomisional La Inmaculada, hito que marca casi un siglo de labor educativa, valores y formaci\u00f3n integral. La directora Beatriz Bonete extendi\u00f3 una invitaci\u00f3n a padres de familia, docentes, estudiantes y a toda la comunidad cat\u00f3lica, para que sean parte de estas celebraciones en honor a nuestra patrona y madre, Mar\u00eda Inmaculada, deseando que su bendici\u00f3n acompa\u00f1e siempre a las familias de la instituci\u00f3n.<\/p>\n","protected":false},"author":1,"featured_media":28006,"comment_status":"closed","ping_status":"closed","sticky":false,"template":"","format":"standard","meta":{"footnotes":""},"categories":[243],"tags":[],"class_list":["post-28005","post","type-post","status-publish","format-standard","has-post-thumbnail","hentry","category-noticias-zamora"],"_links":{"self":[{"href":"https:\/\/www.elamazonico.com\/portal\/wp-json\/wp\/v2\/posts\/28005","targetHints":{"allow":["GET"]}}],"collection":[{"href":"https:\/\/www.elamazonico.com\/portal\/wp-json\/wp\/v2\/posts"}],"about":[{"href":"https:\/\/www.elamazonico.com\/portal\/wp-json\/wp\/v2\/types\/post"}],"author":[{"embeddable":true,"href":"https:\/\/www.elamazonico.com\/portal\/wp-json\/wp\/v2\/users\/1"}],"replies":[{"embeddable":true,"href":"https:\/\/www.elamazonico.com\/portal\/wp-json\/wp\/v2\/comments?post=28005"}],"version-history":[{"count":1,"href":"https:\/\/www.elamazonico.com\/portal\/wp-json\/wp\/v2\/posts\/28005\/revisions"}],"predecessor-version":[{"id":28007,"href":"https:\/\/www.elamazonico.com\/portal\/wp-json\/wp\/v2\/posts\/28005\/revisions\/28007"}],"wp:featuredmedia":[{"embeddable":true,"href":"https:\/\/www.elamazonico.com\/portal\/wp-json\/wp\/v2\/media\/28006"}],"wp:attachment":[{"href":"https:\/\/www.elamazonico.com\/portal\/wp-json\/wp\/v2\/media?parent=28005"}],"wp:term":[{"taxonomy":"category","embeddable":true,"href":"https:\/\/www.elamazonico.com\/portal\/wp-json\/wp\/v2\/categories?post=28005"},{"taxonomy":"post_tag","embeddable":true,"href":"https:\/\/www.elamazonico.com\/portal\/wp-json\/wp\/v2\/tags?post=28005"}],"curies":[{"name":"wp","href":"https:\/\/api.w.org\/{rel}","templated":true}]}}