{"id":27999,"date":"2025-12-04T15:11:26","date_gmt":"2025-12-04T20:11:26","guid":{"rendered":"https:\/\/www.elamazonico.com\/portal\/?p=27999"},"modified":"2025-12-04T15:11:26","modified_gmt":"2025-12-04T20:11:26","slug":"ecuador-alcanza-el-tercer-lugar-en-el-campeonato-sudamericano-escolar-de-tenis-de-mesa","status":"publish","type":"post","link":"https:\/\/www.elamazonico.com\/portal\/ecuador-alcanza-el-tercer-lugar-en-el-campeonato-sudamericano-escolar-de-tenis-de-mesa\/","title":{"rendered":"Ecuador alcanza el tercer lugar en el Campeonato Sudamericano Escolar de Tenis de Mesa"},"content":{"rendered":"<p>En Asunci\u00f3n, Paraguay, desde el lunes 1 de diciembre, la delegaci\u00f3n ecuatoriana participa en el Campeonato Sudamericano Escolar de Tenis de Mesa, competencia que re\u00fane a los mejores microtenistas de la regi\u00f3n. Seg\u00fan inform\u00f3 el entrenador nacional Bryan Medina Le\u00f3n, quien acompa\u00f1a al equipo en el \u00e1rea t\u00e9cnica, Ecuador obtuvo su primera medalla en la categor\u00eda por equipos, destac\u00e1ndose en esta edici\u00f3n del certamen internacional.<\/p>\n<p>La presea de bronce fue alcanzada por los deportistas Alejandro Cordero J\u00e1come, representante de la provincia de Morona Santiago, y Jodu\u00e9 P\u00e9rez Ca\u00f1ar, oriundo de Zamora Chinchipe. Ambos j\u00f3venes lograron posicionarse en el podio de honor, consolidando una destacada actuaci\u00f3n frente a selecciones de amplio nivel competitivo.<\/p>\n<p>Este logro resalta el progreso sostenido del Tenis de Mesa ecuatoriano, que contin\u00faa fortaleci\u00e9ndose gracias al apoyo de la Federaci\u00f3n Ecuatoriana de Tenis de Mesa y del cuerpo t\u00e9cnico que impulsa el desarrollo formativo de los atletas en competencias internacionales.<\/p>\n<p>El Sudamericano de Micro tenis sigue en marcha con la realizaci\u00f3n de las pruebas en las modalidades de dobles, dobles mixtos e individuales, donde la delegaci\u00f3n nacional espera continuar sumando resultados positivos y representando al pa\u00eds con alto compromiso deportivo.<\/p>\n","protected":false},"excerpt":{"rendered":"<p>En Asunci\u00f3n, Paraguay, desde el lunes 1 de diciembre, la delegaci\u00f3n ecuatoriana participa en el Campeonato Sudamericano Escolar de Tenis de Mesa, competencia que re\u00fane a los mejores microtenistas de la regi\u00f3n. Seg\u00fan inform\u00f3 el entrenador nacional Bryan Medina Le\u00f3n, quien acompa\u00f1a al equipo en el \u00e1rea t\u00e9cnica, Ecuador obtuvo su primera medalla en la categor\u00eda por equipos, destac\u00e1ndose en esta edici\u00f3n del certamen internacional. La presea de bronce fue alcanzada por los deportistas Alejandro Cordero J\u00e1come, representante de la provincia de Morona Santiago, y Jodu\u00e9 P\u00e9rez Ca\u00f1ar, oriundo de Zamora Chinchipe. Ambos j\u00f3venes lograron posicionarse en el podio de honor, consolidando una destacada actuaci\u00f3n frente a selecciones de amplio nivel competitivo. Este logro resalta el progreso sostenido del Tenis de Mesa ecuatoriano, que contin\u00faa fortaleci\u00e9ndose gracias al apoyo de la Federaci\u00f3n Ecuatoriana de Tenis de Mesa y del cuerpo t\u00e9cnico que impulsa el desarrollo formativo de los atletas en competencias internacionales. El Sudamericano de Micro tenis sigue en marcha con la realizaci\u00f3n de las pruebas en las modalidades de dobles, dobles mixtos e individuales, donde la delegaci\u00f3n nacional espera continuar sumando resultados positivos y representando al pa\u00eds con alto compromiso deportivo.<\/p>\n","protected":false},"author":1,"featured_media":28000,"comment_status":"closed","ping_status":"closed","sticky":false,"template":"","format":"standard","meta":{"footnotes":""},"categories":[243],"tags":[],"class_list":["post-27999","post","type-post","status-publish","format-standard","has-post-thumbnail","hentry","category-noticias-zamora"],"_links":{"self":[{"href":"https:\/\/www.elamazonico.com\/portal\/wp-json\/wp\/v2\/posts\/27999","targetHints":{"allow":["GET"]}}],"collection":[{"href":"https:\/\/www.elamazonico.com\/portal\/wp-json\/wp\/v2\/posts"}],"about":[{"href":"https:\/\/www.elamazonico.com\/portal\/wp-json\/wp\/v2\/types\/post"}],"author":[{"embeddable":true,"href":"https:\/\/www.elamazonico.com\/portal\/wp-json\/wp\/v2\/users\/1"}],"replies":[{"embeddable":true,"href":"https:\/\/www.elamazonico.com\/portal\/wp-json\/wp\/v2\/comments?post=27999"}],"version-history":[{"count":1,"href":"https:\/\/www.elamazonico.com\/portal\/wp-json\/wp\/v2\/posts\/27999\/revisions"}],"predecessor-version":[{"id":28001,"href":"https:\/\/www.elamazonico.com\/portal\/wp-json\/wp\/v2\/posts\/27999\/revisions\/28001"}],"wp:featuredmedia":[{"embeddable":true,"href":"https:\/\/www.elamazonico.com\/portal\/wp-json\/wp\/v2\/media\/28000"}],"wp:attachment":[{"href":"https:\/\/www.elamazonico.com\/portal\/wp-json\/wp\/v2\/media?parent=27999"}],"wp:term":[{"taxonomy":"category","embeddable":true,"href":"https:\/\/www.elamazonico.com\/portal\/wp-json\/wp\/v2\/categories?post=27999"},{"taxonomy":"post_tag","embeddable":true,"href":"https:\/\/www.elamazonico.com\/portal\/wp-json\/wp\/v2\/tags?post=27999"}],"curies":[{"name":"wp","href":"https:\/\/api.w.org\/{rel}","templated":true}]}}