{"id":27989,"date":"2025-12-04T07:07:54","date_gmt":"2025-12-04T12:07:54","guid":{"rendered":"https:\/\/www.elamazonico.com\/portal\/?p=27989"},"modified":"2025-12-04T07:07:54","modified_gmt":"2025-12-04T12:07:54","slug":"daniel-noboa-emprende-gira-por-espana-emiratos-arabes-unidos-y-noruega","status":"publish","type":"post","link":"https:\/\/www.elamazonico.com\/portal\/daniel-noboa-emprende-gira-por-espana-emiratos-arabes-unidos-y-noruega\/","title":{"rendered":"Daniel Noboa emprende gira por Espa\u00f1a, Emiratos \u00c1rabes Unidos y Noruega"},"content":{"rendered":"<div class=\"paragraph texto\">\n<p class=\"p_0\"><b>El presidente de Ecuador,\u00a0<a href=\"https:\/\/www.vistazo.com\/cronologia\/-\/meta\/daniel-noboa\">Daniel Noboa<\/a>, emprendi\u00f3 este mi\u00e9rcoles un nuevo viaje que lo llevar\u00e1 a Espa\u00f1a, Emiratos \u00c1rabes Unidos y Noruega, con el objetivo de \u00abimpulsar nuevos acuerdos, fortalecer la cooperaci\u00f3n bilateral y promover alianzas estrat\u00e9gicas\u00bb, seg\u00fan ha se\u00f1alado la Presidencia del pa\u00eds sudamericano.<\/b><\/p>\n<p class=\"p_2\">La primera parada ser\u00e1\u00a0<b>Espa\u00f1a<\/b>, donde este jueves est\u00e1 previsto que se re\u00fana con la comunidad ecuatoriana en Madrid para<b>\u00a0entregar becas<\/b>, aunque no se ha dado m\u00e1s detalles de su agenda en el pa\u00eds.<\/p>\n<p class=\"p_3\">A\u00a0<b>Emiratos \u00c1rabes Unidos<\/b>\u00a0Noboa llegar\u00e1 para\u00a0<b>\u00abfortalecer todas las actividades, acciones y proyectos que ya est\u00e1n en curso\u00bb<\/b>\u00a0entre ambos pa\u00edses, asegur\u00f3 este mi\u00e9rcoles la ministra de Relaciones Exteriores y Movilidad Humana, Gabriela Sommerfeld, quien lo acompa\u00f1a en la gira internacional, que finalizar\u00e1 el 11 de diciembre.<\/p>\n<div class=\"Center2Display\">\n<div id=\"Center2\" data-google-query-id=\"CLqj6svyo5EDFRGNFwcdlNIXKA\">\n<div id=\"google_ads_iframe_\/21839199781\/Vistazo\/Vistazo_Center2_0__container__\">Las reuniones del mandatario estar\u00e1n particularmente relacionadas co<b>n \u00abproyectos de inversi\u00f3n, un proyecto financiero con el pa\u00eds, y tambi\u00e9n proyectos de energ\u00eda\u00bb<\/b>, indic\u00f3 la canciller, que a\u00f1adi\u00f3 que tambi\u00e9n tendr\u00e1n un encuentro con el Fondo de Abu Dabi para el Desarrollo (ADFD).<\/div>\n<\/div>\n<\/div>\n<p class=\"p_5\">Adem\u00e1s, la ministra se\u00f1al\u00f3 que se realizar\u00e1 la apertura de\u00a0<b>Casa Ecuador<\/b>, un proyecto que busca \u00abmostrar las oportunidades que tiene el Ecuador en el mundo\u00bb.<\/p>\n<p class=\"p_6\">En el caso de Noruega, est\u00e1 previsto que el mandatario est\u00e9 presente el 10 de diciembre en la ceremonia de<b>\u00a0entrega del Nobel de la Paz<\/b>, por un pedido de la l\u00edder opositora venezolana\u00a0<b>Mar\u00eda Corina Machado<\/b>.<\/p>\n<\/div>\n<h2 class=\"h2vistazo\">Pol\u00e9mica por confidencialidad de viaje<\/h2>\n<div class=\"paragraph texto\">\n<p class=\"p_7\">Los \u00faltimos viajes del presidente Noboa est\u00e1n bajo el ojo p\u00fablico despu\u00e9s de que entre el 18 y 20 de noviembre, tras perder el refer\u00e9ndum que \u00e9l impuls\u00f3,<b>\u00a0hizo un viaje oficial a Estados Unidos, pero su agenda fue declarada como \u00abconfidencial\u00bb.<\/b><\/p>\n<p class=\"p_8\">A finales de noviembre anunci\u00f3 otro viaje a EE.UU. que termin\u00f3 este lunes, pero luego se\u00f1al\u00f3 que ser\u00eda para cumplir\u00a0<b>actividades personales.<\/b><\/p>\n<p class=\"p_9\">Sin embargo, Sommerfeld asegur\u00f3 este mi\u00e9rcoles que los viajes del presidente significan que las relaciones de Ecuador con el mundo\u00a0<b>\u00abse han retomado\u00bb.<\/b><\/p>\n<p class=\"p_11\">\u00abEcuador estaba\u00a0<b>rezagado<\/b>, con relaciones lentas, sin defender y trabajar por los intereses del pa\u00eds en materia de cooperaci\u00f3n internacional, comercial, multilateral\u00bb, se\u00f1al\u00f3.<\/p>\n<p class=\"p_12\">\u00abNecesitamos traer mayor inversi\u00f3n y a eso se deben los viajes presidenciales<b>. Tenemos la suerte de tener un presidente que entiende c\u00f3mo se mueve el mundo<\/b>, la econom\u00eda global, y lo que necesitamos hacer para traer inversi\u00f3n y poder exportar mayor cantidad de productos y ojal\u00e1 servicios ecuatorianos tambi\u00e9n\u00bb, zanj\u00f3 la canciller. <strong>Fuente: Vistazo\u00a0<\/strong><\/p>\n<\/div>\n","protected":false},"excerpt":{"rendered":"<p>El presidente de Ecuador,\u00a0Daniel Noboa, emprendi\u00f3 este mi\u00e9rcoles un nuevo viaje que lo llevar\u00e1 a Espa\u00f1a, Emiratos \u00c1rabes Unidos y Noruega, con el objetivo de \u00abimpulsar nuevos acuerdos, fortalecer la cooperaci\u00f3n bilateral y promover alianzas estrat\u00e9gicas\u00bb, seg\u00fan ha se\u00f1alado la Presidencia del pa\u00eds sudamericano. La primera parada ser\u00e1\u00a0Espa\u00f1a, donde este jueves est\u00e1 previsto que se re\u00fana con la comunidad ecuatoriana en Madrid para\u00a0entregar becas, aunque no se ha dado m\u00e1s detalles de su agenda en el pa\u00eds. A\u00a0Emiratos \u00c1rabes Unidos\u00a0Noboa llegar\u00e1 para\u00a0\u00abfortalecer todas las actividades, acciones y proyectos que ya est\u00e1n en curso\u00bb\u00a0entre ambos pa\u00edses, asegur\u00f3 este mi\u00e9rcoles la ministra de Relaciones Exteriores y Movilidad Humana, Gabriela Sommerfeld, quien lo acompa\u00f1a en la gira internacional, que finalizar\u00e1 el 11 de diciembre. Las reuniones del mandatario estar\u00e1n particularmente relacionadas con \u00abproyectos de inversi\u00f3n, un proyecto financiero con el pa\u00eds, y tambi\u00e9n proyectos de energ\u00eda\u00bb, indic\u00f3 la canciller, que a\u00f1adi\u00f3 que tambi\u00e9n tendr\u00e1n un encuentro con el Fondo de Abu Dabi para el Desarrollo (ADFD). Adem\u00e1s, la ministra se\u00f1al\u00f3 que se realizar\u00e1 la apertura de\u00a0Casa Ecuador, un proyecto que busca \u00abmostrar las oportunidades que tiene el Ecuador en el mundo\u00bb. En el caso de Noruega, est\u00e1 previsto que el mandatario est\u00e9 presente el 10 de diciembre en la ceremonia de\u00a0entrega del Nobel de la Paz, por un pedido de la l\u00edder opositora venezolana\u00a0Mar\u00eda Corina Machado. Pol\u00e9mica por confidencialidad de viaje Los \u00faltimos viajes del presidente Noboa est\u00e1n bajo el ojo p\u00fablico despu\u00e9s de que entre el 18 y 20 de noviembre, tras perder el refer\u00e9ndum que \u00e9l impuls\u00f3,\u00a0hizo un viaje oficial a Estados Unidos, pero su agenda fue declarada como \u00abconfidencial\u00bb. A finales de noviembre anunci\u00f3 otro viaje a EE.UU. que termin\u00f3 este lunes, pero luego se\u00f1al\u00f3 que ser\u00eda para cumplir\u00a0actividades personales. Sin embargo, Sommerfeld asegur\u00f3 este mi\u00e9rcoles que los viajes del presidente significan que las relaciones de Ecuador con el mundo\u00a0\u00abse han retomado\u00bb. \u00abEcuador estaba\u00a0rezagado, con relaciones lentas, sin defender y trabajar por los intereses del pa\u00eds en materia de cooperaci\u00f3n internacional, comercial, multilateral\u00bb, se\u00f1al\u00f3. \u00abNecesitamos traer mayor inversi\u00f3n y a eso se deben los viajes presidenciales. Tenemos la suerte de tener un presidente que entiende c\u00f3mo se mueve el mundo, la econom\u00eda global, y lo que necesitamos hacer para traer inversi\u00f3n y poder exportar mayor cantidad de productos y ojal\u00e1 servicios ecuatorianos tambi\u00e9n\u00bb, zanj\u00f3 la canciller. Fuente: Vistazo\u00a0<\/p>\n","protected":false},"author":1,"featured_media":27990,"comment_status":"closed","ping_status":"closed","sticky":false,"template":"","format":"standard","meta":{"footnotes":""},"categories":[268],"tags":[],"class_list":["post-27989","post","type-post","status-publish","format-standard","has-post-thumbnail","hentry","category-nacionales"],"_links":{"self":[{"href":"https:\/\/www.elamazonico.com\/portal\/wp-json\/wp\/v2\/posts\/27989","targetHints":{"allow":["GET"]}}],"collection":[{"href":"https:\/\/www.elamazonico.com\/portal\/wp-json\/wp\/v2\/posts"}],"about":[{"href":"https:\/\/www.elamazonico.com\/portal\/wp-json\/wp\/v2\/types\/post"}],"author":[{"embeddable":true,"href":"https:\/\/www.elamazonico.com\/portal\/wp-json\/wp\/v2\/users\/1"}],"replies":[{"embeddable":true,"href":"https:\/\/www.elamazonico.com\/portal\/wp-json\/wp\/v2\/comments?post=27989"}],"version-history":[{"count":1,"href":"https:\/\/www.elamazonico.com\/portal\/wp-json\/wp\/v2\/posts\/27989\/revisions"}],"predecessor-version":[{"id":27991,"href":"https:\/\/www.elamazonico.com\/portal\/wp-json\/wp\/v2\/posts\/27989\/revisions\/27991"}],"wp:featuredmedia":[{"embeddable":true,"href":"https:\/\/www.elamazonico.com\/portal\/wp-json\/wp\/v2\/media\/27990"}],"wp:attachment":[{"href":"https:\/\/www.elamazonico.com\/portal\/wp-json\/wp\/v2\/media?parent=27989"}],"wp:term":[{"taxonomy":"category","embeddable":true,"href":"https:\/\/www.elamazonico.com\/portal\/wp-json\/wp\/v2\/categories?post=27989"},{"taxonomy":"post_tag","embeddable":true,"href":"https:\/\/www.elamazonico.com\/portal\/wp-json\/wp\/v2\/tags?post=27989"}],"curies":[{"name":"wp","href":"https:\/\/api.w.org\/{rel}","templated":true}]}}