{"id":27981,"date":"2025-12-03T16:54:26","date_gmt":"2025-12-03T21:54:26","guid":{"rendered":"https:\/\/www.elamazonico.com\/portal\/?p=27981"},"modified":"2025-12-03T16:54:50","modified_gmt":"2025-12-03T21:54:50","slug":"fijan-fecha-para-vincular-a-alias-pipo-y-otros-dos-cabecillas-de-los-lobos-al-caso-magnicidio-fv","status":"publish","type":"post","link":"https:\/\/www.elamazonico.com\/portal\/fijan-fecha-para-vincular-a-alias-pipo-y-otros-dos-cabecillas-de-los-lobos-al-caso-magnicidio-fv\/","title":{"rendered":"Fijan fecha para vincular a alias &#8216;Pipo&#8217; y otros dos cabecillas de Los Lobos al caso Magnicidio FV"},"content":{"rendered":"<div class=\"paragraph texto\">\n<p class=\"p_0\"><b>La formulaci\u00f3n de cargos en contra de tres cabecillas del grupo de crimen organizado \u00ab<a href=\"https:\/\/www.vistazo.com\/cronologia\/-\/meta\/los-lobos\">Los Lobos<\/a>\u00ab, a quienes la Fiscal\u00eda prev\u00e9 vincular a la investigaci\u00f3n sobre la planificaci\u00f3n del asesinato del excandidato presidencial Fernando Villavicencio, fue fijada para el viernes 12 de diciembre, a las 08h30, por la jueza Luz Mar\u00eda Ort\u00edz.<\/b><\/p>\n<p class=\"p_2\">Un oficio difundido en redes sociales confirm\u00f3 que los imputados ser\u00e1n\u00a0<b>Wilmer Chavarr\u00eda<\/b>\u00a0(<i>Pipo<\/i>), l\u00edder principal de la organizaci\u00f3n delictiva detenido en Espa\u00f1a el 16 de noviembre, as\u00ed como\u00a0<b>\u00c1ngel Aguilar<\/b>\u00a0(<i>Lobo Menor<\/i>) y<b>\u00a0Luis Arboleda\u00a0<\/b>(<i>Gordo Luis<\/i>), ambos identificados como cabecillas.<\/p>\n<p class=\"p_3\">La fiscal\u00a0<b>Ana Hidalgo<\/b>\u00a0hab\u00eda solicitado este lunes a la jueza que determinara el d\u00eda y hora para la realizaci\u00f3n de la audiencia de vinculaci\u00f3n en contra de los tres sujetos, pues existen<b>\u00a0\u00abelementos que hacen presumir\u00bb\u00a0<\/b>su participaci\u00f3n en el magnicidio.<\/p>\n<p class=\"p_4\">Al ser se\u00f1alados como presuntos autores intelectuales,\u00a0<b>Chavarr\u00eda, Aguilar y Arboleda\u00a0<\/b>pasar\u00edan a incorporarse a los otros cuatro procesados dentro de la misma investigaci\u00f3n: el exministro corre\u00edsta\u00a0<b>Jos\u00e9 Serrano, Xavier Jord\u00e1n, Daniel Salcedo\u00a0<\/b>y el exasamble\u00edsta de la Revoluci\u00f3n Ciudadana\u00a0<b>Ronny Aleaga.<\/b><\/p>\n<p class=\"p_5\">Sobre los cuatro investigados pesa una<b>\u00a0orden de prisi\u00f3n preventiva<\/b>. No obstante,\u00a0<b>solo Salcedo se encuentra encarcelado en Ecuador.<\/b>\u00a0Jord\u00e1n no ha sido detenido en Miami, ciudad de Estados Unidos donde reside, y Serrano se encuentra retenido por autoridades migratorias en esa misma ciudad. Aleaga, por otro lado, permanece en un paradero desconocido luego de viajar a Venezuela, en abril del a\u00f1o pasado.<\/p>\n<p class=\"p_6\">La fiscal Hidalgo hab\u00eda solicitado d\u00edas atr\u00e1s que la Polic\u00eda ubicara a los sospechosos y los notificara para que designaran a sus abogados. No obstante, seg\u00fan declar\u00f3 este lunes,\u00a0<b>no fue posible contactar ni a \u00abPipo\u00bb<\/b>, quien fue detenido en Espa\u00f1a el pasado 16 de noviembre, ni a\u00a0<b>\u00abLobo Menor\u00bb<\/b>, por lo que pidi\u00f3 que ambos sean representados por un defensor p\u00fablico.<\/p>\n<p class=\"p_7\">El testimonio de alias &#8216;Pipo&#8217; se vuelve fundamental en esta etapa del proceso, porque \u00e9l, como m\u00e1ximo cabecilla de Los Lobos,\u00a0<b>debi\u00f3 estar al tanto de c\u00f3mo se ejecut\u00f3 el asesinato de Villavicencio<\/b>. Aunque &#8216;Pipo&#8217; estaba en Europa, manejaba todos los hilos de la organizaci\u00f3n criminal.<\/p>\n<\/div>\n<h2 class=\"h2vistazo\">Cinco condenas de prisi\u00f3n y ocho sospechosos asesinados<\/h2>\n<div class=\"paragraph texto\">\n<p class=\"p_8\">Hasta ahora,\u00a0<b>cinco personas han recibido sentencias de prisi\u00f3n como autores materiales del asesinato.<\/b>\u00a0Entre ellos figura Carlos Angulo, conocido como \u00abEl Invisible\u00bb, un cabecilla de \u00abLos Lobos\u00bb que coordin\u00f3 la planificaci\u00f3n y log\u00edstica del crimen desde un centro penitenciario.<\/p>\n<p class=\"p_10\">Adem\u00e1s,\u00a0<b>otros ocho involucrados no llegaron a juicio, ya que fallecieron antes de la etapa procesal.<\/b> Entre ellos se encontraban los siete sicarios colombianos que participaron en el magnicidio. <strong>Fuente: Vistazo<\/strong><\/p>\n<\/div>\n","protected":false},"excerpt":{"rendered":"<p>La formulaci\u00f3n de cargos en contra de tres cabecillas del grupo de crimen organizado \u00abLos Lobos\u00ab, a quienes la Fiscal\u00eda prev\u00e9 vincular a la investigaci\u00f3n sobre la planificaci\u00f3n del asesinato del excandidato presidencial Fernando Villavicencio, fue fijada para el viernes 12 de diciembre, a las 08h30, por la jueza Luz Mar\u00eda Ort\u00edz. Un oficio difundido en redes sociales confirm\u00f3 que los imputados ser\u00e1n\u00a0Wilmer Chavarr\u00eda\u00a0(Pipo), l\u00edder principal de la organizaci\u00f3n delictiva detenido en Espa\u00f1a el 16 de noviembre, as\u00ed como\u00a0\u00c1ngel Aguilar\u00a0(Lobo Menor) y\u00a0Luis Arboleda\u00a0(Gordo Luis), ambos identificados como cabecillas. La fiscal\u00a0Ana Hidalgo\u00a0hab\u00eda solicitado este lunes a la jueza que determinara el d\u00eda y hora para la realizaci\u00f3n de la audiencia de vinculaci\u00f3n en contra de los tres sujetos, pues existen\u00a0\u00abelementos que hacen presumir\u00bb\u00a0su participaci\u00f3n en el magnicidio. Al ser se\u00f1alados como presuntos autores intelectuales,\u00a0Chavarr\u00eda, Aguilar y Arboleda\u00a0pasar\u00edan a incorporarse a los otros cuatro procesados dentro de la misma investigaci\u00f3n: el exministro corre\u00edsta\u00a0Jos\u00e9 Serrano, Xavier Jord\u00e1n, Daniel Salcedo\u00a0y el exasamble\u00edsta de la Revoluci\u00f3n Ciudadana\u00a0Ronny Aleaga. Sobre los cuatro investigados pesa una\u00a0orden de prisi\u00f3n preventiva. No obstante,\u00a0solo Salcedo se encuentra encarcelado en Ecuador.\u00a0Jord\u00e1n no ha sido detenido en Miami, ciudad de Estados Unidos donde reside, y Serrano se encuentra retenido por autoridades migratorias en esa misma ciudad. Aleaga, por otro lado, permanece en un paradero desconocido luego de viajar a Venezuela, en abril del a\u00f1o pasado. La fiscal Hidalgo hab\u00eda solicitado d\u00edas atr\u00e1s que la Polic\u00eda ubicara a los sospechosos y los notificara para que designaran a sus abogados. No obstante, seg\u00fan declar\u00f3 este lunes,\u00a0no fue posible contactar ni a \u00abPipo\u00bb, quien fue detenido en Espa\u00f1a el pasado 16 de noviembre, ni a\u00a0\u00abLobo Menor\u00bb, por lo que pidi\u00f3 que ambos sean representados por un defensor p\u00fablico. El testimonio de alias &#8216;Pipo&#8217; se vuelve fundamental en esta etapa del proceso, porque \u00e9l, como m\u00e1ximo cabecilla de Los Lobos,\u00a0debi\u00f3 estar al tanto de c\u00f3mo se ejecut\u00f3 el asesinato de Villavicencio. Aunque &#8216;Pipo&#8217; estaba en Europa, manejaba todos los hilos de la organizaci\u00f3n criminal. Cinco condenas de prisi\u00f3n y ocho sospechosos asesinados Hasta ahora,\u00a0cinco personas han recibido sentencias de prisi\u00f3n como autores materiales del asesinato.\u00a0Entre ellos figura Carlos Angulo, conocido como \u00abEl Invisible\u00bb, un cabecilla de \u00abLos Lobos\u00bb que coordin\u00f3 la planificaci\u00f3n y log\u00edstica del crimen desde un centro penitenciario. Adem\u00e1s,\u00a0otros ocho involucrados no llegaron a juicio, ya que fallecieron antes de la etapa procesal. Entre ellos se encontraban los siete sicarios colombianos que participaron en el magnicidio. Fuente: Vistazo<\/p>\n","protected":false},"author":1,"featured_media":27982,"comment_status":"closed","ping_status":"closed","sticky":false,"template":"","format":"standard","meta":{"footnotes":""},"categories":[268],"tags":[],"class_list":["post-27981","post","type-post","status-publish","format-standard","has-post-thumbnail","hentry","category-nacionales"],"_links":{"self":[{"href":"https:\/\/www.elamazonico.com\/portal\/wp-json\/wp\/v2\/posts\/27981","targetHints":{"allow":["GET"]}}],"collection":[{"href":"https:\/\/www.elamazonico.com\/portal\/wp-json\/wp\/v2\/posts"}],"about":[{"href":"https:\/\/www.elamazonico.com\/portal\/wp-json\/wp\/v2\/types\/post"}],"author":[{"embeddable":true,"href":"https:\/\/www.elamazonico.com\/portal\/wp-json\/wp\/v2\/users\/1"}],"replies":[{"embeddable":true,"href":"https:\/\/www.elamazonico.com\/portal\/wp-json\/wp\/v2\/comments?post=27981"}],"version-history":[{"count":2,"href":"https:\/\/www.elamazonico.com\/portal\/wp-json\/wp\/v2\/posts\/27981\/revisions"}],"predecessor-version":[{"id":27984,"href":"https:\/\/www.elamazonico.com\/portal\/wp-json\/wp\/v2\/posts\/27981\/revisions\/27984"}],"wp:featuredmedia":[{"embeddable":true,"href":"https:\/\/www.elamazonico.com\/portal\/wp-json\/wp\/v2\/media\/27982"}],"wp:attachment":[{"href":"https:\/\/www.elamazonico.com\/portal\/wp-json\/wp\/v2\/media?parent=27981"}],"wp:term":[{"taxonomy":"category","embeddable":true,"href":"https:\/\/www.elamazonico.com\/portal\/wp-json\/wp\/v2\/categories?post=27981"},{"taxonomy":"post_tag","embeddable":true,"href":"https:\/\/www.elamazonico.com\/portal\/wp-json\/wp\/v2\/tags?post=27981"}],"curies":[{"name":"wp","href":"https:\/\/api.w.org\/{rel}","templated":true}]}}