{"id":27978,"date":"2025-12-03T16:41:27","date_gmt":"2025-12-03T21:41:27","guid":{"rendered":"https:\/\/www.elamazonico.com\/portal\/?p=27978"},"modified":"2025-12-03T16:41:27","modified_gmt":"2025-12-03T21:41:27","slug":"convencion-de-revolucion-ciudadana-asi-se-definira-el-futuro-de-marcela-aguinaga-tras-polemica-con-rafael-correa","status":"publish","type":"post","link":"https:\/\/www.elamazonico.com\/portal\/convencion-de-revolucion-ciudadana-asi-se-definira-el-futuro-de-marcela-aguinaga-tras-polemica-con-rafael-correa\/","title":{"rendered":"Convenci\u00f3n de Revoluci\u00f3n Ciudadana: as\u00ed se definir\u00e1 el futuro de Marcela Agui\u00f1aga tras pol\u00e9mica con Rafael Correa"},"content":{"rendered":"<div class=\"paragraph texto\">\n<p class=\"p_0\">El futuro pol\u00edtico de la\u00a0<b>prefecta\u00a0<\/b>del Guayas,\u00a0<b><a href=\"https:\/\/www.vistazo.com\/cronologia\/-\/meta\/marcela-aguinaga\" target=\"_blank\" rel=\"noopener noreferrer\">Marcela Agui\u00f1aga<\/a><\/b>, podr\u00eda definirse en la\u00a0<b>Convenci\u00f3n Nacional<\/b>\u00a0del movimiento\u00a0<b>Revoluci\u00f3n Ciudadana<\/b>\u00a0(RC5), que se realizar\u00e1 el 10 y 11 de enero de 2025 en Manta, provincia de Manab\u00ed.<\/p>\n<p class=\"p_2\">La presidenta de la organizaci\u00f3n,\u00a0<b>Luisa Gonz\u00e1lez<\/b>, ha manifestado que el encuentro marcar\u00e1 un nuevo impulso interno con \u00e9nfasis en la participaci\u00f3n de las bases y la renovaci\u00f3n del movimiento.<\/p>\n<p class=\"p_3\">La convenci\u00f3n se desarrollar\u00e1 en medio de la creciente tensi\u00f3n entre Agui\u00f1aga y el expresidente\u00a0<b>Rafael Correa<\/b>, l\u00edder m\u00e1ximo de la RC, quien este martes rompi\u00f3 p\u00fablicamente con la prefecta.<\/p>\n<\/div>\n<h2 class=\"h2vistazo\">Correa marca distancia de Agui\u00f1aga<\/h2>\n<div class=\"paragraph texto\">\n<p class=\"p_4\">\u201cMarcela querida: eres demasiado importante y sabia para la actual RC5.\u00a0<u>Anda nom\u00e1s a dialogar con Noboa<\/u>, nosotros no lo haremos\u201d, escribi\u00f3 Correa en su cuenta de X, luego de que la prefecta manifestara en una entrevista que analiza su\u00a0<b>salida\u00a0<\/b>del movimiento.<\/p>\n<p class=\"p_5\">Agui\u00f1aga tambi\u00e9n record\u00f3 su trayectoria dentro de la RC. \u00abYo voy a recordar lo que he sido para la RC, yo soy pol\u00edtica desde que inici\u00f3 este partido.\u00a0<u>He aguantado las duras y las maduras. Siento mucha nostalgia dejar la organizaci\u00f3n que he ayudado a construir<\/u>\u00ab, se\u00f1al\u00f3 la prefecta, que tambi\u00e9n fue l\u00edder nacional del movimiento antes de que asumiera ese cargo la excandidata presidencial\u00a0<b>Luisa Gonz\u00e1lez<\/b>.<\/p>\n<p class=\"p_6\">La prefecta enfatiz\u00f3 que \u00bbel Ecuador de hoy no es el Ecuador de Correa y el Ecuador de hoy necesita di\u00e1logo y una agenda en com\u00fan\u201d.<\/p>\n<p class=\"p_8\">Correa respondi\u00f3 nuevamente con un mensaje cargado de iron\u00eda. \u00ab<b>Marcela: No reflexiones NADA<\/b>. Te insisto: eres demasiado importante y sabia para nosotros. Seguramente con Lourdes Tib\u00e1n y tu -merecido- capital pol\u00edtico ganar\u00e1s la reelecci\u00f3n. Eres una mujer muy valiosa. Pero con nosotros no cuentes:\u00a0<u>m\u00e1s vale un gramo de principios que toneladas de trabajo<\/u>. Un abrazo y el cari\u00f1o de siempre\u00bb, escribi\u00f3 Correa en otra publicaci\u00f3n en X.<\/p>\n<p class=\"p_9\">El exmandatario ya hab\u00eda criticado fuertemente a Agui\u00f1aga el pasado 20 de noviembre, cuando la prefecta se reuni\u00f3 en Guayaquil con la prefecta de Cotopaxi,\u00a0<b>Lourdes Tib\u00e1n<\/b>, quien es una ac\u00e9rrima opositora del corre\u00edsmo.<\/p>\n<\/div>\n<h2 class=\"h2vistazo\">Reacciones dentro del corre\u00edsmo<\/h2>\n<div class=\"paragraph texto\">\n<p class=\"p_10\">La asamble\u00edsta corre\u00edsta\u00a0<b>Paola Cabezas<\/b>\u00a0dijo este mi\u00e9rcoles que el conflicto entre Correa y Agui\u00f1aga deber\u00e1 resolverse en las instancias internas del movimiento. \u201cHay problemas urgentes del pa\u00eds que necesitan atenci\u00f3n, antes que una situaci\u00f3n interna. No entiendo por qu\u00e9 esto ha escalado a tal nivel\u201d, dijo.<\/p>\n<p class=\"p_12\">Asimismo, el legislador\u00a0<b>H\u00e9ctor Rodr\u00edguez\u00a0<\/b>coincidi\u00f3 en que ser\u00e1 la\u00a0<b>Convenci\u00f3n Nacional<\/b>\u00a0la que determine si corresponde una separaci\u00f3n, expulsi\u00f3n u otra medida disciplinaria.<\/p>\n<p class=\"p_13\">\u00abDentro de la l\u00f3gica de\u00a0<b>Revoluci\u00f3n Ciudadana<\/b>\u00a0tenemos instancias que tendr\u00e1n que resolver si cabe la separaci\u00f3n, expulsi\u00f3n o lo que fuera. No soy parte del\u00a0<b>comit\u00e9 de \u00e9tica<\/b>, pero tengo entendido que hay un tratamiento especial y el bur\u00f3 comunicar\u00e1 al respecto\u00bb, se\u00f1al\u00f3.<\/p>\n<p class=\"p_14\">Tambi\u00e9n record\u00f3 que\u00a0<b>Rafael Correa<\/b>\u00a0es el presidente vitalicio del movimiento, por lo que su voz \u201cno solo es autorizada, sino relevante\u201d en estas decisiones.<\/p>\n<p class=\"p_15\">En medio de la pol\u00e9mica, Luisa Gonz\u00e1lez tambi\u00e9n ha enfatizado que \u00abtodo lo alcanzado en estos a\u00f1os no es m\u00e9rito de una sola persona, sino de un gran equipo, incluido Rafael Correa, los miembros del bur\u00f3, la militancia de la RC5, los ciudadanos, comunicadores, influencers y todos quienes han contribuido a este proyecto pol\u00edtico\u00bb.<\/p>\n<\/div>\n","protected":false},"excerpt":{"rendered":"<p>El futuro pol\u00edtico de la\u00a0prefecta\u00a0del Guayas,\u00a0Marcela Agui\u00f1aga, podr\u00eda definirse en la\u00a0Convenci\u00f3n Nacional\u00a0del movimiento\u00a0Revoluci\u00f3n Ciudadana\u00a0(RC5), que se realizar\u00e1 el 10 y 11 de enero de 2025 en Manta, provincia de Manab\u00ed. La presidenta de la organizaci\u00f3n,\u00a0Luisa Gonz\u00e1lez, ha manifestado que el encuentro marcar\u00e1 un nuevo impulso interno con \u00e9nfasis en la participaci\u00f3n de las bases y la renovaci\u00f3n del movimiento. La convenci\u00f3n se desarrollar\u00e1 en medio de la creciente tensi\u00f3n entre Agui\u00f1aga y el expresidente\u00a0Rafael Correa, l\u00edder m\u00e1ximo de la RC, quien este martes rompi\u00f3 p\u00fablicamente con la prefecta. Correa marca distancia de Agui\u00f1aga \u201cMarcela querida: eres demasiado importante y sabia para la actual RC5.\u00a0Anda nom\u00e1s a dialogar con Noboa, nosotros no lo haremos\u201d, escribi\u00f3 Correa en su cuenta de X, luego de que la prefecta manifestara en una entrevista que analiza su\u00a0salida\u00a0del movimiento. Agui\u00f1aga tambi\u00e9n record\u00f3 su trayectoria dentro de la RC. \u00abYo voy a recordar lo que he sido para la RC, yo soy pol\u00edtica desde que inici\u00f3 este partido.\u00a0He aguantado las duras y las maduras. Siento mucha nostalgia dejar la organizaci\u00f3n que he ayudado a construir\u00ab, se\u00f1al\u00f3 la prefecta, que tambi\u00e9n fue l\u00edder nacional del movimiento antes de que asumiera ese cargo la excandidata presidencial\u00a0Luisa Gonz\u00e1lez. La prefecta enfatiz\u00f3 que \u00bbel Ecuador de hoy no es el Ecuador de Correa y el Ecuador de hoy necesita di\u00e1logo y una agenda en com\u00fan\u201d. Correa respondi\u00f3 nuevamente con un mensaje cargado de iron\u00eda. \u00abMarcela: No reflexiones NADA. Te insisto: eres demasiado importante y sabia para nosotros. Seguramente con Lourdes Tib\u00e1n y tu -merecido- capital pol\u00edtico ganar\u00e1s la reelecci\u00f3n. Eres una mujer muy valiosa. Pero con nosotros no cuentes:\u00a0m\u00e1s vale un gramo de principios que toneladas de trabajo. Un abrazo y el cari\u00f1o de siempre\u00bb, escribi\u00f3 Correa en otra publicaci\u00f3n en X. El exmandatario ya hab\u00eda criticado fuertemente a Agui\u00f1aga el pasado 20 de noviembre, cuando la prefecta se reuni\u00f3 en Guayaquil con la prefecta de Cotopaxi,\u00a0Lourdes Tib\u00e1n, quien es una ac\u00e9rrima opositora del corre\u00edsmo. Reacciones dentro del corre\u00edsmo La asamble\u00edsta corre\u00edsta\u00a0Paola Cabezas\u00a0dijo este mi\u00e9rcoles que el conflicto entre Correa y Agui\u00f1aga deber\u00e1 resolverse en las instancias internas del movimiento. \u201cHay problemas urgentes del pa\u00eds que necesitan atenci\u00f3n, antes que una situaci\u00f3n interna. No entiendo por qu\u00e9 esto ha escalado a tal nivel\u201d, dijo. Asimismo, el legislador\u00a0H\u00e9ctor Rodr\u00edguez\u00a0coincidi\u00f3 en que ser\u00e1 la\u00a0Convenci\u00f3n Nacional\u00a0la que determine si corresponde una separaci\u00f3n, expulsi\u00f3n u otra medida disciplinaria. \u00abDentro de la l\u00f3gica de\u00a0Revoluci\u00f3n Ciudadana\u00a0tenemos instancias que tendr\u00e1n que resolver si cabe la separaci\u00f3n, expulsi\u00f3n o lo que fuera. No soy parte del\u00a0comit\u00e9 de \u00e9tica, pero tengo entendido que hay un tratamiento especial y el bur\u00f3 comunicar\u00e1 al respecto\u00bb, se\u00f1al\u00f3. Tambi\u00e9n record\u00f3 que\u00a0Rafael Correa\u00a0es el presidente vitalicio del movimiento, por lo que su voz \u201cno solo es autorizada, sino relevante\u201d en estas decisiones. En medio de la pol\u00e9mica, Luisa Gonz\u00e1lez tambi\u00e9n ha enfatizado que \u00abtodo lo alcanzado en estos a\u00f1os no es m\u00e9rito de una sola persona, sino de un gran equipo, incluido Rafael Correa, los miembros del bur\u00f3, la militancia de la RC5, los ciudadanos, comunicadores, influencers y todos quienes han contribuido a este proyecto pol\u00edtico\u00bb.<\/p>\n","protected":false},"author":1,"featured_media":27979,"comment_status":"closed","ping_status":"closed","sticky":false,"template":"","format":"standard","meta":{"footnotes":""},"categories":[268],"tags":[],"class_list":["post-27978","post","type-post","status-publish","format-standard","has-post-thumbnail","hentry","category-nacionales"],"_links":{"self":[{"href":"https:\/\/www.elamazonico.com\/portal\/wp-json\/wp\/v2\/posts\/27978","targetHints":{"allow":["GET"]}}],"collection":[{"href":"https:\/\/www.elamazonico.com\/portal\/wp-json\/wp\/v2\/posts"}],"about":[{"href":"https:\/\/www.elamazonico.com\/portal\/wp-json\/wp\/v2\/types\/post"}],"author":[{"embeddable":true,"href":"https:\/\/www.elamazonico.com\/portal\/wp-json\/wp\/v2\/users\/1"}],"replies":[{"embeddable":true,"href":"https:\/\/www.elamazonico.com\/portal\/wp-json\/wp\/v2\/comments?post=27978"}],"version-history":[{"count":1,"href":"https:\/\/www.elamazonico.com\/portal\/wp-json\/wp\/v2\/posts\/27978\/revisions"}],"predecessor-version":[{"id":27980,"href":"https:\/\/www.elamazonico.com\/portal\/wp-json\/wp\/v2\/posts\/27978\/revisions\/27980"}],"wp:featuredmedia":[{"embeddable":true,"href":"https:\/\/www.elamazonico.com\/portal\/wp-json\/wp\/v2\/media\/27979"}],"wp:attachment":[{"href":"https:\/\/www.elamazonico.com\/portal\/wp-json\/wp\/v2\/media?parent=27978"}],"wp:term":[{"taxonomy":"category","embeddable":true,"href":"https:\/\/www.elamazonico.com\/portal\/wp-json\/wp\/v2\/categories?post=27978"},{"taxonomy":"post_tag","embeddable":true,"href":"https:\/\/www.elamazonico.com\/portal\/wp-json\/wp\/v2\/tags?post=27978"}],"curies":[{"name":"wp","href":"https:\/\/api.w.org\/{rel}","templated":true}]}}