{"id":27969,"date":"2025-12-04T04:04:27","date_gmt":"2025-12-04T09:04:27","guid":{"rendered":"https:\/\/www.elamazonico.com\/portal\/?p=27969"},"modified":"2025-12-03T15:10:17","modified_gmt":"2025-12-03T20:10:17","slug":"ninas-zamoranas-llevan-el-sueno-de-toda-una-provincia-al-sudamericano-de-gimnasia-artistica-medellin-2025","status":"publish","type":"post","link":"https:\/\/www.elamazonico.com\/portal\/ninas-zamoranas-llevan-el-sueno-de-toda-una-provincia-al-sudamericano-de-gimnasia-artistica-medellin-2025\/","title":{"rendered":"\u201cNi\u00f1as zamoranas llevan el sue\u00f1o de toda una provincia al Sudamericano de Gimnasia Art\u00edstica Medell\u00edn 2025.\u201d"},"content":{"rendered":"<p data-start=\"232\" data-end=\"598\">Con esp\u00edritu deportivo, disciplina acad\u00e9mica para la ni\u00f1ez y juventud de la provincia, <strong data-start=\"345\" data-end=\"382\">22 talentosas gimnastas zamoranas<\/strong> viajar\u00e1n a Medell\u00edn, Colombia, para representar a <strong data-start=\"433\" data-end=\"466\">Zamora Chinchipe y al Ecuador<\/strong> en el <strong data-start=\"473\" data-end=\"541\">Campeonato Sudamericano de Gimnasia Art\u00edstica Femenina USAG 2025<\/strong>, evento que se desarrollar\u00e1 del <strong data-start=\"574\" data-end=\"597\">3 al 7 de diciembre<\/strong>.<\/p>\n<p data-start=\"600\" data-end=\"1067\">Las j\u00f3venes deportistas conforman la selecci\u00f3n de la <strong data-start=\"653\" data-end=\"679\">Asociaci\u00f3n de Gimnasia<\/strong>, entidad filial de la <strong data-start=\"702\" data-end=\"765\">Federaci\u00f3n Deportiva Provincial de Zamora Chinchipe (FDZCH)<\/strong>, y se han preparado durante meses bajo est\u00e1ndares t\u00e9cnicos de alto rendimiento, combinando disciplina, constancia y excelencia acad\u00e9mica. Su clasificaci\u00f3n a este torneo internacional posiciona a la provincia como un referente emergente en la formaci\u00f3n de deportistas de \u00e9lite en disciplinas ol\u00edmpicas.<\/p>\n<h3 data-start=\"1069\" data-end=\"1123\"><strong data-start=\"1073\" data-end=\"1123\">Un logro deportivo con profundo impacto social<\/strong><\/h3>\n<p data-start=\"1125\" data-end=\"1557\">La participaci\u00f3n de estas j\u00f3venes no solo representa un \u00e9xito competitivo, sino tambi\u00e9n un fecha especial para el desarrollo integral de la ni\u00f1ez y juventud zamorana. La gimnasia art\u00edstica, con su exigencia f\u00edsica y cognitiva, fortalece procesos educativos, valores de convivencia, liderazgo y empoderamiento femenino; aspectos que hoy se reflejan en el orgullo de 22 ni\u00f1as que llevan el nombre de Zamora Chinchipe a un escenario continental.<\/p>\n<p data-start=\"1559\" data-end=\"1775\">Para la Asociaci\u00f3n de Gimnasia, este viaje significa reafirmar la capacidad de la provincia para formar deportistas con un alto sentido de responsabilidad, preparaci\u00f3n cient\u00edfica en el deporte y visi\u00f3n internacional.<\/p>\n<h3 data-start=\"1777\" data-end=\"1818\"><strong data-start=\"1781\" data-end=\"1818\">Agradecimiento a los auspiciantes<\/strong><\/h3>\n<p data-start=\"1820\" data-end=\"2030\">La Asociaci\u00f3n extiende un reconocimiento p\u00fablico a los <strong data-start=\"1875\" data-end=\"1901\">auspiciantes oficiales<\/strong>, cuyo compromiso con el deporte y el desarrollo social ha permitido la presencia de la delegaci\u00f3n en este certamen sudamericano:<\/p>\n<ul data-start=\"2032\" data-end=\"2218\">\n<li data-start=\"2032\" data-end=\"2047\">\n<p data-start=\"2034\" data-end=\"2047\"><strong data-start=\"2034\" data-end=\"2045\">DOULENS<\/strong><\/p>\n<\/li>\n<li data-start=\"2048\" data-end=\"2064\">\n<p data-start=\"2050\" data-end=\"2064\"><strong data-start=\"2050\" data-end=\"2062\">SpeeDent<\/strong><\/p>\n<\/li>\n<li data-start=\"2065\" data-end=\"2081\">\n<p data-start=\"2067\" data-end=\"2081\"><strong data-start=\"2067\" data-end=\"2079\">Hotel GM<\/strong><\/p>\n<\/li>\n<li data-start=\"2082\" data-end=\"2130\">\n<p data-start=\"2084\" data-end=\"2130\"><strong data-start=\"2084\" data-end=\"2128\">Estaci\u00f3n de Servicio Virgen de Guadalupe<\/strong><\/p>\n<\/li>\n<li data-start=\"2131\" data-end=\"2154\">\n<p data-start=\"2133\" data-end=\"2154\"><strong data-start=\"2133\" data-end=\"2152\">Bater\u00edas Kaiser<\/strong><\/p>\n<\/li>\n<li data-start=\"2155\" data-end=\"2181\">\n<p data-start=\"2157\" data-end=\"2181\"><strong data-start=\"2157\" data-end=\"2179\">Comercial Valarezo<\/strong><\/p>\n<\/li>\n<li data-start=\"2182\" data-end=\"2218\">\n<p data-start=\"2184\" data-end=\"2218\"><strong data-start=\"2184\" data-end=\"2216\">Sr. Manuel Gonz\u00e1lez (Pitulo)<\/strong><\/p>\n<\/li>\n<\/ul>\n<p data-start=\"2220\" data-end=\"2389\">Adem\u00e1s, se agradece a todas las personas y familias que, con generosidad, han contribuido al sue\u00f1o deportivo de estas ni\u00f1as que hoy representan a su provincia y su pa\u00eds.<\/p>\n","protected":false},"excerpt":{"rendered":"<p>Con esp\u00edritu deportivo, disciplina acad\u00e9mica para la ni\u00f1ez y juventud de la provincia, 22 talentosas gimnastas zamoranas viajar\u00e1n a Medell\u00edn, Colombia, para representar a Zamora Chinchipe y al Ecuador en el Campeonato Sudamericano de Gimnasia Art\u00edstica Femenina USAG 2025, evento que se desarrollar\u00e1 del 3 al 7 de diciembre. Las j\u00f3venes deportistas conforman la selecci\u00f3n de la Asociaci\u00f3n de Gimnasia, entidad filial de la Federaci\u00f3n Deportiva Provincial de Zamora Chinchipe (FDZCH), y se han preparado durante meses bajo est\u00e1ndares t\u00e9cnicos de alto rendimiento, combinando disciplina, constancia y excelencia acad\u00e9mica. Su clasificaci\u00f3n a este torneo internacional posiciona a la provincia como un referente emergente en la formaci\u00f3n de deportistas de \u00e9lite en disciplinas ol\u00edmpicas. Un logro deportivo con profundo impacto social La participaci\u00f3n de estas j\u00f3venes no solo representa un \u00e9xito competitivo, sino tambi\u00e9n un fecha especial para el desarrollo integral de la ni\u00f1ez y juventud zamorana. La gimnasia art\u00edstica, con su exigencia f\u00edsica y cognitiva, fortalece procesos educativos, valores de convivencia, liderazgo y empoderamiento femenino; aspectos que hoy se reflejan en el orgullo de 22 ni\u00f1as que llevan el nombre de Zamora Chinchipe a un escenario continental. Para la Asociaci\u00f3n de Gimnasia, este viaje significa reafirmar la capacidad de la provincia para formar deportistas con un alto sentido de responsabilidad, preparaci\u00f3n cient\u00edfica en el deporte y visi\u00f3n internacional. Agradecimiento a los auspiciantes La Asociaci\u00f3n extiende un reconocimiento p\u00fablico a los auspiciantes oficiales, cuyo compromiso con el deporte y el desarrollo social ha permitido la presencia de la delegaci\u00f3n en este certamen sudamericano: DOULENS SpeeDent Hotel GM Estaci\u00f3n de Servicio Virgen de Guadalupe Bater\u00edas Kaiser Comercial Valarezo Sr. Manuel Gonz\u00e1lez (Pitulo) Adem\u00e1s, se agradece a todas las personas y familias que, con generosidad, han contribuido al sue\u00f1o deportivo de estas ni\u00f1as que hoy representan a su provincia y su pa\u00eds.<\/p>\n","protected":false},"author":1,"featured_media":27970,"comment_status":"closed","ping_status":"closed","sticky":false,"template":"","format":"standard","meta":{"footnotes":""},"categories":[243],"tags":[],"class_list":["post-27969","post","type-post","status-publish","format-standard","has-post-thumbnail","hentry","category-noticias-zamora"],"_links":{"self":[{"href":"https:\/\/www.elamazonico.com\/portal\/wp-json\/wp\/v2\/posts\/27969","targetHints":{"allow":["GET"]}}],"collection":[{"href":"https:\/\/www.elamazonico.com\/portal\/wp-json\/wp\/v2\/posts"}],"about":[{"href":"https:\/\/www.elamazonico.com\/portal\/wp-json\/wp\/v2\/types\/post"}],"author":[{"embeddable":true,"href":"https:\/\/www.elamazonico.com\/portal\/wp-json\/wp\/v2\/users\/1"}],"replies":[{"embeddable":true,"href":"https:\/\/www.elamazonico.com\/portal\/wp-json\/wp\/v2\/comments?post=27969"}],"version-history":[{"count":1,"href":"https:\/\/www.elamazonico.com\/portal\/wp-json\/wp\/v2\/posts\/27969\/revisions"}],"predecessor-version":[{"id":27971,"href":"https:\/\/www.elamazonico.com\/portal\/wp-json\/wp\/v2\/posts\/27969\/revisions\/27971"}],"wp:featuredmedia":[{"embeddable":true,"href":"https:\/\/www.elamazonico.com\/portal\/wp-json\/wp\/v2\/media\/27970"}],"wp:attachment":[{"href":"https:\/\/www.elamazonico.com\/portal\/wp-json\/wp\/v2\/media?parent=27969"}],"wp:term":[{"taxonomy":"category","embeddable":true,"href":"https:\/\/www.elamazonico.com\/portal\/wp-json\/wp\/v2\/categories?post=27969"},{"taxonomy":"post_tag","embeddable":true,"href":"https:\/\/www.elamazonico.com\/portal\/wp-json\/wp\/v2\/tags?post=27969"}],"curies":[{"name":"wp","href":"https:\/\/api.w.org\/{rel}","templated":true}]}}