{"id":27958,"date":"2025-12-03T12:03:35","date_gmt":"2025-12-03T17:03:35","guid":{"rendered":"https:\/\/www.elamazonico.com\/portal\/?p=27958"},"modified":"2025-12-03T12:03:35","modified_gmt":"2025-12-03T17:03:35","slug":"mas-alla-de-las-barreras-un-llamado-a-la-dignidad-y-la-inclusion","status":"publish","type":"post","link":"https:\/\/www.elamazonico.com\/portal\/mas-alla-de-las-barreras-un-llamado-a-la-dignidad-y-la-inclusion\/","title":{"rendered":"M\u00e1s All\u00e1 de las Barreras: Un Llamado a la Dignidad y la Inclusi\u00f3n"},"content":{"rendered":"<p><strong>Introducci\u00f3n<\/strong><\/p>\n<p>Cada 3 de diciembre el mundo conmemora el D\u00eda Internacional de las Personas con Discapacidad, una fecha proclamada por la Asamblea General de las Naciones Unidas en 1992 para recordarnos una verdad fundamental: una sociedad solo es justa cuando todas las personas pueden vivir con dignidad, acceder a oportunidades reales y participar plenamente en la vida colectiva.<\/p>\n<p>En Ecuador, esta conmemoraci\u00f3n nos invita a mirar m\u00e1s all\u00e1 de los avances normativos y las pol\u00edticas p\u00fablicas, para reflexionar sobre las condiciones reales en las que viven miles de personas con discapacidad. \u00bfHemos logrado construir entornos verdaderamente accesibles? \u00bfGarantizamos una educaci\u00f3n inclusiva y de calidad? \u00bfReconocemos y valoramos su talento, su voz y sus derechos? \u00bfO seguimos levantando barreras que limitan su autonom\u00eda y su proyecto de vida?<\/p>\n<p>Las personas con discapacidad conforman un grupo diverso, con necesidades, capacidades y experiencias igualmente diversas. Sin embargo, muchas contin\u00faan enfrentando prejuicios, exclusi\u00f3n e indiferencia. Esta reflexi\u00f3n nos recuerda que la discapacidad no es un l\u00edmite, sino una condici\u00f3n humana; y que las barreras m\u00e1s profundas y a menudo invisibles no est\u00e1n en los cuerpos, sino en las estructuras, las pol\u00edticas y las actitudes sociales que frenan el desarrollo pleno de quienes viven con una discapacidad.<\/p>\n<p>En este contexto, el D\u00eda Internacional de las Personas con Discapacidad no es solo una fecha para conmemorar, sino un llamado urgente a la acci\u00f3n, a la empat\u00eda y a la corresponsabilidad. Nos ense\u00f1a que la inclusi\u00f3n no se proclama: se construye. Y que ese compromiso involucra al Estado, a las instituciones, a las familias y a cada uno de nosotros.<\/p>\n<p><em><strong>Dignidad en Cifras: La Realidad de la Discapacidad en Ecuador<\/strong><\/em><em><strong>\u00a0<\/strong><\/em><\/p>\n<p><em>En el mundo, m\u00e1s de 1.000 millones de personas (una de cada siete) viven alguna forma de discapacidad. En Ecuador, seg\u00fan datos del Consejo Nacional para la Igualdad de Discapacidades (CONADIS), se registran aproximadamente 471.205 personas con discapacidad, lo que equivale al 2,67 % de la poblaci\u00f3n nacional. Dentro de este universo el 45,66 % presenta discapacidad f\u00edsica, 23,12 %, discapacidad intelectual, 14,12 %, discapacidad auditiva, 11,54 %, discapacidad visual y 5,55 %, discapacidad psicosocial. Sin embargo, muchas de ellas contin\u00faan enfrentando abandono, exclusi\u00f3n y postergaci\u00f3n. Esto se debe, en gran parte, a prejuicios y barreras sociales que limitan sus oportunidades. Tal como expres\u00f3 Mar\u00eda del Carmen Azuara de Curi: \u201cNo es la discapacidad lo que hace dif\u00edcil la vida, sino los pensamientos y acciones de los dem\u00e1s.\u201d<\/em><\/p>\n<p><em>Estas cifras revelan una diversidad amplia de realidades y necesidades. Las discapacidades pueden ser f\u00edsicas, sensoriales, intelectuales o psicosociales, y cada una requiere respuestas diferenciadas por parte del Estado, la sociedad, el sistema educativo y las familias.<\/em><\/p>\n<p><em>Por ello, la lucha por empoderar, visibilizar y garantizar los derechos de las personas con discapacidad nos convoca a todos. Especialmente interpela a quienes tienen responsabilidades en la toma de decisiones y en la formulaci\u00f3n de pol\u00edticas p\u00fablicas, pues la igualdad de oportunidades solo se materializa cuando la inclusi\u00f3n deja de ser un discurso y se convierte en acci\u00f3n.<\/em><\/p>\n<p><em>Ejemplos inspiradores como Tony Mel\u00e9ndez, Adriana Mac\u00edas y Nick Vujicic nos recuerdan que, con tenacidad y apoyo social adecuado, las barreras pueden transformarse en plataformas de crecimiento. Sus vidas son testimonio de la resiliencia humana y del enorme potencial que florece cuando se derriban los muros de la discriminaci\u00f3n.<\/em><em>\u00a0<\/em><\/p>\n<p><em><strong>Leyes que Protegen, Acciones que Transforman<\/strong><\/em><em><strong>\u00a0<\/strong><\/em><\/p>\n<p><em>El Ecuador cuenta con un robusto marco constitucional y legal que respalda los derechos de las personas con discapacidad. La Constituci\u00f3n de 2008 las reconoce como grupo de atenci\u00f3n prioritaria y garantiza igualdad de oportunidades, acceso a salud, educaci\u00f3n, empleo, rehabilitaci\u00f3n y la eliminaci\u00f3n de todas las barreras que limiten su participaci\u00f3n plena.<\/em><\/p>\n<p><em>Sobre esta base, la Ley Org\u00e1nica del Servicio P\u00fablico (LOSEP) dispone que las instituciones p\u00fablicas con m\u00e1s de 25 servidores deben incorporar al menos un 4 % de personas con discapacidad, asegurando accesibilidad, adaptaci\u00f3n laboral y protecci\u00f3n contra la discriminaci\u00f3n. Asimismo, la Ley Org\u00e1nica de Discapacidades establece mecanismos de certificaci\u00f3n, registro, rehabilitaci\u00f3n integral, inclusi\u00f3n educativa y social, y acceso a ayudas t\u00e9cnicas y ajustes razonables.<\/em><\/p>\n<p><em>El CONADIS coordina pol\u00edticas p\u00fablicas y acciones nacionales para garantizar la inclusi\u00f3n, mientras que el Ministerio de Educaci\u00f3n impulsa la educaci\u00f3n inclusiva en escuelas regulares y unidades especializadas, con apoyos pedag\u00f3gicos y adaptaciones curriculares.<\/em><\/p>\n<p><em>El Ministerio de Salud P\u00fablica cumple un rol determinante: previene y detecta tempranamente condiciones discapacitantes, certifica la discapacidad, ofrece rehabilitaci\u00f3n integral, entrega ayudas t\u00e9cnicas, garantiza atenci\u00f3n prioritaria, sensibiliza a la poblaci\u00f3n y produce datos epidemiol\u00f3gicos para la toma de decisiones. Su intervenci\u00f3n marca el punto de partida para que las personas accedan a los derechos y servicios establecidos en la ley.<\/em><\/p>\n<p><em>En conjunto, estas normas y pol\u00edticas evidencian el compromiso formal del Estado con la inclusi\u00f3n. Sin embargo, el gran desaf\u00edo sigue siendo su implementaci\u00f3n efectiva: convertir los principios legales en acciones sostenidas que aseguren dignidad, igualdad y justicia social para todas las personas con discapacidad.<\/em><em>\u00a0<\/em><\/p>\n<p><em><strong>La Inclusi\u00f3n Nos Convoca: Un Compromiso de Todos<\/strong><\/em><em><strong>\u00a0<\/strong><\/em><\/p>\n<p>Alcanzar una verdadera inclusi\u00f3n de las personas con discapacidad no es responsabilidad de un solo actor: es un compromiso compartido entre el Estado, la sociedad, el sistema educativo y las familias. Solo cuando cada uno asume su rol con convicci\u00f3n, la inclusi\u00f3n deja de ser un ideal y se convierte en una realidad cotidiana.<\/p>\n<p><u>El Estado: Garantizar derechos con acciones concretas<\/u><\/p>\n<p>Corresponde al Estado asegurar que los derechos de las personas con discapacidad se cumplan plenamente. Esto implica:<\/p>\n<ul>\n<li>Destinar recursos suficientes y sostener pol\u00edticas p\u00fablicas reales.<\/li>\n<li>Implementar de manera efectiva la Ley Org\u00e1nica de Discapacidades.<\/li>\n<li>Desarrollar programas integrales de salud, rehabilitaci\u00f3n, educaci\u00f3n, protecci\u00f3n social y empleo.<\/li>\n<li>Garantizar accesibilidad universal en espacios p\u00fablicos, servicios, transporte y edificaciones.<\/li>\n<\/ul>\n<p>Sin presupuesto, seguimiento y voluntad pol\u00edtica, los derechos permanecen solo en el papel.<\/p>\n<p><u>La sociedad: Transformar la mirada para transformar la inclusi\u00f3n<\/u><\/p>\n<p>La inclusi\u00f3n comienza en la forma en que vemos y valoramos a quienes son diferentes. La sociedad debe avanzar del asistencialismo hacia el reconocimiento pleno de la dignidad y los derechos. Para ello es necesario:<\/p>\n<ul>\n<li>Eliminar barreras f\u00edsicas, sociales y estructurales.<\/li>\n<li>Construir una cultura que celebre la diversidad funcional.<\/li>\n<li>Garantizar accesibilidad comunicacional: lengua de se\u00f1as, materiales adaptados y tecnolog\u00edas de apoyo.<\/li>\n<li>Impulsar empleo inclusivo y participaci\u00f3n social efectiva.<\/li>\n<li>Promover campa\u00f1as de sensibilizaci\u00f3n en comunidades, escuelas y medios de comunicaci\u00f3n.<\/li>\n<\/ul>\n<p>Una sociedad que excluye se limita a s\u00ed misma; una que incluye, se fortalece.<\/p>\n<p><u>El sistema educativo: Un pilar decisivo para el cambio<\/u><\/p>\n<p>La educaci\u00f3n tiene el poder de abrir puertas o de mantener barreras. Por ello, el sistema educativo debe:<\/p>\n<ul>\n<li>Fortalecer la formaci\u00f3n docente en educaci\u00f3n inclusiva y atenci\u00f3n a la diversidad.<\/li>\n<li>Garantizar recursos especializados y adaptaciones curriculares.<\/li>\n<li>Crear entornos accesibles, seguros e integradores.<\/li>\n<li>Involucrar a las familias y redes de apoyo en el proceso educativo.<\/li>\n<\/ul>\n<p>La escuela no debe reproducir desigualdades: debe ser el espacio donde se derriban.<\/p>\n<p><u>Las familias: El primer sost\u00e9n de la inclusi\u00f3n<\/u><\/p>\n<p>La familia es el n\u00facleo emocional y afectivo de toda persona con discapacidad. Su rol es fundamental para el desarrollo, la autonom\u00eda y la autoestima. Entre sus responsabilidades est\u00e1n:<\/p>\n<ul>\n<li>Registrar y certificar la discapacidad para acceder a derechos y beneficios.<\/li>\n<li>Buscar terapias, atenci\u00f3n m\u00e9dica y rehabilitaci\u00f3n temprana cuando sea necesario.<\/li>\n<li>Informarse sobre apoyos disponibles y estrategias de acompa\u00f1amiento.<\/li>\n<li>Exigir inclusi\u00f3n educativa y social, participando activamente en escuelas y comunidades.<\/li>\n<li>Promover la autonom\u00eda, la participaci\u00f3n y los proyectos personales.<\/li>\n<\/ul>\n<p>Una familia que acompa\u00f1a y cree en las capacidades abre caminos donde otros ven l\u00edmites.<\/p>\n<p>Un compromiso que nos une<\/p>\n<p>En este D\u00eda Internacional de las Personas con Discapacidad, renovemos nuestro compromiso de pensar, decidir y actuar con un enfoque verdaderamente incluyente. La \u00fanica discapacidad peligrosa es la incapacidad de amar, de sentir y de tener coraz\u00f3n.<\/p>\n<p>La inclusi\u00f3n no es un favor: es justicia. Solo cuando nuestras acciones \u2014y no solo nuestras palabras\u2014 transformen la vida de quienes han enfrentado barreras hist\u00f3ricas, podremos afirmar que estamos construyendo una sociedad realmente humana.<\/p>\n<p><em><strong>No es la Discapacidad: Son las Barreras que Construimos<\/strong><\/em><em><strong>\u00a0<\/strong><\/em><\/p>\n<p>Las mayores barreras no est\u00e1n en los cuerpos, sino en las sociedades que a\u00fan no aprenden a incluir. Cuando el Estado, las instituciones y la comunidad no garantizan una protecci\u00f3n real a las personas con discapacidad, las consecuencias son profundas, injustas y dolorosas.<\/p>\n<p><u>Exclusi\u00f3n social y marginalidad<\/u>:<\/p>\n<p>Sin accesibilidad, empleo digno, educaci\u00f3n inclusiva o apoyos adecuados, miles de personas quedan fuera de la participaci\u00f3n social, econ\u00f3mica y pol\u00edtica. Esta exclusi\u00f3n no solo limita su desarrollo individual; tambi\u00e9n empobrece a la sociedad al privarla de su talento, creatividad y diversidad.<\/p>\n<p><u>P\u00e9rdida de oportunidades y desarrollo truncado<\/u>:<\/p>\n<p>La ausencia de inclusi\u00f3n educativa, laboral y comunitaria implica la p\u00e9rdida de capacidades, proyectos de vida y aspiraciones. Una sociedad que impide el desarrollo pleno de todos sus miembros se limita a s\u00ed misma y renuncia a su propio potencial humano.<\/p>\n<p><u>Mayor vulnerabilidad frente a pobreza, discriminaci\u00f3n y violencia<\/u>:<\/p>\n<p>Cuando las pol\u00edticas no son efectivas o no se aplican, aumentan los riesgos de abandono, abuso, maltrato y discriminaci\u00f3n. La exclusi\u00f3n genera ciclos persistentes de pobreza que afectan no solo a la persona, sino tambi\u00e9n a su familia y a su entorno m\u00e1s cercano.<\/p>\n<p><u>Impacto en la salud y el bienestar integral<\/u>:<\/p>\n<p>Sin acceso a rehabilitaci\u00f3n, atenci\u00f3n m\u00e9dica o apoyo psicosocial, la calidad de vida se deteriora notablemente. La salud f\u00edsica y emocional se ve afectada por la falta de servicios adecuados, la sobrecarga familiar y el aislamiento social.<\/p>\n<p><u>Retroceso en derechos humanos y justicia social<\/u>:<\/p>\n<p>Negar protecci\u00f3n y garant\u00edas a las personas con discapacidad es vulnerar principios esenciales de igualdad y dignidad. Es incumplir compromisos \u00e9ticos y legales, debilitando la convivencia democr\u00e1tica. Un pa\u00eds que excluye no avanza: retrocede.<\/p>\n<p><u>Una reflexi\u00f3n necesaria<\/u>:<\/p>\n<p>Cuando una sociedad cierra puertas, lo que se limita no es la discapacidad, sino nuestra propia humanidad. La inclusi\u00f3n no es un gesto de buena voluntad; es una obligaci\u00f3n \u00e9tica, legal y profundamente humana. Construir un pa\u00eds m\u00e1s justo empieza por derribar las barreras que nosotros mismos hemos creado.<\/p>\n<p><em><strong>M\u00e1s All\u00e1 de las Aulas: Un Camino Abierto a la Dignidad y al Futuro<\/strong><\/em><em><strong>\u00a0<\/strong><\/em><\/p>\n<p>Durante mi gesti\u00f3n al frente de la Direcci\u00f3n Distrital 19D01 Yacuambi\u2013Zamora Educaci\u00f3n (1 de septiembre de 2013 al 6 de marzo de 2019), una de mis prioridades fue fortalecer las oportunidades educativas para las y los estudiantes de la Unidad Educativa Especializada \u201cAndr\u00e9s Francisco C\u00f3rdova\u201d, instituci\u00f3n dedicada a la formaci\u00f3n de personas con discapacidad. Hasta el a\u00f1o 2016, esta unidad \u00fanicamente ofertaba la educaci\u00f3n b\u00e1sica superior hasta d\u00e9cimo grado. Sin embargo, gracias a un trabajo comprometido y articulado, impulsamos y elaboramos el proyecto para la creaci\u00f3n del Bachillerato en Hoteler\u00eda y Turismo, aprobado en 2017 y que permiti\u00f3 proyectar la primera promoci\u00f3n de bachilleres para el a\u00f1o 2020.<\/p>\n<p>Como parte del fortalecimiento institucional, gestionamos un convenio con CELEC que hizo posible la construcci\u00f3n de tres aulas completamente equipadas, con mobiliario adecuado y accesos inclusivos para garantizar un entorno seguro y pertinente a las necesidades de estudiantes con discapacidad.<\/p>\n<p>En el \u00e1mbito acad\u00e9mico, realizamos gestiones ante el Gobierno de Jap\u00f3n, a trav\u00e9s de la Agencia de Cooperaci\u00f3n Internacional JICA\u2013Ecuador, logrando la presencia de docentes especialistas provenientes de este pa\u00eds. En una primera etapa contamos con el valioso acompa\u00f1amiento pedag\u00f3gico de Yuki Codera y posteriormente de Yuki Manno, dos destacadas profesionales que apoyaron en la capacitaci\u00f3n del personal docente, el trabajo con las familias y la atenci\u00f3n directa a los estudiantes de la instituci\u00f3n.<\/p>\n<p>Gracias a estos esfuerzos sostenidos, desde 2020 hasta 2025 la Unidad Educativa Especializada \u201cAndr\u00e9s Francisco C\u00f3rdova\u201d ha graduado seis promociones de bachilleres con discapacidad. Esto no solo representa un logro educativo, sino tambi\u00e9n un avance significativo para su inclusi\u00f3n laboral, en cumplimiento del art\u00edculo 64 de la LOSEP, que obliga a las instituciones p\u00fablicas con m\u00e1s de 25 servidores a contratar al menos un 4% de personas con discapacidad.<\/p>\n<p>Es una enorme satisfacci\u00f3n saber que contribuimos a que las personas con discapacidad culminen su bachillerato y cuenten hoy con herramientas que fortalecen su autonom\u00eda, dignidad e inclusi\u00f3n plena en la sociedad.<\/p>\n<p><strong>Conclusi\u00f3n<\/strong><strong>\u00a0<\/strong><\/p>\n<p>El D\u00eda Internacional de las Personas con Discapacidad no es solo una fecha en el calendario: es un recordatorio de que la dignidad, la igualdad y la inclusi\u00f3n deben ser parte de nuestra vida cotidiana. En Ecuador contamos con un marco legal y normativo que reconoce y protege los derechos de las personas con discapacidad; sin embargo, la distancia entre la ley y la realidad sigue siendo amplia. Persisten barreras f\u00edsicas, culturales, sociales y estructurales que limitan el acceso pleno a la educaci\u00f3n, a la salud, al empleo y a la participaci\u00f3n comunitaria.<\/p>\n<p>La inclusi\u00f3n no puede seguir siendo una aspiraci\u00f3n abstracta ni un discurso repetido cada 3 de diciembre. Debe convertirse en una pr\u00e1ctica concreta, en una decisi\u00f3n \u00e9tica y en un compromiso sostenido. Implica garantizar condiciones dignas, promover oportunidades reales, eliminar prejuicios y transformar los entornos para que todas las personas puedan desarrollarse plenamente. El desaf\u00edo es compartido.<\/p>\n<p>El Estado debe asegurar pol\u00edticas efectivas, financiamiento adecuado y una implementaci\u00f3n real de la Ley Org\u00e1nica de Discapacidades. La sociedad debe abandonar el asistencialismo y reconocer la dignidad y el valor de la diversidad humana. El sistema educativo tiene que fortalecerse, adaptarse y abrir puertas, no cerrarlas. Y las familias necesitan acompa\u00f1amiento, informaci\u00f3n y apoyo para promover la autonom\u00eda y los proyectos de vida de sus seres queridos.<\/p>\n<p>Solo cuando cada actor asume su responsabilidad, la inclusi\u00f3n deja de ser un ideal y se convierte en realidad.<\/p>\n<p>Solo cuando nuestras acciones facilitan la vida de quienes hist\u00f3ricamente han enfrentado barreras, podemos afirmar que estamos construyendo una sociedad verdaderamente humana.<\/p>\n<p>Porque, al final, una naci\u00f3n que excluye se debilita, pero una que abraza la diversidad se engrandece.<\/p>\n<p>Que este 3 de diciembre sea m\u00e1s que una conmemoraci\u00f3n: sea una invitaci\u00f3n permanente a mirar sin prejuicios, a actuar con justicia y a construir un Ecuador donde todas las personas, sin excepci\u00f3n, puedan vivir con dignidad, participar plenamente y aportar al progreso colectivo.<\/p>\n","protected":false},"excerpt":{"rendered":"<p>Introducci\u00f3n Cada 3 de diciembre el mundo conmemora el D\u00eda Internacional de las Personas con Discapacidad, una fecha proclamada por la Asamblea General de las Naciones Unidas en 1992 para recordarnos una verdad fundamental: una sociedad solo es justa cuando todas las personas pueden vivir con dignidad, acceder a oportunidades reales y participar plenamente en la vida colectiva. En Ecuador, esta conmemoraci\u00f3n nos invita a mirar m\u00e1s all\u00e1 de los avances normativos y las pol\u00edticas p\u00fablicas, para reflexionar sobre las condiciones reales en las que viven miles de personas con discapacidad. \u00bfHemos logrado construir entornos verdaderamente accesibles? \u00bfGarantizamos una educaci\u00f3n inclusiva y de calidad? \u00bfReconocemos y valoramos su talento, su voz y sus derechos? \u00bfO seguimos levantando barreras que limitan su autonom\u00eda y su proyecto de vida? Las personas con discapacidad conforman un grupo diverso, con necesidades, capacidades y experiencias igualmente diversas. Sin embargo, muchas contin\u00faan enfrentando prejuicios, exclusi\u00f3n e indiferencia. Esta reflexi\u00f3n nos recuerda que la discapacidad no es un l\u00edmite, sino una condici\u00f3n humana; y que las barreras m\u00e1s profundas y a menudo invisibles no est\u00e1n en los cuerpos, sino en las estructuras, las pol\u00edticas y las actitudes sociales que frenan el desarrollo pleno de quienes viven con una discapacidad. En este contexto, el D\u00eda Internacional de las Personas con Discapacidad no es solo una fecha para conmemorar, sino un llamado urgente a la acci\u00f3n, a la empat\u00eda y a la corresponsabilidad. Nos ense\u00f1a que la inclusi\u00f3n no se proclama: se construye. Y que ese compromiso involucra al Estado, a las instituciones, a las familias y a cada uno de nosotros. Dignidad en Cifras: La Realidad de la Discapacidad en Ecuador\u00a0 En el mundo, m\u00e1s de 1.000 millones de personas (una de cada siete) viven alguna forma de discapacidad. En Ecuador, seg\u00fan datos del Consejo Nacional para la Igualdad de Discapacidades (CONADIS), se registran aproximadamente 471.205 personas con discapacidad, lo que equivale al 2,67 % de la poblaci\u00f3n nacional. Dentro de este universo el 45,66 % presenta discapacidad f\u00edsica, 23,12 %, discapacidad intelectual, 14,12 %, discapacidad auditiva, 11,54 %, discapacidad visual y 5,55 %, discapacidad psicosocial. Sin embargo, muchas de ellas contin\u00faan enfrentando abandono, exclusi\u00f3n y postergaci\u00f3n. Esto se debe, en gran parte, a prejuicios y barreras sociales que limitan sus oportunidades. Tal como expres\u00f3 Mar\u00eda del Carmen Azuara de Curi: \u201cNo es la discapacidad lo que hace dif\u00edcil la vida, sino los pensamientos y acciones de los dem\u00e1s.\u201d Estas cifras revelan una diversidad amplia de realidades y necesidades. Las discapacidades pueden ser f\u00edsicas, sensoriales, intelectuales o psicosociales, y cada una requiere respuestas diferenciadas por parte del Estado, la sociedad, el sistema educativo y las familias. Por ello, la lucha por empoderar, visibilizar y garantizar los derechos de las personas con discapacidad nos convoca a todos. Especialmente interpela a quienes tienen responsabilidades en la toma de decisiones y en la formulaci\u00f3n de pol\u00edticas p\u00fablicas, pues la igualdad de oportunidades solo se materializa cuando la inclusi\u00f3n deja de ser un discurso y se convierte en acci\u00f3n. Ejemplos inspiradores como Tony Mel\u00e9ndez, Adriana Mac\u00edas y Nick Vujicic nos recuerdan que, con tenacidad y apoyo social adecuado, las barreras pueden transformarse en plataformas de crecimiento. Sus vidas son testimonio de la resiliencia humana y del enorme potencial que florece cuando se derriban los muros de la discriminaci\u00f3n.\u00a0 Leyes que Protegen, Acciones que Transforman\u00a0 El Ecuador cuenta con un robusto marco constitucional y legal que respalda los derechos de las personas con discapacidad. La Constituci\u00f3n de 2008 las reconoce como grupo de atenci\u00f3n prioritaria y garantiza igualdad de oportunidades, acceso a salud, educaci\u00f3n, empleo, rehabilitaci\u00f3n y la eliminaci\u00f3n de todas las barreras que limiten su participaci\u00f3n plena. Sobre esta base, la Ley Org\u00e1nica del Servicio P\u00fablico (LOSEP) dispone que las instituciones p\u00fablicas con m\u00e1s de 25 servidores deben incorporar al menos un 4 % de personas con discapacidad, asegurando accesibilidad, adaptaci\u00f3n laboral y protecci\u00f3n contra la discriminaci\u00f3n. Asimismo, la Ley Org\u00e1nica de Discapacidades establece mecanismos de certificaci\u00f3n, registro, rehabilitaci\u00f3n integral, inclusi\u00f3n educativa y social, y acceso a ayudas t\u00e9cnicas y ajustes razonables. El CONADIS coordina pol\u00edticas p\u00fablicas y acciones nacionales para garantizar la inclusi\u00f3n, mientras que el Ministerio de Educaci\u00f3n impulsa la educaci\u00f3n inclusiva en escuelas regulares y unidades especializadas, con apoyos pedag\u00f3gicos y adaptaciones curriculares. El Ministerio de Salud P\u00fablica cumple un rol determinante: previene y detecta tempranamente condiciones discapacitantes, certifica la discapacidad, ofrece rehabilitaci\u00f3n integral, entrega ayudas t\u00e9cnicas, garantiza atenci\u00f3n prioritaria, sensibiliza a la poblaci\u00f3n y produce datos epidemiol\u00f3gicos para la toma de decisiones. Su intervenci\u00f3n marca el punto de partida para que las personas accedan a los derechos y servicios establecidos en la ley. En conjunto, estas normas y pol\u00edticas evidencian el compromiso formal del Estado con la inclusi\u00f3n. Sin embargo, el gran desaf\u00edo sigue siendo su implementaci\u00f3n efectiva: convertir los principios legales en acciones sostenidas que aseguren dignidad, igualdad y justicia social para todas las personas con discapacidad.\u00a0 La Inclusi\u00f3n Nos Convoca: Un Compromiso de Todos\u00a0 Alcanzar una verdadera inclusi\u00f3n de las personas con discapacidad no es responsabilidad de un solo actor: es un compromiso compartido entre el Estado, la sociedad, el sistema educativo y las familias. Solo cuando cada uno asume su rol con convicci\u00f3n, la inclusi\u00f3n deja de ser un ideal y se convierte en una realidad cotidiana. El Estado: Garantizar derechos con acciones concretas Corresponde al Estado asegurar que los derechos de las personas con discapacidad se cumplan plenamente. Esto implica: Destinar recursos suficientes y sostener pol\u00edticas p\u00fablicas reales. Implementar de manera efectiva la Ley Org\u00e1nica de Discapacidades. Desarrollar programas integrales de salud, rehabilitaci\u00f3n, educaci\u00f3n, protecci\u00f3n social y empleo. Garantizar accesibilidad universal en espacios p\u00fablicos, servicios, transporte y edificaciones. Sin presupuesto, seguimiento y voluntad pol\u00edtica, los derechos permanecen solo en el papel. La sociedad: Transformar la mirada para transformar la inclusi\u00f3n La inclusi\u00f3n comienza en la forma en que vemos y valoramos a quienes son diferentes. La sociedad debe avanzar del asistencialismo hacia el reconocimiento pleno de la dignidad y los derechos. Para ello es necesario: Eliminar barreras f\u00edsicas, sociales y estructurales. Construir una<\/p>\n","protected":false},"author":1,"featured_media":27964,"comment_status":"closed","ping_status":"closed","sticky":false,"template":"","format":"standard","meta":{"footnotes":""},"categories":[243,7],"tags":[],"class_list":["post-27958","post","type-post","status-publish","format-standard","has-post-thumbnail","hentry","category-noticias-zamora","category-opinion"],"_links":{"self":[{"href":"https:\/\/www.elamazonico.com\/portal\/wp-json\/wp\/v2\/posts\/27958","targetHints":{"allow":["GET"]}}],"collection":[{"href":"https:\/\/www.elamazonico.com\/portal\/wp-json\/wp\/v2\/posts"}],"about":[{"href":"https:\/\/www.elamazonico.com\/portal\/wp-json\/wp\/v2\/types\/post"}],"author":[{"embeddable":true,"href":"https:\/\/www.elamazonico.com\/portal\/wp-json\/wp\/v2\/users\/1"}],"replies":[{"embeddable":true,"href":"https:\/\/www.elamazonico.com\/portal\/wp-json\/wp\/v2\/comments?post=27958"}],"version-history":[{"count":1,"href":"https:\/\/www.elamazonico.com\/portal\/wp-json\/wp\/v2\/posts\/27958\/revisions"}],"predecessor-version":[{"id":27965,"href":"https:\/\/www.elamazonico.com\/portal\/wp-json\/wp\/v2\/posts\/27958\/revisions\/27965"}],"wp:featuredmedia":[{"embeddable":true,"href":"https:\/\/www.elamazonico.com\/portal\/wp-json\/wp\/v2\/media\/27964"}],"wp:attachment":[{"href":"https:\/\/www.elamazonico.com\/portal\/wp-json\/wp\/v2\/media?parent=27958"}],"wp:term":[{"taxonomy":"category","embeddable":true,"href":"https:\/\/www.elamazonico.com\/portal\/wp-json\/wp\/v2\/categories?post=27958"},{"taxonomy":"post_tag","embeddable":true,"href":"https:\/\/www.elamazonico.com\/portal\/wp-json\/wp\/v2\/tags?post=27958"}],"curies":[{"name":"wp","href":"https:\/\/api.w.org\/{rel}","templated":true}]}}