{"id":27949,"date":"2025-12-03T06:02:08","date_gmt":"2025-12-03T11:02:08","guid":{"rendered":"https:\/\/www.elamazonico.com\/portal\/?p=27949"},"modified":"2025-12-03T06:02:08","modified_gmt":"2025-12-03T11:02:08","slug":"unidad-educativa-fiscomisional-la-inmaculada-inicia-sus-fiestas-patronales-2025-2026-con-un-emotivo-pregon","status":"publish","type":"post","link":"https:\/\/www.elamazonico.com\/portal\/unidad-educativa-fiscomisional-la-inmaculada-inicia-sus-fiestas-patronales-2025-2026-con-un-emotivo-pregon\/","title":{"rendered":"Unidad Educativa Fiscomisional La Inmaculada inicia sus Fiestas Patronales 2025-2026 con un emotivo preg\u00f3n"},"content":{"rendered":"<p>El lunes 1 de diciembre, la Unidad Educativa Fiscomisional La Inmaculada dio inicio oficial a las Fiestas Patronales La Inmaculada 2025-2026, celebraciones tradicionales en honor a la Virgen Mar\u00eda Inmaculada. La apertura estuvo marcada por el Preg\u00f3n de Fiestas, un recorrido lleno de alegr\u00eda y devoci\u00f3n por las principales calles del cant\u00f3n Zamora.<\/p>\n<p>La comunidad educativa se integr\u00f3 activamente. Ni\u00f1os, ni\u00f1as y j\u00f3venes de todos los paralelos participaron con vestimentas alusivas a la celebraci\u00f3n, destacando atuendos de \u00e1ngeles y representaciones de Mar\u00eda, adem\u00e1s, del uso de coloridos globos que embellecieron la caminata. El acompa\u00f1amiento de docentes y padres de familia fortaleci\u00f3 el esp\u00edritu comunitario que caracteriza estas festividades.<\/p>\n<p>La jornada concluy\u00f3 con una presentaci\u00f3n de danzas, donde se evidenci\u00f3 el compromiso art\u00edstico y cultural de los estudiantes. Este acto final llen\u00f3 de color, m\u00fasica y emoci\u00f3n a los asistentes, reafirmando la importancia de mantener vivas las tradiciones religiosas y culturales de la instituci\u00f3n.<\/p>\n<p>Con este significativo preg\u00f3n, la Unidad Educativa Fiscomisional La Inmaculada da inicio a un ciclo festivo que continuar\u00e1 con diversas actividades en honor a la Virgen Mar\u00eda Inmaculada, fortaleciendo la fe y la identidad comunitaria.<\/p>\n","protected":false},"excerpt":{"rendered":"<p>El lunes 1 de diciembre, la Unidad Educativa Fiscomisional La Inmaculada dio inicio oficial a las Fiestas Patronales La Inmaculada 2025-2026, celebraciones tradicionales en honor a la Virgen Mar\u00eda Inmaculada. La apertura estuvo marcada por el Preg\u00f3n de Fiestas, un recorrido lleno de alegr\u00eda y devoci\u00f3n por las principales calles del cant\u00f3n Zamora. La comunidad educativa se integr\u00f3 activamente. Ni\u00f1os, ni\u00f1as y j\u00f3venes de todos los paralelos participaron con vestimentas alusivas a la celebraci\u00f3n, destacando atuendos de \u00e1ngeles y representaciones de Mar\u00eda, adem\u00e1s, del uso de coloridos globos que embellecieron la caminata. El acompa\u00f1amiento de docentes y padres de familia fortaleci\u00f3 el esp\u00edritu comunitario que caracteriza estas festividades. La jornada concluy\u00f3 con una presentaci\u00f3n de danzas, donde se evidenci\u00f3 el compromiso art\u00edstico y cultural de los estudiantes. Este acto final llen\u00f3 de color, m\u00fasica y emoci\u00f3n a los asistentes, reafirmando la importancia de mantener vivas las tradiciones religiosas y culturales de la instituci\u00f3n. Con este significativo preg\u00f3n, la Unidad Educativa Fiscomisional La Inmaculada da inicio a un ciclo festivo que continuar\u00e1 con diversas actividades en honor a la Virgen Mar\u00eda Inmaculada, fortaleciendo la fe y la identidad comunitaria.<\/p>\n","protected":false},"author":1,"featured_media":27950,"comment_status":"closed","ping_status":"closed","sticky":false,"template":"","format":"standard","meta":{"footnotes":""},"categories":[243],"tags":[],"class_list":["post-27949","post","type-post","status-publish","format-standard","has-post-thumbnail","hentry","category-noticias-zamora"],"_links":{"self":[{"href":"https:\/\/www.elamazonico.com\/portal\/wp-json\/wp\/v2\/posts\/27949","targetHints":{"allow":["GET"]}}],"collection":[{"href":"https:\/\/www.elamazonico.com\/portal\/wp-json\/wp\/v2\/posts"}],"about":[{"href":"https:\/\/www.elamazonico.com\/portal\/wp-json\/wp\/v2\/types\/post"}],"author":[{"embeddable":true,"href":"https:\/\/www.elamazonico.com\/portal\/wp-json\/wp\/v2\/users\/1"}],"replies":[{"embeddable":true,"href":"https:\/\/www.elamazonico.com\/portal\/wp-json\/wp\/v2\/comments?post=27949"}],"version-history":[{"count":1,"href":"https:\/\/www.elamazonico.com\/portal\/wp-json\/wp\/v2\/posts\/27949\/revisions"}],"predecessor-version":[{"id":27951,"href":"https:\/\/www.elamazonico.com\/portal\/wp-json\/wp\/v2\/posts\/27949\/revisions\/27951"}],"wp:featuredmedia":[{"embeddable":true,"href":"https:\/\/www.elamazonico.com\/portal\/wp-json\/wp\/v2\/media\/27950"}],"wp:attachment":[{"href":"https:\/\/www.elamazonico.com\/portal\/wp-json\/wp\/v2\/media?parent=27949"}],"wp:term":[{"taxonomy":"category","embeddable":true,"href":"https:\/\/www.elamazonico.com\/portal\/wp-json\/wp\/v2\/categories?post=27949"},{"taxonomy":"post_tag","embeddable":true,"href":"https:\/\/www.elamazonico.com\/portal\/wp-json\/wp\/v2\/tags?post=27949"}],"curies":[{"name":"wp","href":"https:\/\/api.w.org\/{rel}","templated":true}]}}